{"id":59469,"date":"2022-05-02T15:34:34","date_gmt":"2022-05-02T15:34:34","guid":{"rendered":"http:\/\/enolife.com.ar\/es\/?p=59469"},"modified":"2022-05-05T14:34:48","modified_gmt":"2022-05-05T14:34:48","slug":"al-costo-de-1-218-millones-solo-una-empresa-se-intereso-en-construir-la-bodega-estatal-pampeana","status":"publish","type":"post","link":"https:\/\/enolife.com.ar\/es\/al-costo-de-1-218-millones-solo-una-empresa-se-intereso-en-construir-la-bodega-estatal-pampeana\/","title":{"rendered":"Al costo de $1.218 millones, s\u00f3lo una empresa se interes\u00f3 en construir la bodega estatal pampeana"},"content":{"rendered":"\n<h4 class=\"wp-block-heading\"><em><strong>El ambicioso proyecto del gobierno de La Pampa de tener su propia empresa elaboradora de las uvas de la regi\u00f3n de Casa de Piedra y zonas aleda\u00f1as al r\u00edo Colorado, sigue en veremos. Es que en la licitaci\u00f3n p\u00fablica, cerrada el 20\/4\/22, se present\u00f3 solamente una Uni\u00f3n Transitoria de Empresas (UTE) que presupuest\u00f3 una cifra superior en 28% al presupuesto oficial. A\u00fan no hay fecha del comienzo de obra, porque el gobierno pampeano estudia si aceptar esa oferta o llamar a una nueva licitaci\u00f3n. A continuaci\u00f3n, replicamos la nota del Diario de La Pampa que reporta y analiza el tema.<\/strong><\/em><\/h4>\n\n\n\n<div style=\"height:28px\" aria-hidden=\"true\" class=\"wp-block-spacer\"><\/div>\n\n\n<a href=\"https:\/\/jmzeballos.com\/\" aria-label=\"PUBLICIDAD ENOLIFE 2023_OENO OVOID 1700 x 500\"><img loading=\"lazy\" decoding=\"async\" src=\"https:\/\/enolife.com.ar\/es\/wp-content\/uploads\/2020\/12\/PUBLICIDAD-ENOLIFE-2023_OENO-OVOID-1700-x-500.jpg\" alt=\"\"  srcset=\"https:\/\/enolife.com.ar\/es\/wp-content\/uploads\/2020\/12\/PUBLICIDAD-ENOLIFE-2023_OENO-OVOID-1700-x-500.jpg 1700w, https:\/\/enolife.com.ar\/es\/wp-content\/uploads\/2020\/12\/PUBLICIDAD-ENOLIFE-2023_OENO-OVOID-1700-x-500-300x88.jpg 300w, https:\/\/enolife.com.ar\/es\/wp-content\/uploads\/2020\/12\/PUBLICIDAD-ENOLIFE-2023_OENO-OVOID-1700-x-500-1024x301.jpg 1024w, https:\/\/enolife.com.ar\/es\/wp-content\/uploads\/2020\/12\/PUBLICIDAD-ENOLIFE-2023_OENO-OVOID-1700-x-500-768x226.jpg 768w, https:\/\/enolife.com.ar\/es\/wp-content\/uploads\/2020\/12\/PUBLICIDAD-ENOLIFE-2023_OENO-OVOID-1700-x-500-1536x452.jpg 1536w, https:\/\/enolife.com.ar\/es\/wp-content\/uploads\/2020\/12\/PUBLICIDAD-ENOLIFE-2023_OENO-OVOID-1700-x-500-1170x344.jpg 1170w, https:\/\/enolife.com.ar\/es\/wp-content\/uploads\/2020\/12\/PUBLICIDAD-ENOLIFE-2023_OENO-OVOID-1700-x-500-585x172.jpg 585w\" sizes=\"auto, (max-width: 1700px) 100vw, 1700px\" width=\"1700\" height=\"500\"   \/><\/a>\n\n\n<div style=\"height:46px\" aria-hidden=\"true\" class=\"wp-block-spacer\"><\/div>\n\n\n\n<p>\u00abSe llev\u00f3 adelante el mi\u00e9rcoles 20 de abril, en la sede de Vialidad Provincial de La Pampa, la licitaci\u00f3n p\u00fablica para construir el edificio de <strong>Bodega y Planta de procesamiento de la vid en Villa Casa de Piedra.<\/strong> La empresa oferente cotiz\u00f3 un 28% por encima del presupuesto oficial original, que era de $990.000.000.<\/p>\n\n\n\n<p>\u00abEn la licitaci\u00f3n de la primera bodega boutique de la provincia se present\u00f3 una sola oferta, de la&nbsp;<strong>Uni\u00f3n Transitoria de Empresas (UTE) conformada por Ecop Construcciones S.R.L e IACO Construcciones S.A.<\/strong>, por la suma de <strong>$1.218.038.202,36.<\/strong> Esa propuesta representa&nbsp; un aumento del 28,70% por sobre el presupuesto oficial. Los trabajos se realizar\u00edan en 450 d\u00edas corridos.<\/p>\n\n\n\n<p>\u00ab<strong>Fernando Peirone,<\/strong> ingeniero civil y representante de la UTE, se refiri\u00f3 al desaf\u00edo que presenta la obra en cuesti\u00f3n. <em>&#8216;Es muy importante para la Provincia y para nosotros, est\u00e1bamos muy esperanzados. Es un pliego de obra muy completo, con 2200 metros cuadrados de construcci\u00f3n bajo el sistema de steel framing, estructura met\u00e1lica, hormig\u00f3n entre otras&#8217;<\/em>, indic\u00f3.<\/p>\n\n\n\n<p>\u00abEn relaci\u00f3n a la \u00fanica oferta por parte de las empresas constructoras, Peirone se mostr\u00f3 sorprendido: &#8216;<em>Llegamos pensando que \u00edbamos a ser varios&#8217;<\/em>, manifest\u00f3.<\/p>\n\n\n\n<p>\u00abEn referencia a las caracter\u00edsticas de la obra a realizar para la producci\u00f3n de vinos, el representante de la UTE se\u00f1al\u00f3: &#8216;<em>Se trata de equipamientos importados, es por eso que se hace en dos partes, por un lado en pesos y por otro en d\u00f3lares. Contamos con proveedores de equipamientos importados pero con mano de obra local. El comienzo de obra depende de la adjudicaci\u00f3n de obra y se estima que genere mano de obra de entre 40 a 50 personas&#8217;.<\/em><\/p>\n\n\n\n<p>\u00abLos 2.200 metros cuadrados del complejo estar\u00e1n ubicados en el <strong>norte de Villa Casa de Piedra<\/strong>, el pueblo m\u00e1s joven de La Pampa, a la vera de la Ruta provincial N\u00ba 34, en un sector plano a lo alto de la barda, aprovechando la topograf\u00eda del lugar con vistas al lago. El ministro de Obras y Servicios P\u00fablicos, <strong>Julio Rojo<\/strong> encabez\u00f3 el acto de apertura de sobres, acompa\u00f1ado por el subsecretario del \u00e1rea, <strong>Alfredo Intronati<\/strong> y el director de Obras P\u00fablicas, <strong>Sergio Meli\u00e1n<\/strong>.<\/p>\n\n\n\n<div style=\"height:20px\" aria-hidden=\"true\" class=\"wp-block-spacer\"><\/div>\n\n\n\n<div class=\"wp-block-image\"><figure class=\"aligncenter size-large is-resized\"><img loading=\"lazy\" decoding=\"async\" src=\"https:\/\/enolife.com.ar\/es\/wp-content\/uploads\/2022\/05\/El-ministro-de-Obras-y-Servicios-P\u00fablicos-Julio-Rojo-encabez\u00f3-el-acto-de-apertura-de-sobres-acompa\u00f1ado-por-el-subsecretario-del-\u00e1rea-Alfredo-Intronati-y-el-director-de-Obras-P\u00fablicas-Sergio-Meli\u00e1n..jpg\" alt=\"\" class=\"wp-image-60530\" width=\"554\" height=\"369\" srcset=\"https:\/\/enolife.com.ar\/es\/wp-content\/uploads\/2022\/05\/El-ministro-de-Obras-y-Servicios-P\u00fablicos-Julio-Rojo-encabez\u00f3-el-acto-de-apertura-de-sobres-acompa\u00f1ado-por-el-subsecretario-del-\u00e1rea-Alfredo-Intronati-y-el-director-de-Obras-P\u00fablicas-Sergio-Meli\u00e1n..jpg 768w, https:\/\/enolife.com.ar\/es\/wp-content\/uploads\/2022\/05\/El-ministro-de-Obras-y-Servicios-P\u00fablicos-Julio-Rojo-encabez\u00f3-el-acto-de-apertura-de-sobres-acompa\u00f1ado-por-el-subsecretario-del-\u00e1rea-Alfredo-Intronati-y-el-director-de-Obras-P\u00fablicas-Sergio-Meli\u00e1n.-300x200.jpg 300w, https:\/\/enolife.com.ar\/es\/wp-content\/uploads\/2022\/05\/El-ministro-de-Obras-y-Servicios-P\u00fablicos-Julio-Rojo-encabez\u00f3-el-acto-de-apertura-de-sobres-acompa\u00f1ado-por-el-subsecretario-del-\u00e1rea-Alfredo-Intronati-y-el-director-de-Obras-P\u00fablicas-Sergio-Meli\u00e1n.-585x390.jpg 585w\" sizes=\"auto, (max-width: 554px) 100vw, 554px\" \/><figcaption><em><strong>Julio Rojo, ministro de Obras y Servicios P\u00fablicos &#8211; Alfredo Intronati, subsecretario del \u00e1rea,  y Sergio Meli\u00e1n,  director de Obras P\u00fablicas.<\/strong><\/em><\/figcaption><\/figure><\/div>\n\n\n\n<div style=\"height:20px\" aria-hidden=\"true\" class=\"wp-block-spacer\"><\/div>\n\n\n\n<p class=\"has-medium-font-size\"><strong>Una obra significativa<\/strong><\/p>\n\n\n\n<p>\u00abRojo, en di\u00e1logo con la Agencia Provincial de Noticias, precis\u00f3 que esta licitaci\u00f3n es muy significativa para el crecimiento de la Provincia: <em>&#8216;Se est\u00e1 licitando una obra que corresponde al \u00e1rea productiva. En la zona de Villa Casa de Piedra, desde que se iniciaron los trabajos all\u00ed y despu\u00e9s la ampliaci\u00f3n en la zona productiva, que es otro de los ejes fundamentales que lleva este emprendimiento&#8217;<\/em>.<\/p>\n\n\n\n<p>\u00abDestac\u00f3 Rojo que&nbsp;&#8216;<em>la Provincia realiz\u00f3 inversiones a trav\u00e9s del Ente Provincial del R\u00edo Colorado, donde tambi\u00e9n intervinieron otros organismos del Estado para poder poner en condiciones 10.000 hect\u00e1reas a fin de desarrollar un polo productivo, que genere una fuente de trabajo y un lugar de crecimiento propio, que le dar\u00e1 a la Provincia una posibilidad de crecimiento importante y at\u00edpica,&nbsp;para lo que es la actividad secundaria que en este caso ser\u00e1 la elaboraci\u00f3n de los vinos\u201d<\/em>.<\/p>\n\n\n\n<div style=\"height:20px\" aria-hidden=\"true\" class=\"wp-block-spacer\"><\/div>\n\n\n\n<div class=\"wp-block-image\"><figure class=\"aligncenter is-resized\"><img loading=\"lazy\" decoding=\"async\" src=\"https:\/\/enolife.com.ar\/es\/wp-content\/uploads\/2022\/03\/bodega-casa-de-piedra-eprc.jpg\" alt=\"\" width=\"544\" height=\"279\"\/><figcaption><em><strong>Render de la fachada de la bodega<\/strong><\/em><\/figcaption><\/figure><\/div>\n\n\n\n<div style=\"height:20px\" aria-hidden=\"true\" class=\"wp-block-spacer\"><\/div>\n\n\n\n<p>Este edificio de 2.200 metros cuadrados, asegur\u00f3 Rojo, <em>&#8216;albergar\u00e1 toda la actividad de elaboraci\u00f3n de una materia prima como es la uva.&nbsp;Tenemos dentro de la zona ribere\u00f1a, en Casa de Piedra, en Gobernador Duval y en parte de 25 de Mayo y zona, que con el aporte del r\u00edo Colorado nos permite este tipo de actividad. Las condiciones del clima, el suelo y sanitarias, despert\u00f3 un inter\u00e9s de algunas empresas importantes de las provincias aleda\u00f1as, que comenzaron a invertir. La Provincia ampli\u00f3 la zona de riego y est\u00e1 con proyectos nuevos para tener otras obras de toma y poder dar respuesta a las necesidades y requisitos de cada una de estas firmas que son productoras de uvas de calidad<\/em>&#8216;.<\/p>\n\n\n\n<p>\u00ab&#8216;<em>Desde la producci\u00f3n<\/em> -continu\u00f3 el ministro de Obras P\u00fablicas- <em>se cerrar\u00eda el ciclo de lo que hoy se est\u00e1 elaborando en otros lugares, a poder desarrollar todo el proceso en la provincia de La Pampa, lo que&nbsp;<strong>permitir\u00e1 sacar un producto terminado que tendr\u00e1 una denominaci\u00f3n de origen como vinos pampeanos. Tambi\u00e9n estar\u00e1 la posibilidad de crecimiento con un producto que nos identifique&#8217;.<\/strong><\/em><\/p>\n\n\n\n<p>\u00abRojo afirm\u00f3 que esta construcci\u00f3n ser\u00eda &#8216;<em>de primera l\u00ednea, con materiales importados en cerramientos, tambi\u00e9n construcci\u00f3n tradicional. En la parte de la elaboraci\u00f3n, productos exteriores como aceros inoxidables, n\u00edquel, etc. que hace al equipamiento propio contemplado en esta obra&#8217;.<\/em><\/p>\n\n\n\n<div style=\"height:20px\" aria-hidden=\"true\" class=\"wp-block-spacer\"><\/div>\n\n\n\n<p class=\"has-background has-luminous-vivid-amber-background-color\"><strong>Ver nota Enolife del 13\/3\/22: \u00ab<a href=\"https:\/\/enolife.com.ar\/es\/fuerte-apuesta-de-la-pampa-construira-una-bodega-estatal-con-996-m-para-hacer-su-propio-vino\/\">Fuerte apuesta de La Pampa: construir\u00e1 una bodega estatal con $996 M para hacer su propio vino<\/a>\u00ab<\/strong><\/p>\n\n\n\n<div style=\"height:20px\" aria-hidden=\"true\" class=\"wp-block-spacer\"><\/div>\n\n\n\n<p class=\"has-medium-font-size\"><strong>Un mercado atractivo<\/strong><\/p>\n\n\n\n<p>\u00ab&#8216;<em>Esta bodega nos permitir\u00e1 transitar y proyectar la trascendencia nacional e internacional. Esperamos que sea el principio de otras inversiones que permitan desarrollar a la zona y a la Provincia en su conjunto<\/em>&#8216;, dijo el funcionario.<\/p>\n\n\n\n<p>\u00abEl \u00e9xito en el desarrollo de la zona de producci\u00f3n ya no es novedad para la Provincia y, en ese aspecto, el ministro cit\u00f3 como ejemplo de&nbsp;la &#8216;explosi\u00f3n&#8217; productiva, con la decisi\u00f3n de la bodega <strong>Catena Zapata<\/strong> de pedir una ampliaci\u00f3n de la cantidad de hect\u00e1reas para ampliar su capacidad productiva, como as\u00ed tambi\u00e9n la intenci\u00f3n de empresas for\u00e1neas de aprovechar las condiciones climatol\u00f3gicas de la zona para potenciar la actividad vitivin\u00edcola.<\/p>\n\n\n\n<p>\u00ab&#8216;<em>Hay empresarios que vienen de Mendoza atra\u00eddos por lo que acontece en La Pampa en cuanto a la exitosa recepci\u00f3n que los vinos pampeanos est\u00e1n teniendo en mercados internacionales: ahora La Pampa estar\u00e1 preparada para cerrar el ciclo con la elaboraci\u00f3n de los vinos en la propia zona de plantaci\u00f3n<\/em>\u00ab, redonde\u00f3 Rojo.<\/p>\n\n\n\n<div style=\"height:20px\" aria-hidden=\"true\" class=\"wp-block-spacer\"><\/div>\n\n\n\n<p class=\"has-medium-font-size\"><strong>Los detalles de la obra<\/strong><\/p>\n\n\n\n<p>\u00abLos aproximadamente 2.200 metros cuadrados de la obra licitada se distribuyen en dos plantas, con dos accesos claramente diferenciados, uno principal para el p\u00fablico general y quien decide realizar una visita a la bodega y el complejo, compuesto por hall de acceso, escalera y ascensor, y un acceso de servicio, para todo el personal.<\/p>\n\n\n\n<p>\u00abEn planta baja se desarrollar\u00e1 el \u00e1rea descarga de uvas, procesamiento, de alta tecnolog\u00eda, con sus dependencias de apoyo t\u00e9cnico, enfriado, fermentaci\u00f3n, laboratorio y una amplia sala de barricas. En planta alta un sector destinado a la cata con vistas al lago y sala de estar para los visitantes, m\u00e1s el \u00e1rea administrativa y gerencia.<\/p>\n\n\n\n<p>\u00abTendr\u00e1 accesos vehiculares diferenciados de servicio y para el p\u00fablico que permiten el recorrido por toda la planta. El complejo se completa con una vivienda para el encargado. Los espacios exteriores se resuelven con manto vegetal, riego por aspersi\u00f3n y plantaci\u00f3n de especies nativas.<\/p>\n\n\n\n<p>\u00abEl sistema constructivo propuesto para la materializaci\u00f3n es mixto, combina estructura de soporte (fundaciones) de hormig\u00f3n armado y un sistema constructivo en seco tipo steel framing para el resto del edificio.<\/p>\n\n\n\n<div style=\"height:29px\" aria-hidden=\"true\" class=\"wp-block-spacer\"><\/div>\n\n\n\n<p class=\"has-small-font-size\"><em><strong>Fuente: https:\/\/www.eldiariodelapampa.com.ar<\/strong><\/em><\/p>\n\n\n\n<div style=\"height:33px\" aria-hidden=\"true\" class=\"wp-block-spacer\"><\/div>\n","protected":false},"excerpt":{"rendered":"<p>El ambicioso proyecto del gobierno de La Pampa de tener su propia empresa elaboradora de&hellip;<\/p>\n","protected":false},"author":3,"featured_media":60533,"comment_status":"open","ping_status":"open","sticky":false,"template":"","format":"standard","meta":{"footnotes":""},"categories":[14],"tags":[],"class_list":["post-59469","post","type-post","status-publish","format-standard","has-post-thumbnail","hentry","category-news"],"_links":{"self":[{"href":"https:\/\/enolife.com.ar\/es\/wp-json\/wp\/v2\/posts\/59469","targetHints":{"allow":["GET"]}}],"collection":[{"href":"https:\/\/enolife.com.ar\/es\/wp-json\/wp\/v2\/posts"}],"about":[{"href":"https:\/\/enolife.com.ar\/es\/wp-json\/wp\/v2\/types\/post"}],"author":[{"embeddable":true,"href":"https:\/\/enolife.com.ar\/es\/wp-json\/wp\/v2\/users\/3"}],"replies":[{"embeddable":true,"href":"https:\/\/enolife.com.ar\/es\/wp-json\/wp\/v2\/comments?post=59469"}],"version-history":[{"count":0,"href":"https:\/\/enolife.com.ar\/es\/wp-json\/wp\/v2\/posts\/59469\/revisions"}],"wp:featuredmedia":[{"embeddable":true,"href":"https:\/\/enolife.com.ar\/es\/wp-json\/wp\/v2\/media\/60533"}],"wp:attachment":[{"href":"https:\/\/enolife.com.ar\/es\/wp-json\/wp\/v2\/media?parent=59469"}],"wp:term":[{"taxonomy":"category","embeddable":true,"href":"https:\/\/enolife.com.ar\/es\/wp-json\/wp\/v2\/categories?post=59469"},{"taxonomy":"post_tag","embeddable":true,"href":"https:\/\/enolife.com.ar\/es\/wp-json\/wp\/v2\/tags?post=59469"}],"curies":[{"name":"wp","href":"https:\/\/api.w.org\/{rel}","templated":true}]}}