{"id":59467,"date":"2022-04-21T17:01:49","date_gmt":"2022-04-21T17:01:49","guid":{"rendered":"http:\/\/enolife.com.ar\/es\/?p=59467"},"modified":"2022-04-23T14:11:15","modified_gmt":"2022-04-23T14:11:15","slug":"el-nuevo-presidente-de-promendoza-es-olivicultor-y-titular-de-la-federacion-economica-local","status":"publish","type":"post","link":"https:\/\/enolife.com.ar\/es\/el-nuevo-presidente-de-promendoza-es-olivicultor-y-titular-de-la-federacion-economica-local\/","title":{"rendered":"El nuevo presidente de ProMendoza es olivicultor y titular de la Federaci\u00f3n Econ\u00f3mica local"},"content":{"rendered":"\n<h4 class=\"wp-block-heading\"><em><strong>Como establece el reglamento interno, ProMendoza -la agencia estatal de promoci\u00f3n de las exportaciones de la provincia- renov\u00f3 sus autoridades, que tienen mandato por un a\u00f1o. El nuevo titular electo es Alfredo Cecchi (69), un hombre oriundo de San Carlos, Mendoza, de vasta trayectoria en el empresariado mendocino y con marcado inter\u00e9s en la olivicultura: preside la Asociaci\u00f3n Oliv\u00edcola de Mendoza (Asolmen), Aceites del Valle Trading SA y administra una empresa aceitunera chilena. Reemplaza en el cargo a Enrique Vaqui\u00e9, actual ministro de Econom\u00eda de Mendoza, quien queda como vicepresidente 1\u00b0. En la gerencia general operativa de ProMendoza contin\u00faa el contador Mario Lazzaro.<\/strong><\/em><\/h4>\n\n\n\n<div style=\"height:28px\" aria-hidden=\"true\" class=\"wp-block-spacer\"><\/div>\n\n\n\n\n\n<div style=\"height:52px\" aria-hidden=\"true\" class=\"wp-block-spacer\"><\/div>\n\n\n\n<p>Como cada a\u00f1o, se realiz\u00f3 el cambio de autoridades de ProMendoza y asumi\u00f3 el cargo de presidente <strong>Alfredo Cecchi<\/strong>, autoridad m\u00e1xima de la Federaci\u00f3n Econ\u00f3mica de Mendoza e integrante del Consejo Directivo de la Confederaci\u00f3n Argentina de Mediana Empresa.<\/p>\n\n\n\n<p>Cecchi, adem\u00e1s, es presidente de la Federaci\u00f3n Argentina de Parques Industriales y de Parques y Zonas Industriales de Mendoza (Pazim). Forma parte de la Asociaci\u00f3n Industrial de San Carlos y participa de la actividad oliv\u00edcola con Aceites del Valle Trading SA, ubicada en la zona industrial de ese departamento. Es director de la Asociaci\u00f3n Oliv\u00edcola de Mendoza (Asolmen) y administra una empresa chilena dedicada al rubro de la aceituna.<\/p>\n\n\n\n<div style=\"height:20px\" aria-hidden=\"true\" class=\"wp-block-spacer\"><\/div>\n\n\n\n<blockquote class=\"wp-block-quote is-layout-flow wp-block-quote-is-layout-flow\"><p>Vamos a tener que trabajar mucho para ubicarnos en este nuevo escenario global de oferta y demanda, con crisis de transporte y aumento de costos casi insostenibles\u00bb<\/p><cite>Alfredo Cecchi, nuevo presidente de ProMendoza<\/cite><\/blockquote>\n\n\n\n<div style=\"height:20px\" aria-hidden=\"true\" class=\"wp-block-spacer\"><\/div>\n\n\n\n<p>Luego de su asunci\u00f3n, el flamante presidente destac\u00f3 que&nbsp;<em>\u00abser\u00e1 un a\u00f1o decisivo para las exportaciones y fundamentalmente para las econom\u00edas regionales. Imagino doce meses muy intensos, despu\u00e9s de una ca\u00edda importante de las exportaciones, producida por la crisis de los contenedores, el transporte internacional y un cambio en los mercados mundiales\u00bb.<\/em><\/p>\n\n\n\n<p>Y ampli\u00f3 el nuevo titular de la entidad: <em>\u00abVamos a tener que trabajar mucho para ubicarnos en este nuevo escenario de oferta y demanda, provocado por la crisis del transporte y por el bajo tr\u00e1nsito mar\u00edtimo, con aumentos de costos casi insostenibles. Trabajaremos con todo el apoyo de CAME, por eso nos acompa\u00f1a su secretario general, Ricardo Diab, apoyando nuestra gesti\u00f3n firmemente, y esta posibilidad que tenemos cada 4 a\u00f1os de presidir la Fundaci\u00f3n ProMendoza\u00bb<\/em>.<\/p>\n\n\n\n<div style=\"height:20px\" aria-hidden=\"true\" class=\"wp-block-spacer\"><\/div>\n\n\n\n<p class=\"has-background has-very-light-gray-background-color\">La Fundaci\u00f3n ProMendoza es un organismo mixto conformado por el Gobierno de la provincia, la Uni\u00f3n Comercial e Industrial de Mendoza, la Federaci\u00f3n Econ\u00f3mica de Mendoza y la Bolsa de Comercio de Mendoza, y prev\u00e9 en su estatuto el cambio anual de autoridades, con rotaci\u00f3n del Ministro Econom\u00eda y Energ\u00eda y de los presidentes de cada una de las instituciones privadas.<\/p>\n\n\n\n<div style=\"height:20px\" aria-hidden=\"true\" class=\"wp-block-spacer\"><\/div>\n\n\n\n<p>Por su parte, <strong>Ricardo Diab<\/strong>, que adem\u00e1s de su funci\u00f3n en CAME, es c\u00f3nsul Honorario de Brasil, expres\u00f3 que, desde su organismo, <em>\u00abacompa\u00f1aremos las iniciativas de ProMendoza, fundamentalmente en las relaciones con Brasil, con acuerdos que ya est\u00e1n vigentes, con una agenda de actividades que ya est\u00e1n programadas, presentando Argentina en el pa\u00eds vecino y facilitando los negocios entre ambos estados\u00bb<\/em>.<\/p>\n\n\n\n<div style=\"height:34px\" aria-hidden=\"true\" class=\"wp-block-spacer\"><\/div>\n\n\n\n<p class=\"has-medium-font-size\"><strong>El nuevo Consejo de Administraci\u00f3n de la Fundaci\u00f3n ProMendoza<\/strong><\/p>\n\n\n\n<p><br>\u2022&nbsp;&nbsp;Presidente: <strong>Alfredo Cecchi<\/strong>, por la Federaci\u00f3n Econ\u00f3mica de Mendoza (FEM)<br>\u2022&nbsp; Vicepresidente 1\u00ba: <strong>Enrique Andr\u00e9s Vaqui\u00e9<\/strong>, por el Gobierno de Mendoza&nbsp;<br>\u2022&nbsp; Vicepresidente 2\u00ba: <strong>Daniel Ariosto<\/strong>, por la Unic\u00f3n Comercial e Industrial de Mendoza (UCIM)<br>\u2022&nbsp; Vicepresidente&nbsp; 3\u00ba: <strong>Luis Abrego<\/strong>, por la Bolsa de Comercio de Mendoza<br>\u2022&nbsp; Secretario general: <strong>Luis Steindl<\/strong>, por la Bolsa de Comercio de Mendoza<br>\u2022&nbsp; Tesorero:&nbsp;<strong>Juan Enrique Viciana<\/strong>, por la UCIM<br>\u2022&nbsp; &nbsp;Protesorero: Marcelo Daniel Japaz, por el Gobierno de Mendoza<br>\u2022&nbsp; &nbsp;Vocal: <strong>Graciela Rovera<\/strong>, por la FEM<br>\u2022&nbsp; &nbsp;Gerente general: <strong>Mario Lazzaro<\/strong><\/p>\n\n\n\n<div style=\"height:58px\" aria-hidden=\"true\" class=\"wp-block-spacer\"><\/div>\n","protected":false},"excerpt":{"rendered":"<p>Como establece el reglamento interno, ProMendoza -la agencia estatal de promoci\u00f3n de las exportaciones de&hellip;<\/p>\n","protected":false},"author":3,"featured_media":59549,"comment_status":"open","ping_status":"open","sticky":false,"template":"","format":"standard","meta":{"footnotes":""},"categories":[14],"tags":[],"class_list":["post-59467","post","type-post","status-publish","format-standard","has-post-thumbnail","hentry","category-news"],"_links":{"self":[{"href":"https:\/\/enolife.com.ar\/es\/wp-json\/wp\/v2\/posts\/59467","targetHints":{"allow":["GET"]}}],"collection":[{"href":"https:\/\/enolife.com.ar\/es\/wp-json\/wp\/v2\/posts"}],"about":[{"href":"https:\/\/enolife.com.ar\/es\/wp-json\/wp\/v2\/types\/post"}],"author":[{"embeddable":true,"href":"https:\/\/enolife.com.ar\/es\/wp-json\/wp\/v2\/users\/3"}],"replies":[{"embeddable":true,"href":"https:\/\/enolife.com.ar\/es\/wp-json\/wp\/v2\/comments?post=59467"}],"version-history":[{"count":0,"href":"https:\/\/enolife.com.ar\/es\/wp-json\/wp\/v2\/posts\/59467\/revisions"}],"wp:featuredmedia":[{"embeddable":true,"href":"https:\/\/enolife.com.ar\/es\/wp-json\/wp\/v2\/media\/59549"}],"wp:attachment":[{"href":"https:\/\/enolife.com.ar\/es\/wp-json\/wp\/v2\/media?parent=59467"}],"wp:term":[{"taxonomy":"category","embeddable":true,"href":"https:\/\/enolife.com.ar\/es\/wp-json\/wp\/v2\/categories?post=59467"},{"taxonomy":"post_tag","embeddable":true,"href":"https:\/\/enolife.com.ar\/es\/wp-json\/wp\/v2\/tags?post=59467"}],"curies":[{"name":"wp","href":"https:\/\/api.w.org\/{rel}","templated":true}]}}