{"id":59396,"date":"2022-04-20T18:25:39","date_gmt":"2022-04-20T18:25:39","guid":{"rendered":"http:\/\/enolife.com.ar\/es\/?p=59396"},"modified":"2022-04-25T23:00:59","modified_gmt":"2022-04-25T23:00:59","slug":"cuales-son-las-mejores-variedades-de-vid-para-hacer-mosto","status":"publish","type":"post","link":"https:\/\/enolife.com.ar\/es\/cuales-son-las-mejores-variedades-de-vid-para-hacer-mosto\/","title":{"rendered":"\u00bfCu\u00e1les son las mejores variedades de vid para hacer mosto?"},"content":{"rendered":"\n<h4 class=\"wp-block-heading\"><em><strong>Frente a la creciente demanda global de uvas y mostos (jugos de uva) org\u00e1nicos, cada vez m\u00e1s los viticultores buscan mejorar la calidad de sus vides y plantar aquellas que ofrecen mayor rendimiento y, en consecuencia, mayor rentabilidad. Dentro de esta especializaci\u00f3n, lo que se viene est\u00e1 vinculado a las variedades m\u00e1s resistentes a factores adversos como las sequ\u00edas y el aumento de la temperatura global por el cambio clim\u00e1tico. <\/strong><\/em><\/h4>\n\n\n\n<hr class=\"wp-block-separator\"\/>\n\n\n\n<h4 class=\"wp-block-heading\"><em><strong>Vivero Mercier, una empresa de origen franc\u00e9s con plantas y producci\u00f3n en  Mendoza, investiga desde hace d\u00e9cadas las vides para mostos, as\u00ed como los portainjertos y clones que demuestran mejor adaptabilidad. En esta nota, el gerente de Mercier Argentina, ingeniero Daniel Bergam\u00edn, y la responsable del Departamento de I+D de Vivero Mercier, licenciada Laura Bree, nos brindan un panorama actualizado sobre el tema, as\u00ed como datos y sugerencias pr\u00e1cticas para los productores de mosto.<\/strong><\/em><\/h4>\n\n\n\n<div style=\"height:41px\" aria-hidden=\"true\" class=\"wp-block-spacer\"><\/div>\n\n\n\n\n\n<div style=\"height:50px\" aria-hidden=\"true\" class=\"wp-block-spacer\"><\/div>\n\n\n\n<p>Cuando se piensa la producci\u00f3n de uvas para mosto como un negocio capaz de proyectarse con rentabilidad, es necesario establecer sobre qu\u00e9 variables podremos influir para alcanzar los objetivos comerciales. Dif\u00edcilmente tengamos posibilidad de manejar el precio del mercado, con lo cual nos queda trabajar en: bajar los costos, aumentar los rendimientos o incrementar el valor de nuestro producto.<\/p>\n\n\n\n<div style=\"height:20px\" aria-hidden=\"true\" class=\"wp-block-spacer\"><\/div>\n\n\n\n<p class=\"has-medium-font-size\"><strong>\u00bfCu\u00e1les son los factores clave en el negocio de la uva para mosto?<\/strong><\/p>\n\n\n\n<ol class=\"wp-block-list\" type=\"1\"><li><strong>Sistema agroecol\u00f3gico<\/strong>: es todo lo relacionado con la interacci\u00f3n del suelo, el agua, el clima y el cultivo.<\/li><li><strong>Tecnolog\u00eda de manejo<\/strong>: sistema de conducci\u00f3n, sistema de poda, riego, labores, etc.<\/li><li><strong>Gen\u00e9tica de la vid<\/strong>: Tiene que ver con la variedad, clon o selecci\u00f3n y portainjerto y sus interacciones.<\/li><\/ol>\n\n\n\n<p>Conocer estos factores y abordarlos de manera integral contribuir\u00e1 a proyectar una actividad productiva rentable y exitosa.<\/p>\n\n\n\n<div style=\"height:20px\" aria-hidden=\"true\" class=\"wp-block-spacer\"><\/div>\n\n\n\n<p class=\"has-medium-font-size\"><strong>Gen\u00e9tica de la vid: materiales disponibles en Argentina<\/strong><\/p>\n\n\n\n<p>Al momento de proyectar un nuevo emprendimiento vit\u00edcola o de reconvertir antiguos vi\u00f1edos, con vistas a la producci\u00f3n de uvas para mosto, es importante comprender que una planta de vid es una unidad que va m\u00e1s all\u00e1 de la variedad. En la actualidad, ya se piensa en el clon o selecci\u00f3n masal y tambi\u00e9n en el portainjerto m\u00e1s adecuados a los objetivos del proyecto. &nbsp;<\/p>\n\n\n\n<p>Repasemos <strong>los<\/strong> <strong>tres elementos m\u00e1s importantes<\/strong> a tener en cuenta:<\/p>\n\n\n\n<p><strong>Variedad<\/strong>: Es una elecci\u00f3n fundamental y el aspecto central a observar es su capacidad de adaptaci\u00f3n al lugar donde vamos a desarrollar el cultivo. En este sentido, se debe analizar su fenolog\u00eda, el largo del ciclo, si es m\u00e1s o menos sensible a determinadas enfermedades y si puede adecuarse a los objetivos de producci\u00f3n proyectados.<\/p>\n\n\n\n<p><strong>Clon o selecci\u00f3n masal<\/strong>: Hoy la b\u00fasqueda va m\u00e1s all\u00e1 de la variedad, se piensa en un clon o selecci\u00f3n con capacidad de adaptaci\u00f3n al microclima, que se adec\u00fae a los objetivos de producci\u00f3n, con un determinado status sanitario e interactuando de manera \u00f3ptima con el portainjerto.<\/p>\n\n\n\n<p><strong>Portainjerto<\/strong>: Si en las definiciones se avanza hacia las plantas injertadas ser\u00e1 clave conocer las condiciones agroecol\u00f3gicas del lugar y, a partir de all\u00ed, elegir el portainjerto m\u00e1s adecuado.<\/p>\n\n\n\n<p>\u00ab<em>El pie americano es un mundo grande\u00bb,<\/em> simboliza el ingeniero <strong>Daniel Bergam\u00edn<\/strong>, gerente de producci\u00f3n de <strong>Vivero Mercier<\/strong>, en alusi\u00f3n a los m\u00e1s de 15 portainjertos disponibles en Argentina. <\/p>\n\n\n\n<p>\u00bfQu\u00e9 factores se tienen en cuenta en la elecci\u00f3n del portainjerto? El terru\u00f1o es la primera variable y otros factores relacionados son: vigor, compatibilidad, resistencia a filoxera y nem\u00e1todos, adaptabilidad a diversas condiciones de suelo, precocidad, longevidad.<\/p>\n\n\n\n<div style=\"height:20px\" aria-hidden=\"true\" class=\"wp-block-spacer\"><\/div>\n\n\n\n<div class=\"wp-block-image\"><figure class=\"aligncenter size-large is-resized\"><img loading=\"lazy\" decoding=\"async\" src=\"https:\/\/enolife.com.ar\/es\/wp-content\/uploads\/2022\/04\/277795275_4897571180360694_7713927807654172772_n.jpg\" alt=\"\" class=\"wp-image-59445\" width=\"555\" height=\"383\" srcset=\"https:\/\/enolife.com.ar\/es\/wp-content\/uploads\/2022\/04\/277795275_4897571180360694_7713927807654172772_n.jpg 1007w, https:\/\/enolife.com.ar\/es\/wp-content\/uploads\/2022\/04\/277795275_4897571180360694_7713927807654172772_n-300x207.jpg 300w, https:\/\/enolife.com.ar\/es\/wp-content\/uploads\/2022\/04\/277795275_4897571180360694_7713927807654172772_n-768x530.jpg 768w, https:\/\/enolife.com.ar\/es\/wp-content\/uploads\/2022\/04\/277795275_4897571180360694_7713927807654172772_n-585x404.jpg 585w\" sizes=\"auto, (max-width: 555px) 100vw, 555px\" \/><figcaption><em><strong>Daniel Bergam\u00edn y Laura Bree<\/strong><\/em><\/figcaption><\/figure><\/div>\n\n\n\n<div style=\"height:20px\" aria-hidden=\"true\" class=\"wp-block-spacer\"><\/div>\n\n\n\n<p class=\"has-medium-font-size\"><strong>Variedades no tradicionales y rendidoras para el jugo de uva<\/strong><\/p>\n\n\n\n<p>En Vivero Mercier se han estudiado numerosas variedades (clones y selecciones masales) que pueden ser destinadas a la producci\u00f3n de jugo de uva (mosto). \u00bfCu\u00e1les son? <strong>Pedro Ximenez, Moscatel de Alejandr\u00eda, Criolla, Cereza<\/strong>; entre las tradicionales. <\/p>\n\n\n\n<p>Y tambi\u00e9n \u00ab<em>se han evaluado otros cepajes como Marselan, Ancelotta, Patricia y Aconcagua, que tienen excelentes caracter\u00edsticas para la producci\u00f3n de mosto, ya sea concentrado o sulfitado o natural\u00bb<\/em>, explic\u00f3 la licenciada <strong>Laura Bree<\/strong>, responsable del <strong>Departamento de I+D de Vivero Mercier.<\/strong><\/p>\n\n\n\n<p>\u00bfQu\u00e9 caracter\u00edsticas distinguen a estas<strong> variedades no tradicionales<\/strong> en la producci\u00f3n de mosto?<\/p>\n\n\n\n<ol class=\"wp-block-list\" type=\"1\"><li><strong>Altos rendimientos<\/strong><\/li><li><strong>Buen potencial de acidez<\/strong><\/li><li><strong>Buena relaci\u00f3n uva\/mosto<\/strong><\/li><li><strong>En el caso de las blancas son bastante neutras.<\/strong><\/li><\/ol>\n\n\n\n<p>En estos a\u00f1os de estudio, se han obtenido interesantes conclusiones sobre estos cepajes menos difundidos.<\/p>\n\n\n\n<p>En el caso de <strong>Patricia selecci\u00f3n INTA\u00ae Rama Ca\u00edda<\/strong>, que el vivero estudia desde 2005, se la reconoce como una variedad \u00ab<em>muy vers\u00e1til, que en nuestra bodega la elaboramos como vino tranquilo y tambi\u00e9n como base para espumante. Tambi\u00e9n tuvimos la oportunidad de champanizarla y obtuvimos excelentes resultados\u00bb,<\/em> complet\u00f3 la licenciada Bree. <\/p>\n\n\n\n<div style=\"height:20px\" aria-hidden=\"true\" class=\"wp-block-spacer\"><\/div>\n\n\n\n<div class=\"wp-block-image\"><figure class=\"aligncenter size-large is-resized\"><img loading=\"lazy\" decoding=\"async\" src=\"https:\/\/enolife.com.ar\/es\/wp-content\/uploads\/2022\/04\/PATRICIA-DSC04753.jpg\" alt=\"\" class=\"wp-image-59442\" width=\"567\" height=\"425\" srcset=\"https:\/\/enolife.com.ar\/es\/wp-content\/uploads\/2022\/04\/PATRICIA-DSC04753.jpg 666w, https:\/\/enolife.com.ar\/es\/wp-content\/uploads\/2022\/04\/PATRICIA-DSC04753-300x225.jpg 300w, https:\/\/enolife.com.ar\/es\/wp-content\/uploads\/2022\/04\/PATRICIA-DSC04753-585x439.jpg 585w\" sizes=\"auto, (max-width: 567px) 100vw, 567px\" \/><figcaption><em><strong>Patricia selecci\u00f3n INTA\u00ae Rama Ca\u00edda<\/strong><\/em><\/figcaption><\/figure><\/div>\n\n\n\n<div style=\"height:20px\" aria-hidden=\"true\" class=\"wp-block-spacer\"><\/div>\n\n\n\n<p>Respecto a su productividad, el ingeniero Bergam\u00edn<em> se\u00f1al\u00f3: \u00abHa demostrado ser la mejor o al menos a\u00fan no ha sido superada en cuanto a rendimientos, que pueden llegar a los 700\/800 quintales por hect\u00e1rea\u00bb.<\/em><\/p>\n\n\n\n<p><strong>Aconcagua selecci\u00f3n INTA\u00ae Rama Ca\u00edda (foto principal) <\/strong>es la otra cepa, caracterizada por su alta productividad, que Mercier viene estudiando. <em>\u00abPodr\u00eda decirse que es hermana de Patricia, aunque es m\u00e1s neutra, pr\u00e1cticamente no tiene aromas y en tal sentido, se adaptar\u00eda a\u00fan mejor para la producci\u00f3n de mosto. Tiene menos vigor que Patricia, pero con un nivel de producci\u00f3n bastante alto\u00bb,<\/em> aclar\u00f3 Bergam\u00edn.<\/p>\n\n\n\n<p>Tambi\u00e9n se menciona al <strong>Marselan clon ENTAV\u00aeINRA 980<\/strong>. \u00ab<em>Llevamos m\u00e1s de 10 a\u00f1os estudi\u00e1ndolo con vinificaciones, pruebas en la parte agron\u00f3mica, enol\u00f3gica y sensorial. Se destaca por su nivel productivo que en promedio es de 335 quintales por hect\u00e1rea y tambi\u00e9n por su contenido de az\u00facar. Se trata de una variedad que acumula mucha az\u00facar en poco tiempo. Es una variedad de ciclo corto que permite cosechas bastante tempranas, lo que la convierte en una verdadera herramienta para las bodegas\u00bb, <\/em>concluy\u00f3 la responsable de la microbodega del vivero.<\/p>\n\n\n\n<div style=\"height:20px\" aria-hidden=\"true\" class=\"wp-block-spacer\"><\/div>\n\n\n\n<div class=\"wp-block-image\"><figure class=\"aligncenter size-large is-resized\"><img loading=\"lazy\" decoding=\"async\" src=\"https:\/\/enolife.com.ar\/es\/wp-content\/uploads\/2022\/04\/Gr\u00e1fico-Marselan-1024x576.jpg\" alt=\"\" class=\"wp-image-59441\" width=\"558\" height=\"314\" srcset=\"https:\/\/enolife.com.ar\/es\/wp-content\/uploads\/2022\/04\/Gr\u00e1fico-Marselan-1024x576.jpg 1024w, https:\/\/enolife.com.ar\/es\/wp-content\/uploads\/2022\/04\/Gr\u00e1fico-Marselan-300x169.jpg 300w, https:\/\/enolife.com.ar\/es\/wp-content\/uploads\/2022\/04\/Gr\u00e1fico-Marselan-768x432.jpg 768w, https:\/\/enolife.com.ar\/es\/wp-content\/uploads\/2022\/04\/Gr\u00e1fico-Marselan-1170x658.jpg 1170w, https:\/\/enolife.com.ar\/es\/wp-content\/uploads\/2022\/04\/Gr\u00e1fico-Marselan-585x329.jpg 585w, https:\/\/enolife.com.ar\/es\/wp-content\/uploads\/2022\/04\/Gr\u00e1fico-Marselan.jpg 1280w\" sizes=\"auto, (max-width: 558px) 100vw, 558px\" \/><\/figure><\/div>\n\n\n\n<div style=\"height:20px\" aria-hidden=\"true\" class=\"wp-block-spacer\"><\/div>\n\n\n\n<p class=\"has-medium-font-size\"><strong>Lo que se viene: variedades resistentes<\/strong><\/p>\n\n\n\n<p>Frente a la creciente demanda global de uvas, vinos y mostos org\u00e1nicos, lo que se viene est\u00e1 vinculado a las <strong>variedades resistentes. <\/strong><em>\u00abTenemos la mirada puesta en los avances logrados por el ENTAV, ya que somos licenciatarios de su marca desde 2003 y tambi\u00e9n, estamos a la espera de las variedades obtenidas por Mercier Francia, que ya est\u00e1n en producci\u00f3n y en breve contaremos con ellas en la Argentina\u00bb,<\/em> adelant\u00f3 Bergam\u00edn.<\/p>\n\n\n\n<p>Una de las variedades creadas por Mercier es <strong>\u00abNathy Sauvignac\u00bb<\/strong>, un cruzamiento de <strong>Sauvignon blanc<\/strong> y <strong>Riesling<\/strong>, que tiene incorporados genes de resistencia, por cruzamiento no por modificaci\u00f3n gen\u00e9tica. <em>\u00abEsto permite una alt\u00edsima resistencia a enfermedades como oidio, peron\u00f3spora, que pr\u00e1cticamente evitar\u00e1n la aplicaci\u00f3n de tratamientos qu\u00edmicos<\/em>\u00ab, dijo por su parte Bree.<\/p>\n\n\n\n<p>Otras variedades resistentes, obtenidas por el ENTAV son \u00abVoltis\u00bb y \u00abFloreal\u00bb. Ambas muestran una alta tolerancia a la peron\u00f3spora.<\/p>\n\n\n\n<p><em>\u00abEn estudio y difusi\u00f3n hay m\u00e1s de 100 variedades resistentes, es lo que se viene<strong>, <\/strong>es lo que espera el mercado que d\u00eda a d\u00eda presiona para eliminar los qu\u00edmicos de los alimentos, por lo tanto, el vino y tambi\u00e9n el mosto no pueden permanecer ajenos\u00bb,<\/em> concluy\u00f3 Bergam\u00edn.<\/p>\n\n\n\n<div style=\"height:39px\" aria-hidden=\"true\" class=\"wp-block-spacer\"><\/div>\n","protected":false},"excerpt":{"rendered":"<p>Frente a la creciente demanda global de uvas y mostos (jugos de uva) org\u00e1nicos, cada&hellip;<\/p>\n","protected":false},"author":3,"featured_media":59444,"comment_status":"open","ping_status":"open","sticky":false,"template":"","format":"standard","meta":{"footnotes":""},"categories":[5],"tags":[],"class_list":["post-59396","post","type-post","status-publish","format-standard","has-post-thumbnail","hentry","category-fincas"],"_links":{"self":[{"href":"https:\/\/enolife.com.ar\/es\/wp-json\/wp\/v2\/posts\/59396","targetHints":{"allow":["GET"]}}],"collection":[{"href":"https:\/\/enolife.com.ar\/es\/wp-json\/wp\/v2\/posts"}],"about":[{"href":"https:\/\/enolife.com.ar\/es\/wp-json\/wp\/v2\/types\/post"}],"author":[{"embeddable":true,"href":"https:\/\/enolife.com.ar\/es\/wp-json\/wp\/v2\/users\/3"}],"replies":[{"embeddable":true,"href":"https:\/\/enolife.com.ar\/es\/wp-json\/wp\/v2\/comments?post=59396"}],"version-history":[{"count":0,"href":"https:\/\/enolife.com.ar\/es\/wp-json\/wp\/v2\/posts\/59396\/revisions"}],"wp:featuredmedia":[{"embeddable":true,"href":"https:\/\/enolife.com.ar\/es\/wp-json\/wp\/v2\/media\/59444"}],"wp:attachment":[{"href":"https:\/\/enolife.com.ar\/es\/wp-json\/wp\/v2\/media?parent=59396"}],"wp:term":[{"taxonomy":"category","embeddable":true,"href":"https:\/\/enolife.com.ar\/es\/wp-json\/wp\/v2\/categories?post=59396"},{"taxonomy":"post_tag","embeddable":true,"href":"https:\/\/enolife.com.ar\/es\/wp-json\/wp\/v2\/tags?post=59396"}],"curies":[{"name":"wp","href":"https:\/\/api.w.org\/{rel}","templated":true}]}}