{"id":59321,"date":"2022-04-19T17:36:34","date_gmt":"2022-04-19T17:36:34","guid":{"rendered":"http:\/\/enolife.com.ar\/es\/?p=59321"},"modified":"2022-04-20T18:36:26","modified_gmt":"2022-04-20T18:36:26","slug":"sigue-la-fiesta-del-malbec-en-la-enoteca-con-una-pena-folclorica-y-mucho-vino-el-domingo-24-6","status":"publish","type":"post","link":"https:\/\/enolife.com.ar\/es\/sigue-la-fiesta-del-malbec-en-la-enoteca-con-una-pena-folclorica-y-mucho-vino-el-domingo-24-6\/","title":{"rendered":"Sigue la fiesta del Malbec en la Enoteca con una pe\u00f1a folcl\u00f3rica y mucho vino el domingo 24\/6"},"content":{"rendered":"\n<h4 class=\"wp-block-heading\"><em><strong>A lo largo de este mes que celebra la cepa emblem\u00e1tica de Mendoza y Argentina, en la Enoteca -museo y centro de actividades del vino en la Capital provincial- contin\u00faan los atractivos enotur\u00edsticos: \u00abSent\u00ed Malbec\u00bb, para aprender y degustar, de lunes a viernes de 10 a 17 hs; \u00abVino la Memoria\u00bb, el 21\/4 a las 20 hs, con entrevistas a personajes de la cultura local, vino de por medio; y un cierre cl\u00e1sico, la \u00abPe\u00f1a del Malbec\u00bb, el domingo 24\/4, con buenos vinos, incluso tirados en copa, cuecas, tonadas, chacareras y comida t\u00edpica.<\/strong><\/em><\/h4>\n\n\n\n<div style=\"height:20px\" aria-hidden=\"true\" class=\"wp-block-spacer\"><\/div>\n\n\n<a href=\"https:\/\/estanciamendoza.com.ar\/es\/\" aria-label=\"Copia de BEM &#8211; Banner adaptaciones diario digital_BEM &#8211; Banner Enolife &#8211; 1700&#215;500\"><img loading=\"lazy\" decoding=\"async\" src=\"https:\/\/enolife.com.ar\/es\/wp-content\/uploads\/2019\/07\/Copia-de-BEM-Banner-adaptaciones-diario-digital_BEM-Banner-Enolife-1700x500-1.jpg\" alt=\"\"  srcset=\"https:\/\/enolife.com.ar\/es\/wp-content\/uploads\/2019\/07\/Copia-de-BEM-Banner-adaptaciones-diario-digital_BEM-Banner-Enolife-1700x500-1.jpg 1700w, https:\/\/enolife.com.ar\/es\/wp-content\/uploads\/2019\/07\/Copia-de-BEM-Banner-adaptaciones-diario-digital_BEM-Banner-Enolife-1700x500-1-300x88.jpg 300w, https:\/\/enolife.com.ar\/es\/wp-content\/uploads\/2019\/07\/Copia-de-BEM-Banner-adaptaciones-diario-digital_BEM-Banner-Enolife-1700x500-1-1024x301.jpg 1024w, https:\/\/enolife.com.ar\/es\/wp-content\/uploads\/2019\/07\/Copia-de-BEM-Banner-adaptaciones-diario-digital_BEM-Banner-Enolife-1700x500-1-768x226.jpg 768w, https:\/\/enolife.com.ar\/es\/wp-content\/uploads\/2019\/07\/Copia-de-BEM-Banner-adaptaciones-diario-digital_BEM-Banner-Enolife-1700x500-1-1536x452.jpg 1536w, https:\/\/enolife.com.ar\/es\/wp-content\/uploads\/2019\/07\/Copia-de-BEM-Banner-adaptaciones-diario-digital_BEM-Banner-Enolife-1700x500-1-1170x344.jpg 1170w, https:\/\/enolife.com.ar\/es\/wp-content\/uploads\/2019\/07\/Copia-de-BEM-Banner-adaptaciones-diario-digital_BEM-Banner-Enolife-1700x500-1-585x172.jpg 585w\" sizes=\"auto, (max-width: 1700px) 100vw, 1700px\" width=\"1700\" height=\"500\"   \/><\/a>\n\n\n<div style=\"height:70px\" aria-hidden=\"true\" class=\"wp-block-spacer\"><\/div>\n\n\n\n<p>Los festejos por el D\u00eda Mundial del Malbec (17\/4) se extender\u00e1n hasta fin de mes. En la capital de Mendoza, el centro de la fiesta estar\u00e1 en La Enoteca (Peltier 611, de Ciudad), donde habr\u00e1 actividades para todos los gustos. Aqu\u00ed la agenda y una invitaci\u00f3n especial para el pr\u00f3ximo domingo 24\/4 desde las 12 hs: la Pe\u00f1a del Patio Malbec, que combinar\u00e1 degustaciones, brindis, comidas y m\u00fasica folcl\u00f3rica.<\/p>\n\n\n\n<div style=\"height:32px\" aria-hidden=\"true\" class=\"wp-block-spacer\"><\/div>\n\n\n\n<p class=\"has-medium-font-size\"><strong>\u00a1A revolear el poncho en el Patio Malbec!<\/strong><\/p>\n\n\n\n<div style=\"height:20px\" aria-hidden=\"true\" class=\"wp-block-spacer\"><\/div>\n\n\n\n<div class=\"wp-block-image\"><figure class=\"alignleft is-resized\"><img loading=\"lazy\" decoding=\"async\" src=\"https:\/\/img.evbuc.com\/https%3A%2F%2Fcdn.evbuc.com%2Fimages%2F248998409%2F220949110526%2F1%2Foriginal.20220316-200822?w=600&amp;auto=format%2Ccompress&amp;q=75&amp;sharp=10&amp;rect=0%2C0%2C2160%2C1080&amp;s=46f55b95bd3f94da7c3a8d997edca3a7\" alt=\"PATIO MALBEC - La Pe\u00f1a\" width=\"372\" height=\"186\"\/><\/figure><\/div>\n\n\n\n<p>El domingo 24\/4 de 12 a 16 hs, La Enoteca se viste de pe\u00f1a. El <strong>Patio Malbec<\/strong> es una invitaci\u00f3n para toda la familia con degustaciones, m\u00fasica folcl\u00f3rica y comidas para cerrar un mes dedicado a la variedad emblem\u00e1tica de la vitivinicultura argentina.<\/p>\n\n\n\n<p>La entrada incluye 3 degustaciones de vinos malbec de las siguientes bodegas: Las Perdices, Bianchi y VinTap, con la novedad de su vino tirado. Adem\u00e1s, una feria de vinos reunir\u00e1 a distintas bodegas que ofrecer\u00e1n sus productos: Dos Barricas, Familia Lescure, Rec Wine, Exigente, Bodega Iudica, 88 Locos, Mi Terru\u00f1o, Pecum de Luz, Los Maitenes, Vi\u00f1edos de Vistalba y el Vin Truck, un original puesto de c\u00f3cteles elaborados con vino.<\/p>\n\n\n\n<p>La m\u00fasica en vivo estar\u00e1 a cargo de los grupos <strong>La Doble Folklore<\/strong> y <strong>Las Navarro<\/strong>, y del \u00abcapo total\u00bb <strong>Pocho Sosa<\/strong>, cantautor, ya m\u00edtico int\u00e9rprete de \u00abOto\u00f1o en Mendoza\u00bb. Tambi\u00e9n estar\u00e1 el <strong>Ballet Folcl\u00f3rico de la Municipalidad de Capital<\/strong>, para sumar color cuyano al c\u00e1lido encuentro. Las entradas pueden adquirirse en Eventbrite y tienen un costo general de $900, y de $700 para socios de La Enoteca Club.<\/p>\n\n\n\n<p class=\"has-background has-very-light-gray-background-color\"><strong>Tickets <a href=\"https:\/\/www.eventbrite.com.ar\/e\/patio-malbec-la-pena-tickets-300095803627?aff=odeimcmailchimp&amp;mc_eid=c8feb6be5f&amp;mc_cid=2806e4b9de\">AQU\u00cd <\/a><\/strong><\/p>\n\n\n\n<div style=\"height:39px\" aria-hidden=\"true\" class=\"wp-block-spacer\"><\/div>\n\n\n\n<p class=\"has-medium-font-size\"><strong>\u00a1A emocionarse con la actriz Mari\u00fa Carrera<\/strong>!<\/p>\n\n\n\n<div style=\"height:20px\" aria-hidden=\"true\" class=\"wp-block-spacer\"><\/div>\n\n\n\n<div class=\"wp-block-image\"><figure class=\"alignleft is-resized\"><img loading=\"lazy\" decoding=\"async\" src=\"https:\/\/mcusercontent.com\/893404577f149ca331e36a99b\/images\/34091d51-8cb0-9cb1-9681-643dc11d5a9f.jpeg\" alt=\"\" width=\"278\" height=\"277\"\/><\/figure><\/div>\n\n\n\n<p>Este ciclo que une la palabra, el vino y la cultura contin\u00faa con su segundo encuentro y una invitada protagonista de la escena teatral mendocina: <strong>Mari\u00fa Carrera<\/strong>. \u00abVino la Memoria\u00bb, iniciativa organizada por <strong>Casa Montenegro<\/strong> y <strong>La Enoteca<\/strong>, propone un mano a mano con figuras de la cultura mendocina en el que el vino acompa\u00f1a el di\u00e1logo y suma sentido al acto de brindar. La cita es el jueves 21 de abril, a las 20, en La Enoteca. <\/p>\n\n\n\n<p>Las entradas pueden adquirirse en Eventbrite. El evento es gratuito para los socios de La Enoteca Club. La periodista cultural <strong>Patricia Slukich<\/strong> guiar\u00e1 la entrevista en la que se degustar\u00e1 el vino <strong>Pecum de Luz<\/strong>, fruto de un emprendimiento productivo de base social que integra todo el proceso de producci\u00f3n de manera cooperativa, desde el trabajo de la vi\u00f1a hasta el desarrollo y comercializaci\u00f3n de los vinos.<\/p>\n\n\n\n<p>Mari\u00fa Carrera es actriz, dramaturga, investigadora, maestra de actores. Junto con Rub\u00e9n Bravo, Osvaldo Zuin y Raquelita Herrera (desaparecidos durante la \u00faltima dictadura) fundaron el Grupo de Teatro La Pulga, donde naci\u00f3 una l\u00ednea de b\u00fasqueda actoral. La continuidad de esta experiencia que une el arte y el compromiso social, se concret\u00f3 con la Escuela Popular del Teatro en Mendoza, de la que fue cofundadora y maestra de actores. <\/p>\n\n\n\n<p>Como actriz y autora de unipersonales (\u00abPegadito a la vida\u00bb, \u00abMujeres, SA\u00bb, \u00abQuitapena\u00bb), Carrera ha recorrido escenarios de Argentina, Chile, Espa\u00f1a, Alemania, B\u00e9lgica, Estados Unidos y Hawai. Es autora de obras teatrales como \u00abPor tantos a\u00f1os\u00bb (con Liliana Bodoc); \u00abAdi\u00f3s a las puntillas\u00bb, \u00abMarzo, cantos de amor y coraje\u00bb (junto a Gustavo Maturano); \u00abLa rendija\u00bb y \u00abTiempo del cangrejo\u00bb.<\/p>\n\n\n\n<p>Public\u00f3 en 1992 \u00abConocer para la libertad\u00bb; en 2006 \u00abCr\u00f3nica de un ancho presente\u00bb (Editorial Dunken) y en 2012 \u00abEl sendero de la jarilla\u00bb (Editorial Tinta Libre). En la actualidad est\u00e1 presentando \u00abEl Equilibrista\u00bb (Lago Editora). El ciclo \u00abVino la memoria\u00bb est\u00e1 auspiciado por el programa Gestionar Futuro, del Ministerio de Cultura de la Naci\u00f3n y el Fondo Vitivin\u00edcola Mendoza. El valor de la entrada es de $400.<\/p>\n\n\n\n<p><strong>M\u00e1s informaci\u00f3n:&nbsp;<a href=\"https:\/\/elvinonosune.us15.list-manage.com\/track\/click?u=893404577f149ca331e36a99b&amp;id=3abb9607a6&amp;e=c8feb6be5f\" target=\"_blank\" rel=\"noreferrer noopener\">www.laenoteca.com.ar<\/a>&nbsp; y&nbsp;<a href=\"https:\/\/elvinonosune.us15.list-manage.com\/track\/click?u=893404577f149ca331e36a99b&amp;id=dbd7ca1cdd&amp;e=c8feb6be5f\" target=\"_blank\" rel=\"noreferrer noopener\">www.casamontenegro.com.ar<\/a><\/strong><\/p>\n\n\n\n<p class=\"has-background has-very-light-gray-background-color\"><strong>Tickets <a href=\"https:\/\/www.eventbrite.com.ar\/e\/vino-la-memoria-mariu-carrera-tickets-317340673497?aff=odeimcmailchimp&amp;mc_cid=2806e4b9de&amp;mc_eid=c8feb6be5f\">AQU\u00cd <\/a><\/strong><\/p>\n\n\n\n<div style=\"height:20px\" aria-hidden=\"true\" class=\"wp-block-spacer\"><\/div>\n\n\n\n<p class=\"has-medium-font-size\"><strong>\u00a1A conocer, degustar y \u00abconversar\u00bb con el malbec<\/strong><\/p>\n\n\n\n<div style=\"height:20px\" aria-hidden=\"true\" class=\"wp-block-spacer\"><\/div>\n\n\n\n<div class=\"wp-block-image\"><figure class=\"alignleft is-resized\"><img loading=\"lazy\" decoding=\"async\" src=\"https:\/\/mcusercontent.com\/893404577f149ca331e36a99b\/images\/2a238fae-a296-4ad2-1ca7-3cab26dce64c.jpeg\" alt=\"\" width=\"325\" height=\"244\"\/><\/figure><\/div>\n\n\n\n<p>Los visitantes de La Enoteca podr\u00e1n experimentar las sensaciones que produce este vino emblem\u00e1tico en la sala \u00abSent\u00ed Malbec\u00bb. <\/p>\n\n\n\n<p>Est\u00edmulos visuales, t\u00e1ctiles, olfativos se combinan en una experiencia sensorial completa. Todo all\u00ed se puede tocar, olfatear y -por supuesto- degustar, en un juego donde gu\u00edan los sentidos. <\/p>\n\n\n\n<p>La sala cuenta con dispositivos t\u00e1ctiles, visuales y arom\u00e1ticos que ayudan a descubrir los descriptores de la variedad. En el mes del cepaje emblema de la Argentina, la experiencia de la sala \u00abSent\u00ed Malbec\u00bb completa la agenda de actividades &nbsp;que propone La Enoteca, el Centro Tem\u00e1tico del Vino. <\/p>\n\n\n\n<p>La sala puede visitarse de lunes a viernes de 10 a 17. La vista guiada para recorrer&nbsp;todo el centro tem\u00e1tico tiene un costo de $600 por persona (incluye degustaciones de vino) y es gratis para mendocinos y mendocinas.<\/p>\n\n\n\n<div style=\"height:35px\" aria-hidden=\"true\" class=\"wp-block-spacer\"><\/div>\n","protected":false},"excerpt":{"rendered":"<p>A lo largo de este mes que celebra la cepa emblem\u00e1tica de Mendoza y Argentina,&hellip;<\/p>\n","protected":false},"author":3,"featured_media":59346,"comment_status":"open","ping_status":"open","sticky":false,"template":"","format":"standard","meta":{"footnotes":""},"categories":[47],"tags":[],"class_list":["post-59321","post","type-post","status-publish","format-standard","has-post-thumbnail","hentry","category-agenda"],"_links":{"self":[{"href":"https:\/\/enolife.com.ar\/es\/wp-json\/wp\/v2\/posts\/59321","targetHints":{"allow":["GET"]}}],"collection":[{"href":"https:\/\/enolife.com.ar\/es\/wp-json\/wp\/v2\/posts"}],"about":[{"href":"https:\/\/enolife.com.ar\/es\/wp-json\/wp\/v2\/types\/post"}],"author":[{"embeddable":true,"href":"https:\/\/enolife.com.ar\/es\/wp-json\/wp\/v2\/users\/3"}],"replies":[{"embeddable":true,"href":"https:\/\/enolife.com.ar\/es\/wp-json\/wp\/v2\/comments?post=59321"}],"version-history":[{"count":0,"href":"https:\/\/enolife.com.ar\/es\/wp-json\/wp\/v2\/posts\/59321\/revisions"}],"wp:featuredmedia":[{"embeddable":true,"href":"https:\/\/enolife.com.ar\/es\/wp-json\/wp\/v2\/media\/59346"}],"wp:attachment":[{"href":"https:\/\/enolife.com.ar\/es\/wp-json\/wp\/v2\/media?parent=59321"}],"wp:term":[{"taxonomy":"category","embeddable":true,"href":"https:\/\/enolife.com.ar\/es\/wp-json\/wp\/v2\/categories?post=59321"},{"taxonomy":"post_tag","embeddable":true,"href":"https:\/\/enolife.com.ar\/es\/wp-json\/wp\/v2\/tags?post=59321"}],"curies":[{"name":"wp","href":"https:\/\/api.w.org\/{rel}","templated":true}]}}