{"id":5921,"date":"2019-12-18T15:05:11","date_gmt":"2019-12-18T15:05:11","guid":{"rendered":"http:\/\/enolife.com.ar\/es\/?p=5921"},"modified":"2019-12-19T14:35:51","modified_gmt":"2019-12-19T14:35:51","slug":"el-16-1-20-arranca-el-calendario-de-las-18-vendimias-departamentales-de-mendoza","status":"publish","type":"post","link":"https:\/\/enolife.com.ar\/es\/el-16-1-20-arranca-el-calendario-de-las-18-vendimias-departamentales-de-mendoza\/","title":{"rendered":"El 16\/1\/20 arranca el calendario de las 18 Vendimias departamentales de Mendoza"},"content":{"rendered":"\n<h4 class=\"wp-block-heading\"><em><strong>La primera de las tradicionales fiestas distritales, donde se eligen a las reinas del lugar, ser\u00e1 en La Paz. La \u00faltima, en San Mart\u00edn el 22\/2\/20. Finalmente, el s\u00e1bado 7\/3\/20 se realizar\u00e1 la Fiesta Central, \u00abSinfon\u00eda azul para el vino nuevo\u00bb, dirigida por \u00abGolondrina\u00bb Ruiz, en el Anfiteatro Frank Romero Day de la capital provincial. Otra oportunidad de pasear y disfrutar para mendocinos y turistas.<\/strong><\/em><\/h4>\n\n\n\n<div style=\"height:40px\" aria-hidden=\"true\" class=\"wp-block-spacer\"><\/div>\n\n\n\n<p>Con alguna demora con respecto a a\u00f1os anteriores, cuando el calendario de las fiestas vendimiales ha comenzado en diciembre, en este 2020 las 18 escenificaciones y elecciones de reinas departamentales se realizar\u00e1n en un lapso de 37 d\u00edas a partir del 16 de enero. Es que las elecciones presidenciales y gubernamentales desde julio a noviembre de este a\u00f1o, incluidas las PASO y el balotaje entre Macri y Fern\u00e1ndez, posterg\u00f3 la definici\u00f3n de las fechas y el comienzo de la producci\u00f3n de los espect\u00e1culos. Aunque estas postergaciones no inciden demasiado en el clima festivo que habitualmente se vive en esta \u00e9poca en Mendoza, se pierden algunas fechas de diciembre que suelen ser atractivas para los visitantes.<\/p>\n\n\n\n<p>A continuaci\u00f3n, el calendario completo para agendar:<\/p>\n\n\n\n<p><strong>Las fiestas departamentales &nbsp;<\/strong><\/p>\n\n\n\n<ul class=\"wp-block-list\"><li>16 de enero: La Paz<\/li><li>17 de enero: Las Heras<\/li><li>18 de enero: Guaymall\u00e9n<\/li><li>18 de enero: Jun\u00edn<\/li><li>25 de enero: Lavalle<\/li><li>31 de enero: Tunuy\u00e1n<\/li><li>31 de enero: Malarg\u00fce<\/li><li>1 de febrero: Godoy Cruz<\/li><li>1 de febrero: General Alvear<\/li><li>1 de febrero: San Rafael<\/li><li>2 de febrero: Rivadavia<\/li><li>8 de febrero: San Carlos<\/li><li>14 de febrero: Luj\u00e1n de Cuyo<\/li><li>14 de febrero: Santa Rosa<\/li><li>15 de febrero: Maip\u00fa<\/li><li>21 de febrero: Ciudad de Mendoza<\/li><li>22 de febrero: Tupungato<\/li><li>22 de febrero: San Mart\u00edn<\/li><\/ul>\n\n\n\n<p><strong>La Fiesta del trabajo<\/strong><\/p>\n\n\n\n<p>El calendario oficial de la Fiesta de la Vendimia est\u00e1 compuesto por una serie de celebraciones que atraen a locales y visitantes de todo el mundo. Tras las fiestas departamentales, la secuencia festiva contin\u00faa el viernes 6 de marzo de 2020 a la noche, por las calles de la Capital provincial, con la tradicional V\u00eda Blanca de las Reinas. El s\u00e1bado 7, a partir de las 10 de la ma\u00f1ana, se podr\u00e1 disfrutar del m\u00e1s popular de las festejos vendimiales, el Carrusel. Se desarrollar\u00e1 tambi\u00e9n por las calles de la Ciudad y ser\u00e1 una nueva oportunidad para disfrutar del colorido de este ic\u00f3nico desfile de carros aleg\u00f3ricos.<\/p>\n\n\n\n<p>El mismo s\u00e1bado 7, en el Teatro Griego Frank Romero Day, tendr\u00e1 lugar el Acto Central de la Fiesta Nacional de la Vendimia 2020, mientras que los d\u00edas 8 y 9 se podr\u00e1n vivir la segunda y tercera noches, con la repetici\u00f3n de&nbsp;\u00ab<em>Sinfon\u00eda azul para el vino nuevo<\/em>\u00bb&nbsp;y espect\u00e1culos musicales, con artistas reconocidos en Mendoza, el pa\u00eds y el mundo.<\/p>\n\n\n\n<p class=\"has-small-font-size\"><em><strong>Fuente: Gobierno de Mendoza<\/strong><\/em><\/p>\n","protected":false},"excerpt":{"rendered":"<p>La primera de las tradicionales fiestas distritales, donde se eligen a las reinas del lugar,&hellip;<\/p>\n","protected":false},"author":3,"featured_media":5928,"comment_status":"open","ping_status":"open","sticky":false,"template":"","format":"standard","meta":{"footnotes":""},"categories":[11],"tags":[],"class_list":["post-5921","post","type-post","status-publish","format-standard","has-post-thumbnail","hentry","category-enoturismo"],"_links":{"self":[{"href":"https:\/\/enolife.com.ar\/es\/wp-json\/wp\/v2\/posts\/5921","targetHints":{"allow":["GET"]}}],"collection":[{"href":"https:\/\/enolife.com.ar\/es\/wp-json\/wp\/v2\/posts"}],"about":[{"href":"https:\/\/enolife.com.ar\/es\/wp-json\/wp\/v2\/types\/post"}],"author":[{"embeddable":true,"href":"https:\/\/enolife.com.ar\/es\/wp-json\/wp\/v2\/users\/3"}],"replies":[{"embeddable":true,"href":"https:\/\/enolife.com.ar\/es\/wp-json\/wp\/v2\/comments?post=5921"}],"version-history":[{"count":0,"href":"https:\/\/enolife.com.ar\/es\/wp-json\/wp\/v2\/posts\/5921\/revisions"}],"wp:featuredmedia":[{"embeddable":true,"href":"https:\/\/enolife.com.ar\/es\/wp-json\/wp\/v2\/media\/5928"}],"wp:attachment":[{"href":"https:\/\/enolife.com.ar\/es\/wp-json\/wp\/v2\/media?parent=5921"}],"wp:term":[{"taxonomy":"category","embeddable":true,"href":"https:\/\/enolife.com.ar\/es\/wp-json\/wp\/v2\/categories?post=5921"},{"taxonomy":"post_tag","embeddable":true,"href":"https:\/\/enolife.com.ar\/es\/wp-json\/wp\/v2\/tags?post=5921"}],"curies":[{"name":"wp","href":"https:\/\/api.w.org\/{rel}","templated":true}]}}