{"id":58777,"date":"2022-04-14T16:42:21","date_gmt":"2022-04-14T16:42:21","guid":{"rendered":"http:\/\/enolife.com.ar\/es\/?p=58777"},"modified":"2022-04-16T20:56:12","modified_gmt":"2022-04-16T20:56:12","slug":"los-artistas-expositores-en-bodega-santa-julia-cosecharon-aceitunas-en-homenaje-a-emma-zuccardi","status":"publish","type":"post","link":"https:\/\/enolife.com.ar\/es\/los-artistas-expositores-en-bodega-santa-julia-cosecharon-aceitunas-en-homenaje-a-emma-zuccardi\/","title":{"rendered":"Los artistas expositores en Bodega Santa Julia cosecharon aceitunas en homenaje a Emma Zuccardi"},"content":{"rendered":"\n<h4 class=\"wp-block-heading\"><em><strong>Como ya es una tradici\u00f3n renovada cada a\u00f1o en Mendoza, los m\u00e1s destacados artistas visuales de la provincia se reunieron en los olivares de Bodega Santa Julia para iniciar la temporada de recolecci\u00f3n del fruto. Esta pr\u00e1ctica simb\u00f3lica fue instaurada hace 18 a\u00f1os por Emma Zuccardi para congregar a sus admirados artistas, a quienes promovi\u00f3 y ayud\u00f3 creando la Cava de Arte donde muestran y venden sus obras. Hoy, la idea es continuada por su nieta, Julia Zuccardi, quien mantiene vivo el esp\u00edritu benefactor de Emma, con la colaboraci\u00f3n de Pupi Ag\u00fcero, coordinadora del encuentro.<\/strong><\/em><\/h4>\n\n\n\n<div style=\"height:20px\" aria-hidden=\"true\" class=\"wp-block-spacer\"><\/div>\n\n\n<a href=\"http:\/\/www.quiminsa.com.ar\/\" aria-label=\"banner quiminsa b 1700&#215;500\"><img loading=\"lazy\" decoding=\"async\" src=\"https:\/\/enolife.com.ar\/es\/wp-content\/uploads\/2022\/04\/banner-quiminsa-b-1700x500-1.jpg\" alt=\"\"  srcset=\"https:\/\/enolife.com.ar\/es\/wp-content\/uploads\/2022\/04\/banner-quiminsa-b-1700x500-1.jpg 1700w, https:\/\/enolife.com.ar\/es\/wp-content\/uploads\/2022\/04\/banner-quiminsa-b-1700x500-1-300x88.jpg 300w, https:\/\/enolife.com.ar\/es\/wp-content\/uploads\/2022\/04\/banner-quiminsa-b-1700x500-1-1024x301.jpg 1024w, https:\/\/enolife.com.ar\/es\/wp-content\/uploads\/2022\/04\/banner-quiminsa-b-1700x500-1-768x226.jpg 768w, https:\/\/enolife.com.ar\/es\/wp-content\/uploads\/2022\/04\/banner-quiminsa-b-1700x500-1-1536x452.jpg 1536w, https:\/\/enolife.com.ar\/es\/wp-content\/uploads\/2022\/04\/banner-quiminsa-b-1700x500-1-1170x344.jpg 1170w, https:\/\/enolife.com.ar\/es\/wp-content\/uploads\/2022\/04\/banner-quiminsa-b-1700x500-1-585x172.jpg 585w\" sizes=\"auto, (max-width: 1700px) 100vw, 1700px\" width=\"1700\" height=\"500\"   \/><\/a>\n\n\n<div style=\"height:48px\" aria-hidden=\"true\" class=\"wp-block-spacer\"><\/div>\n\n\n\n<p>El s\u00e1bado 9 de abril, como ya es tradici\u00f3n -s\u00f3lo con un intervalo de 2 a\u00f1os provocado por la pandemia- todos los artistas visuales que han expuesto sus obras en la <strong>Cava de Arte de Bodega Santa Julia<\/strong> asistieron a la convocatoria para participar de una nueva edici\u00f3n -la n\u00famero 16- de <strong>\u00abCosecha de Artistas\u00bb<\/strong>.<\/p>\n\n\n\n<div style=\"height:24px\" aria-hidden=\"true\" class=\"wp-block-spacer\"><\/div>\n\n\n\n<div class=\"wp-block-image\"><figure class=\"aligncenter size-large is-resized\"><img loading=\"lazy\" decoding=\"async\" src=\"https:\/\/enolife.com.ar\/es\/wp-content\/uploads\/2022\/04\/WhatsApp-Image-2022-04-11-at-5.17.14-PM-1024x682.jpeg\" alt=\"\" class=\"wp-image-58798\" width=\"562\" height=\"374\" srcset=\"https:\/\/enolife.com.ar\/es\/wp-content\/uploads\/2022\/04\/WhatsApp-Image-2022-04-11-at-5.17.14-PM-1024x682.jpeg 1024w, https:\/\/enolife.com.ar\/es\/wp-content\/uploads\/2022\/04\/WhatsApp-Image-2022-04-11-at-5.17.14-PM-300x200.jpeg 300w, https:\/\/enolife.com.ar\/es\/wp-content\/uploads\/2022\/04\/WhatsApp-Image-2022-04-11-at-5.17.14-PM-768x512.jpeg 768w, https:\/\/enolife.com.ar\/es\/wp-content\/uploads\/2022\/04\/WhatsApp-Image-2022-04-11-at-5.17.14-PM-1536x1023.jpeg 1536w, https:\/\/enolife.com.ar\/es\/wp-content\/uploads\/2022\/04\/WhatsApp-Image-2022-04-11-at-5.17.14-PM-1170x780.jpeg 1170w, https:\/\/enolife.com.ar\/es\/wp-content\/uploads\/2022\/04\/WhatsApp-Image-2022-04-11-at-5.17.14-PM-585x390.jpeg 585w, https:\/\/enolife.com.ar\/es\/wp-content\/uploads\/2022\/04\/WhatsApp-Image-2022-04-11-at-5.17.14-PM.jpeg 1600w\" sizes=\"auto, (max-width: 562px) 100vw, 562px\" \/><figcaption><em><strong>Destacados artistas pl\u00e1sticos de Mendoza fueron recibidos por la familia Zuccardi en sus olivares de la Bodega de Maip\u00fa. Cada a\u00f1o, cosechan los frutos que Emma Zuccardi sembr\u00f3.<\/strong><\/em><\/figcaption><\/figure><\/div>\n\n\n\n<div style=\"height:28px\" aria-hidden=\"true\" class=\"wp-block-spacer\"><\/div>\n\n\n\n<p><strong>Pan y Oliva<\/strong>, el restaurante de la Bodega y sitio emblem\u00e1tico donde nacieron los aceites de oliva virgen extra de la casa, los <strong>\u00abZuelo\u00bb<\/strong>, fue el punto de encuentro. All\u00ed convergieron destacados artistas del medio, algunos veteranos con extensas trayectorias y otros j\u00f3venes nuevos talentos.<\/p>\n\n\n\n<p>Luego de una recepci\u00f3n por parte de <strong>Jos\u00e9 Alberto \u00abPepe\u00bb Zuccardi <\/strong>-titular de la Bodega y destacado dirigente vitivin\u00edcola nacional- y sus hijos <strong>Julia<\/strong> y <strong>Miguel<\/strong>, se trasladaron al olivar donde pudieron experimentar en equipo la alegr\u00eda y el trabajo que implica la cosecha de aceitunas y el comienzo de la producci\u00f3n de los aceites nuevos.<\/p>\n\n\n\n<p>Esta experiencia ser\u00e1 motivo de inspiraci\u00f3n para una muestra que se realizar\u00e1 en junio con obras de peque\u00f1o formato.&nbsp;<\/p>\n\n\n\n<div style=\"height:20px\" aria-hidden=\"true\" class=\"wp-block-spacer\"><\/div>\n\n\n\n<div class=\"wp-block-image\"><figure class=\"aligncenter size-large is-resized\"><img loading=\"lazy\" decoding=\"async\" src=\"https:\/\/enolife.com.ar\/es\/wp-content\/uploads\/2022\/04\/WhatsApp-Image-2022-04-11-at-5.17.15-PM-682x1024-1.jpeg\" alt=\"\" class=\"wp-image-59092\" width=\"561\" height=\"467\" srcset=\"https:\/\/enolife.com.ar\/es\/wp-content\/uploads\/2022\/04\/WhatsApp-Image-2022-04-11-at-5.17.15-PM-682x1024-1.jpeg 680w, https:\/\/enolife.com.ar\/es\/wp-content\/uploads\/2022\/04\/WhatsApp-Image-2022-04-11-at-5.17.15-PM-682x1024-1-300x250.jpeg 300w, https:\/\/enolife.com.ar\/es\/wp-content\/uploads\/2022\/04\/WhatsApp-Image-2022-04-11-at-5.17.15-PM-682x1024-1-585x488.jpeg 585w\" sizes=\"auto, (max-width: 561px) 100vw, 561px\" \/><figcaption><em><strong>El artista Esteban Grimi, muy entusiasmado con la selecci\u00f3n de las aceitunas y su colocaci\u00f3n en la tolva previa a la molienda.<\/strong><\/em><\/figcaption><\/figure><\/div>\n\n\n\n<div style=\"height:20px\" aria-hidden=\"true\" class=\"wp-block-spacer\"><\/div>\n\n\n\n<p>Luego de la fruct\u00edfera cosecha, se reunieron alrededor de un almuerzo criollo que ya se convirti\u00f3 en un ritual ruante el encuentro anual en el que los artistas, el olivo y el vino son los protagonistas.<\/p>\n\n\n\n<p>A continuaci\u00f3n, el listado de los prestigiosos artistas participantes, a quienes la <strong>familia Zuccardi<\/strong> y la coordinadora del encuentro <strong>Pupi Ag\u00fcero<\/strong> agradecieron su compromiso y entusiasmo por ser parte de este encuentro anual.<\/p>\n\n\n\n<div style=\"height:30px\" aria-hidden=\"true\" class=\"wp-block-spacer\"><\/div>\n\n\n\n<p style=\"background-color:#a9e397\" class=\"has-background has-text-align-center\"><strong>Los artistas cosechadores<\/strong><br><br><strong>Antonio Sarelli, Egar Murillo, Sergio Rosas, Esteban Grimi, Enrique Testasecca,\u00a0 Enrique Manzano, Laura\u00a0 Rudman , Carlos Escoriza, Daniel Ciancio, Fernando Sep\u00falveda, Fernando Jereb, Fernando Rosas, Germ\u00e1n \u00c1lvarez, Guillermo Rigattieri, Juan Castillo,\u00a0 Juan Pablo Santucci,\u00a0 Julio\u00a0 Melto ,\u00a0 Leandro\u00a0 Pintos, Luc\u00eda\u00a0 Coria, Magdalena Benegas,\u00a0 Marcelo\u00a0 Von Der Hayde, Ofelia Santos,\u00a0 Paula\u00a0 Dreidemie, Marta\u00a0 Day,\u00a0 Mema Hanon, Paula\u00a0 Lavoisier,\u00a0 Paula\u00a0 V\u00e1zquez, Raquel\u00a0 Fluixa ,\u00a0 Valeria Guarnieri, Ver\u00f3nica\u00a0 Ohanian, Laura\u00a0 Hart, Elsa Leguizam\u00f3n, Vivian Magis,\u00a0 Ruth Hansen, Emiliano\u00a0 Pierro, Cristian\u00a0 Delhez, Alejandra\u00a0 Civit, Marcela\u00a0 Furlani, Mart\u00edn Villalonga y Bernardo Rodr\u00edguez.<\/strong><\/p>\n\n\n\n<div style=\"height:20px\" aria-hidden=\"true\" class=\"wp-block-spacer\"><\/div>\n\n\n\n<p><strong>\u00abCosecha de Artistas\u00bb<\/strong> es una celebraci\u00f3n por un nuevo a\u00f1o de trabajo y augura el inicio de un nuevo y productivo ciclo para el arte de Mendoza. Un momento del a\u00f1o esperado tanto por los artistas como por la familia Zuccardi. Y en esta oportunidad tambi\u00e9n fue un especial y emotivo homenaje a su creadora, <strong>Emma Zuccardi<\/strong>.<\/p>\n\n\n\n<div style=\"height:41px\" aria-hidden=\"true\" class=\"wp-block-spacer\"><\/div>\n","protected":false},"excerpt":{"rendered":"<p>Como ya es una tradici\u00f3n renovada cada a\u00f1o en Mendoza, los m\u00e1s destacados artistas visuales&hellip;<\/p>\n","protected":false},"author":3,"featured_media":58795,"comment_status":"open","ping_status":"open","sticky":false,"template":"","format":"standard","meta":{"footnotes":""},"categories":[34],"tags":[],"class_list":["post-58777","post","type-post","status-publish","format-standard","has-post-thumbnail","hentry","category-cultura1"],"_links":{"self":[{"href":"https:\/\/enolife.com.ar\/es\/wp-json\/wp\/v2\/posts\/58777","targetHints":{"allow":["GET"]}}],"collection":[{"href":"https:\/\/enolife.com.ar\/es\/wp-json\/wp\/v2\/posts"}],"about":[{"href":"https:\/\/enolife.com.ar\/es\/wp-json\/wp\/v2\/types\/post"}],"author":[{"embeddable":true,"href":"https:\/\/enolife.com.ar\/es\/wp-json\/wp\/v2\/users\/3"}],"replies":[{"embeddable":true,"href":"https:\/\/enolife.com.ar\/es\/wp-json\/wp\/v2\/comments?post=58777"}],"version-history":[{"count":0,"href":"https:\/\/enolife.com.ar\/es\/wp-json\/wp\/v2\/posts\/58777\/revisions"}],"wp:featuredmedia":[{"embeddable":true,"href":"https:\/\/enolife.com.ar\/es\/wp-json\/wp\/v2\/media\/58795"}],"wp:attachment":[{"href":"https:\/\/enolife.com.ar\/es\/wp-json\/wp\/v2\/media?parent=58777"}],"wp:term":[{"taxonomy":"category","embeddable":true,"href":"https:\/\/enolife.com.ar\/es\/wp-json\/wp\/v2\/categories?post=58777"},{"taxonomy":"post_tag","embeddable":true,"href":"https:\/\/enolife.com.ar\/es\/wp-json\/wp\/v2\/tags?post=58777"}],"curies":[{"name":"wp","href":"https:\/\/api.w.org\/{rel}","templated":true}]}}