{"id":5877,"date":"2019-12-16T19:17:49","date_gmt":"2019-12-16T19:17:49","guid":{"rendered":"http:\/\/enolife.com.ar\/es\/?p=5877"},"modified":"2019-12-21T01:41:18","modified_gmt":"2019-12-21T01:41:18","slug":"esta-navidad-la-virgen-de-la-carrodilla-vuelve-a-los-vinedos-con-su-mensaje-de-paz-y-villancicos","status":"publish","type":"post","link":"https:\/\/enolife.com.ar\/es\/esta-navidad-la-virgen-de-la-carrodilla-vuelve-a-los-vinedos-con-su-mensaje-de-paz-y-villancicos\/","title":{"rendered":"Esta Navidad, la Virgen de la Carrodilla vuelve a los vi\u00f1edos con su mensaje de paz y villancicos"},"content":{"rendered":"\n<h4 class=\"wp-block-heading\"><em><strong>De la mano del padre Francisco Bernardi, la Patrona de los Vi\u00f1edos visitar\u00e1 diferentes bodegas acompa\u00f1ando a coros de ni\u00f1os los d\u00edas 18 y 20\/12. Adem\u00e1s de organizar el programa anual de recorridos de esta Virgen -un \u00edcono mendocino- el querido cura Francisco tambi\u00e9n dirige la Casa del Migrante, un emprendimiento solidario que da techo y comida a extranjeros reci\u00e9n llegados y en condici\u00f3n vulnerable. Enoturismo, m\u00fasica y religiosidad popular, un combo atractivo.<\/strong><\/em><\/h4>\n\n\n\n<p>En esta oportunidad, para el cierre de a\u00f1o y la celebraci\u00f3n de la festividad cat\u00f3lica de Navidad, el padre Bernardi invita a mendocinos y turistas a diferentes espect\u00e1culos en los que la anfitriona de lujo ser\u00e1 la Virgen de la Carrodilla, Patrona de los Vi\u00f1edos.<\/p>\n\n\n\n<div style=\"height:20px\" aria-hidden=\"true\" class=\"wp-block-spacer\"><\/div>\n\n\n\n<figure class=\"wp-block-image\"><img loading=\"lazy\" decoding=\"async\" width=\"724\" height=\"1024\" src=\"https:\/\/enolife.com.ar\/es\/wp-content\/uploads\/2019\/12\/image-19-724x1024.png\" alt=\"\" class=\"wp-image-5882\" srcset=\"https:\/\/enolife.com.ar\/es\/wp-content\/uploads\/2019\/12\/image-19-724x1024.png 724w, https:\/\/enolife.com.ar\/es\/wp-content\/uploads\/2019\/12\/image-19-212x300.png 212w, https:\/\/enolife.com.ar\/es\/wp-content\/uploads\/2019\/12\/image-19-768x1086.png 768w, https:\/\/enolife.com.ar\/es\/wp-content\/uploads\/2019\/12\/image-19-585x827.png 585w, https:\/\/enolife.com.ar\/es\/wp-content\/uploads\/2019\/12\/image-19.png 794w\" sizes=\"auto, (max-width: 724px) 100vw, 724px\" \/><\/figure>\n\n\n\n<div style=\"height:20px\" aria-hidden=\"true\" class=\"wp-block-spacer\"><\/div>\n\n\n\n<p class=\"has-medium-font-size\"><strong>Mi\u00e9rcoles 18 de diciembre<\/strong><\/p>\n\n\n\n<p><strong>10.00 hs. Casa Bressia: <\/strong>Villancicos Navide\u00f1os a cargo de la profesora Carina Balmaseda.<\/p>\n\n\n\n<p><strong>16.00 hs.: Cavas Don Arturo:<\/strong> Villancicos Navide\u00f1os a cargo del Coro de Ni\u00f1os del colegio Monse\u00f1or Scalabrini, a cargo de la profesora Patricia Quini &#8211; Franklin Villanueva 2233, Lunlunta, Mendoza<br><\/p>\n\n\n\n<p class=\"has-medium-font-size\"><strong>Viernes 20 de diciembre<\/strong><\/p>\n\n\n\n<p><strong>Santuario Mar\u00eda Auxiliadora, Bodega Don Bosco, <\/strong>Ruta Provincial 50, No. 5268, Rodeo del Medio, Mendoza. <\/p>\n\n\n\n<p><strong>20.30 hs:<\/strong> Recital de villancicos y temas navide\u00f1os a cargo del cantante l\u00edrico y director Fernando Ballesteros, junto a la Camerata Junior 2020.<\/p>\n\n\n\n<p><strong>21.30 hs:<\/strong> Santa Misa por la paz.<\/p>\n\n\n\n<p><strong>22.00 hs: <\/strong>Ballet \u00abAdoraci\u00f3n al Ni\u00f1o\u00bb.<\/p>\n","protected":false},"excerpt":{"rendered":"<p>De la mano del padre Francisco Bernardi, la Patrona de los Vi\u00f1edos visitar\u00e1 diferentes bodegas&hellip;<\/p>\n","protected":false},"author":3,"featured_media":5884,"comment_status":"open","ping_status":"open","sticky":false,"template":"","format":"standard","meta":{"footnotes":""},"categories":[34],"tags":[],"class_list":["post-5877","post","type-post","status-publish","format-standard","has-post-thumbnail","hentry","category-cultura1"],"_links":{"self":[{"href":"https:\/\/enolife.com.ar\/es\/wp-json\/wp\/v2\/posts\/5877","targetHints":{"allow":["GET"]}}],"collection":[{"href":"https:\/\/enolife.com.ar\/es\/wp-json\/wp\/v2\/posts"}],"about":[{"href":"https:\/\/enolife.com.ar\/es\/wp-json\/wp\/v2\/types\/post"}],"author":[{"embeddable":true,"href":"https:\/\/enolife.com.ar\/es\/wp-json\/wp\/v2\/users\/3"}],"replies":[{"embeddable":true,"href":"https:\/\/enolife.com.ar\/es\/wp-json\/wp\/v2\/comments?post=5877"}],"version-history":[{"count":0,"href":"https:\/\/enolife.com.ar\/es\/wp-json\/wp\/v2\/posts\/5877\/revisions"}],"wp:featuredmedia":[{"embeddable":true,"href":"https:\/\/enolife.com.ar\/es\/wp-json\/wp\/v2\/media\/5884"}],"wp:attachment":[{"href":"https:\/\/enolife.com.ar\/es\/wp-json\/wp\/v2\/media?parent=5877"}],"wp:term":[{"taxonomy":"category","embeddable":true,"href":"https:\/\/enolife.com.ar\/es\/wp-json\/wp\/v2\/categories?post=5877"},{"taxonomy":"post_tag","embeddable":true,"href":"https:\/\/enolife.com.ar\/es\/wp-json\/wp\/v2\/tags?post=5877"}],"curies":[{"name":"wp","href":"https:\/\/api.w.org\/{rel}","templated":true}]}}