{"id":5866,"date":"2019-12-16T13:32:28","date_gmt":"2019-12-16T13:32:28","guid":{"rendered":"http:\/\/enolife.com.ar\/es\/?p=5866"},"modified":"2019-12-18T16:14:50","modified_gmt":"2019-12-18T16:14:50","slug":"con-apoyo-de-empresarios-metalurgicos-legisladores-tratan-la-reforma-de-la-ley-antiminera","status":"publish","type":"post","link":"https:\/\/enolife.com.ar\/es\/con-apoyo-de-empresarios-metalurgicos-legisladores-tratan-la-reforma-de-la-ley-antiminera\/","title":{"rendered":"Con apoyo de empresarios metal\u00fargicos, legisladores tratan la reforma de la ley \u00abantiminera\u00bb"},"content":{"rendered":"\n<h4 class=\"wp-block-heading\"><em><strong>Desde hoy lunes 16\/12, las comisiones de Legislaci\u00f3n y Asuntos Constitucionales, Medio Ambiente y Miner\u00eda de Diputados y Senadores de Mendoza debaten el proyecto enviado por el gobernador Rodolfo Su\u00e1rez para modificar la ley 7722 \u00abantiminera\u00bb, que limita la explotaci\u00f3n minera metal\u00edfera a cielo abierto. <\/strong><\/em><\/h4>\n\n\n\n<hr class=\"wp-block-separator\"\/>\n\n\n\n<h4 class=\"wp-block-heading\"><em><strong>El proyecto propone autorizar el uso controlado de sustancias t\u00f3xicas como el cianuro y el \u00e1cido sulf\u00farico, prohibidos en la ley 7722. La idea, que busca abrir explotaciones y fuentes de trabajo, es rechazada por empresarios del agro, ambientalistas y algunos intendentes provinciales, pero tiene fuerte apoyo de legisladores peronistas e industriales metal\u00fargicos. Estos \u00faltimos, nucleados en Asinmet, emitieron un comunicado bancando el proyecto de Su\u00e1rez.<\/strong><\/em><\/h4>\n\n\n\n<div style=\"height:34px\" aria-hidden=\"true\" class=\"wp-block-spacer\"><\/div>\n\n\n\n<p>El proyecto de <strong>modificaci\u00f3n de la ley que regula la miner\u00eda en Mendoza<\/strong> ha desencadenado un fuerte debate, que empezar\u00e1 a avanzar desde hoy cuando Senadores y Diputados de la provincia analicen en detalle el texto enviado por el Poder Ejecutivo el pasado 10 de diciembre. <\/p>\n\n\n\n<p><strong>La idea ya hab\u00eda sido lanzada en 2018 por el ex gobernador Alfredo Cornejo,<\/strong> con apoyo de algunos legisladores peronistas, que tambi\u00e9n desde antes ven\u00edan impulsando la flexibilizaci\u00f3n de las regulaciones para permitir la apertura de m\u00e1s fuentes de trabajo en el sector minero.<\/p>\n\n\n\n<p>Entre los que rechazan realizar cambios en<strong> la ley -sancionada en 2007-<\/strong> se alistan empresarios, productores e instituciones del agro, argumentando su  temor a que se afecte la calidad del agua. Tambi\u00e9n se suman entidades y ONGs ambientalistas, que tienen una postura en algunos casos inflexible desde hace a\u00f1os. Y en el mismo equipo se encuentran algunos caciques comunales encabezados por el intendente de San Carlos, Jorge Difonso.<\/p>\n\n\n\n<div style=\"height:20px\" aria-hidden=\"true\" class=\"wp-block-spacer\"><\/div>\n\n\n\n<p class=\"has-medium-font-size\"><strong>Las dos campanas: empresarios metal\u00fargicos y productores del agro<\/strong><\/p>\n\n\n\n<div style=\"height:20px\" aria-hidden=\"true\" class=\"wp-block-spacer\"><\/div>\n\n\n\n<div class=\"wp-block-image\"><figure class=\"alignleft is-resized\"><img loading=\"lazy\" decoding=\"async\" src=\"http:\/\/www.elinversorenergetico.com\/wp-content\/uploads\/2018\/06\/memempeloperu.jpg\" alt=\"Resultado de imagen para trabajadores mineros mendoza\" width=\"367\" height=\"243\"\/><\/figure><\/div>\n\n\n\n<p>El s\u00e1bado 14 de diciembre Enolife public\u00f3 una solicitada de la <strong>Asociaci\u00f3n Multisectorial del Sur en Defensa del Desarrollo Sustentable<\/strong>, en la que expresaban su fuerte rechazo al proyecto. Hoy, divulgamos el comunicado de la <strong>Asociaci\u00f3n de Industriales Metal\u00fargicos de la Provincia de Mendoza (Asinmet),<\/strong> que avala el cambio propuesto por el Ejecutivo, argumentando que \u00abhoy la miner\u00eda es una actividad que puede desarrollarse con los m\u00e1s altos est\u00e1ndares de calidad y seguridad ambiental\u00bb.<\/p>\n\n\n\n<div style=\"height:20px\" aria-hidden=\"true\" class=\"wp-block-spacer\"><\/div>\n\n\n\n<p class=\"has-background has-cyan-bluish-gray-background-color\"><strong>A continuaci\u00f3n, el texto completo del comunicado de Asinmet:  <\/strong> <\/p>\n\n\n\n<p class=\"has-background has-cyan-bluish-gray-background-color\"><em>\u00abDesde la Asociaci\u00f3n de Industriales Metal\u00fargicos de Mendoza, manifestamos nuestro aval al proyecto enviado por el Poder Ejecutivo Provincial&nbsp; para modificar la norma llamada &#8216;antiminera&#8217;.<\/em><br><em> <br>El gobernador Rodolfo Su\u00e1rez, como hab\u00eda adelantado y como hab\u00eda acordado con el Partido Justicialista, apenas asumi\u00f3, envi\u00f3 a la Legislatura el proyecto de reforma de la ley provincial 7.722, la cual ha impedido el desarrollo de la&nbsp; industria miner\u00eda metal\u00edfera&nbsp; en Mendoza.<br>\u00abDesde la Asociaci\u00f3n de Industriales Metal\u00fargicos de Mendoza, Asinmet, apoyamos la decisi\u00f3n del gobernador, entendemos&nbsp; que hoy la miner\u00eda es una actividad que puede desarrollarse con los m\u00e1s altos est\u00e1ndares de calidad y seguridad ambiental , y que se convertir\u00e1 en motor del desarrollo para una provincia que necesita, imprescindiblemente, ampliar su matriz productiva para generar m\u00e1s y mejor trabajo. Hace m\u00e1s de 10 a\u00f1os que en la Provincia no se generan nuevos puestos trabajo y crece la desocupaci\u00f3n a niveles muy preocupantes.<\/em><br><em><br>\u00abEn este sentido, vale reforzar nuestra postura respecto a que consideramos innecesaria la demora en la aprobaci\u00f3n de estas reformas con el argumento que hay que analizar en profundidad el proyecto. Estas modificaciones propuestas, son las que se acordaron durante m\u00e1s de un a\u00f1o de trabajo y aportes profesionales, a partir de los proyectos presentados por el Senador Alejandro Abraham y el ex Senador Juan Agulles. En este marco de aportes a las mejoras de la ley 7722 resaltamos &nbsp;la aplicaci\u00f3n de la Ley provincial de Ordenamiento Territorial para encauzar los proyectos, el Inventario de Glaciares , el fondo para obras h\u00eddricas y la estricta aplicaci\u00f3n de las leyes vigentes que protegen el ambiente y controlan la actividad.<\/em><br><em><br>\u00abAs\u00ed, entendemos que ya es tiempo de que todos los actores pol\u00edticos representados en la Legislatura, le puedan dar r\u00e1pido tratamiento a una herramienta que, estamos seguros, ser\u00e1 muy beneficiosa para la Mendoza del presente pero sobre todo para la Mendoza del futuro\u00bb.<\/em><\/p>\n","protected":false},"excerpt":{"rendered":"<p>Desde hoy lunes 16\/12, las comisiones de Legislaci\u00f3n y Asuntos Constitucionales, Medio Ambiente y Miner\u00eda&hellip;<\/p>\n","protected":false},"author":3,"featured_media":5872,"comment_status":"open","ping_status":"open","sticky":false,"template":"","format":"standard","meta":{"footnotes":""},"categories":[14],"tags":[],"class_list":["post-5866","post","type-post","status-publish","format-standard","has-post-thumbnail","hentry","category-news"],"_links":{"self":[{"href":"https:\/\/enolife.com.ar\/es\/wp-json\/wp\/v2\/posts\/5866","targetHints":{"allow":["GET"]}}],"collection":[{"href":"https:\/\/enolife.com.ar\/es\/wp-json\/wp\/v2\/posts"}],"about":[{"href":"https:\/\/enolife.com.ar\/es\/wp-json\/wp\/v2\/types\/post"}],"author":[{"embeddable":true,"href":"https:\/\/enolife.com.ar\/es\/wp-json\/wp\/v2\/users\/3"}],"replies":[{"embeddable":true,"href":"https:\/\/enolife.com.ar\/es\/wp-json\/wp\/v2\/comments?post=5866"}],"version-history":[{"count":0,"href":"https:\/\/enolife.com.ar\/es\/wp-json\/wp\/v2\/posts\/5866\/revisions"}],"wp:featuredmedia":[{"embeddable":true,"href":"https:\/\/enolife.com.ar\/es\/wp-json\/wp\/v2\/media\/5872"}],"wp:attachment":[{"href":"https:\/\/enolife.com.ar\/es\/wp-json\/wp\/v2\/media?parent=5866"}],"wp:term":[{"taxonomy":"category","embeddable":true,"href":"https:\/\/enolife.com.ar\/es\/wp-json\/wp\/v2\/categories?post=5866"},{"taxonomy":"post_tag","embeddable":true,"href":"https:\/\/enolife.com.ar\/es\/wp-json\/wp\/v2\/tags?post=5866"}],"curies":[{"name":"wp","href":"https:\/\/api.w.org\/{rel}","templated":true}]}}