{"id":58641,"date":"2022-04-11T02:09:48","date_gmt":"2022-04-11T02:09:48","guid":{"rendered":"http:\/\/enolife.com.ar\/es\/?p=58641"},"modified":"2022-04-13T16:02:18","modified_gmt":"2022-04-13T16:02:18","slug":"los-malbec-de-altura-festejan-su-semana-en-el-museo-de-la-vid-y-el-vino-de-cafayate-salta","status":"publish","type":"post","link":"https:\/\/enolife.com.ar\/es\/los-malbec-de-altura-festejan-su-semana-en-el-museo-de-la-vid-y-el-vino-de-cafayate-salta\/","title":{"rendered":"Los Malbec de altura festejan su semana en el Museo de la Vid y el Vino de Cafayate, Salta"},"content":{"rendered":"\n<h4 class=\"wp-block-heading\"><em><strong>El Museo de la Vid y el Vino, de Cafayate, Salta, celebra -como desde 2014- la semana del Malbec, este a\u00f1o con 4 distintas actividades, del 11 al 17\/4,  que pondr\u00e1n de manifiesto las virtudes de sus vinos de altura. Se llevar\u00e1n a cabo degustaciones con vinos salte\u00f1os, mendocinos y artesanales, dentro del Museo y a cielo abierto, se transmitir\u00e1n videos en las redes sociales con los pasos para la elaboraci\u00f3n de la cepa emblema argentina, y se podr\u00e1 disfrutar de m\u00fasica en vivo. El cupo para los asistentes es limitado, y las entradas, que pueden adquirirse en la misma boleter\u00eda del Museo salte\u00f1o, cuestan $500 y $600.<\/strong><\/em><\/h4>\n\n\n\n<div style=\"height:20px\" aria-hidden=\"true\" class=\"wp-block-spacer\"><\/div>\n\n\n<a href=\"https:\/\/instagram.com\/labelsolutions?igshid=YmMyMTA2M2Y=\" aria-label=\"Banner Palero 1700&#215;500\"><img loading=\"lazy\" decoding=\"async\" src=\"https:\/\/enolife.com.ar\/es\/wp-content\/uploads\/2021\/09\/Banner-Palero-1700x500-1.gif\" alt=\"\"  width=\"1700\" height=\"500\"   \/><\/a>\n\n\n<div style=\"height:37px\" aria-hidden=\"true\" class=\"wp-block-spacer\"><\/div>\n\n\n\n<p>Para celebrar el <strong>D\u00eda Internacional del Malbec (17\/4)<\/strong>, instituido por <strong>Wines of Argentina<\/strong>, el Museo de la Vid y el Vino, emplazado en los Valles Calchaqu\u00edes, Salta, ofrecer\u00e1 una serie de actividades, del 11 al 17\/4, para destacar la tipicidad de sus suelos y degustar sus malbec de altura.<\/p>\n\n\n\n<p>Los festejos comienzan de manera did\u00e1ctica, el <strong>11 de abril<\/strong>, con <strong>\u00abMomentos Malbec\u00bb,<\/strong> utilizando sus <strong>redes sociales<\/strong> para mostrar videos de los pasos que se necesitan para elaborar un malbec, conocer c\u00f3mo pasa la uva del racimo a la copa convertida en vino. Luego, contin\u00faan las actividades presenciales con degustaciones, seg\u00fan la siguiente agenda:<\/p>\n\n\n\n<div style=\"height:20px\" aria-hidden=\"true\" class=\"wp-block-spacer\"><\/div>\n\n\n\n<p class=\"has-background has-very-light-gray-background-color\"><strong>Jueves 14 de abril, 19.30 hs: Destino Malbec<\/strong><\/p>\n\n\n\n<p>Una degustaci\u00f3n que propone un viaje entre Salta y Mendoza degustando 6 malbec de ambas provincias con distintos estilos de elaboraci\u00f3n. Estar\u00e1 dirigido por un disertante de cada provincia conectados y en vivo. Cupo limitado. Costo: $600.<\/p>\n\n\n\n<div style=\"height:20px\" aria-hidden=\"true\" class=\"wp-block-spacer\"><\/div>\n\n\n\n<p class=\"has-background has-very-light-gray-background-color\"><strong>Viernes 15 de abril 19.30 hs: Desde el coraz\u00f3n del Valle&nbsp;<\/strong><\/p>\n\n\n\n<p>Es una degustaci\u00f3n de malbec y otras cepas bajo el cielo de Cafayate, para conocer&nbsp; los vinos de las bodegas artesanales y de peque\u00f1os productores con sus botellas&nbsp;de partida limitada.&nbsp;El anochecer estar\u00e1 acompa\u00f1ado por buena m\u00fasica del DJ Picante de Pollo y un espect\u00e1culo de Saya. Cupo limitado. Costo: $500.<\/p>\n\n\n\n<div style=\"height:20px\" aria-hidden=\"true\" class=\"wp-block-spacer\"><\/div>\n\n\n\n<p class=\"has-background has-very-light-gray-background-color\"><strong> S\u00e1bado 16 de abril 19.30 hs: Malbec de altura&nbsp;<\/strong><\/p>\n\n\n\n<p>Un sal\u00f3n de vinos a cielo abierto para poder descubrir y degustar los malbec de altura presentados por Bodegas de Salta, con m\u00fasica folk andina del DJ Picante de Pollo y espect\u00e1culo de Tinku. Tambi\u00e9n se dar\u00e1n a degustar otras cepas. Con cupo limitado. Costo: $500.<\/p>\n\n\n\n<p><strong>Las entradas se deben adquirir por anticipado y est\u00e1n disponibles en la boleter\u00eda del Museo de la Vid y el Vino, Avenida G\u00fcemes Sur esquina Ferm\u00edn Perdiguero, Cafayate Salta.<\/strong><\/p>\n\n\n\n<p><strong>Tambi\u00e9n se pueden reservar al tel\u00e9fono 03868 422322 y pagarlas la ma\u00f1ana del evento.<\/strong><\/p>\n\n\n\n<div style=\"height:32px\" aria-hidden=\"true\" class=\"wp-block-spacer\"><\/div>\n","protected":false},"excerpt":{"rendered":"<p>El Museo de la Vid y el Vino, de Cafayate, Salta, celebra -como desde 2014-&hellip;<\/p>\n","protected":false},"author":3,"featured_media":58678,"comment_status":"open","ping_status":"open","sticky":false,"template":"","format":"standard","meta":{"footnotes":""},"categories":[47],"tags":[],"class_list":["post-58641","post","type-post","status-publish","format-standard","has-post-thumbnail","hentry","category-agenda"],"_links":{"self":[{"href":"https:\/\/enolife.com.ar\/es\/wp-json\/wp\/v2\/posts\/58641","targetHints":{"allow":["GET"]}}],"collection":[{"href":"https:\/\/enolife.com.ar\/es\/wp-json\/wp\/v2\/posts"}],"about":[{"href":"https:\/\/enolife.com.ar\/es\/wp-json\/wp\/v2\/types\/post"}],"author":[{"embeddable":true,"href":"https:\/\/enolife.com.ar\/es\/wp-json\/wp\/v2\/users\/3"}],"replies":[{"embeddable":true,"href":"https:\/\/enolife.com.ar\/es\/wp-json\/wp\/v2\/comments?post=58641"}],"version-history":[{"count":0,"href":"https:\/\/enolife.com.ar\/es\/wp-json\/wp\/v2\/posts\/58641\/revisions"}],"wp:featuredmedia":[{"embeddable":true,"href":"https:\/\/enolife.com.ar\/es\/wp-json\/wp\/v2\/media\/58678"}],"wp:attachment":[{"href":"https:\/\/enolife.com.ar\/es\/wp-json\/wp\/v2\/media?parent=58641"}],"wp:term":[{"taxonomy":"category","embeddable":true,"href":"https:\/\/enolife.com.ar\/es\/wp-json\/wp\/v2\/categories?post=58641"},{"taxonomy":"post_tag","embeddable":true,"href":"https:\/\/enolife.com.ar\/es\/wp-json\/wp\/v2\/tags?post=58641"}],"curies":[{"name":"wp","href":"https:\/\/api.w.org\/{rel}","templated":true}]}}