{"id":5859,"date":"2019-12-14T15:50:42","date_gmt":"2019-12-14T15:50:42","guid":{"rendered":"http:\/\/enolife.com.ar\/es\/?p=5859"},"modified":"2019-12-17T21:48:52","modified_gmt":"2019-12-17T21:48:52","slug":"por-decreto-aumentaron-las-retenciones-por-exportacion-a-productos-agricolas","status":"publish","type":"post","link":"https:\/\/enolife.com.ar\/es\/por-decreto-aumentaron-las-retenciones-por-exportacion-a-productos-agricolas\/","title":{"rendered":"Por decreto, aumentaron las retenciones por exportaci\u00f3n a productos agr\u00edcolas"},"content":{"rendered":"\n<h4 class=\"wp-block-heading\"><em><strong>La medida se public\u00f3 hoy s\u00e1bado 14\/12\/19 en el Bolet\u00edn Oficial, dispuesta por el ministro de Agricultura, Luis Basterra, y rubricada por el presidente Alberto Fern\u00e1ndez. Se elimina la f\u00f3rmula de la retenci\u00f3n de $4 por d\u00f3lar exportado. La soja es el principal producto afectado, con un total de retenci\u00f3n cercano al 30%. Otros productos pagar\u00e1n el 9% y algunos el 5%.<\/strong><\/em><\/h4>\n\n\n\n<div style=\"height:29px\" aria-hidden=\"true\" class=\"wp-block-spacer\"><\/div>\n\n\n\n<p>A trav\u00e9s del decreto, el Gobierno nacional aument\u00f3 las retenciones a distintos sectores exportadores del campo. Mediante la norma, se elimin\u00f3 la f\u00f3rmula de fijar como derecho de exportaci\u00f3n $ 4 por d\u00f3lar exportado que estableci\u00f3 el gobierno de Mauricio Macri para los cereales y otras materias primas, por lo que<strong> la soja en principio, quedar\u00eda en 30% (18% m\u00e1s 12%). Otros productos pagar\u00e1n 9% y algunos quedar\u00e1n en $ 3 por d\u00f3lar, que hoy implica 5%.<\/strong><\/p>\n\n\n\n<div style=\"height:20px\" aria-hidden=\"true\" class=\"wp-block-spacer\"><\/div>\n\n\n\n<p class=\"has-background has-very-light-gray-background-color\"><strong>Decreto 37\/2019 &#8211; DECRE-2019-37-APN-PTE &#8211; Decreto N\u00b0&nbsp;793\/2018. Modificaci\u00f3n: <\/strong><a href=\"https:\/\/www.boletinoficial.gob.ar\/detalleAviso\/primera\/223859\/20191214\">https:\/\/www.boletinoficial.gob.ar\/detalleAviso\/primera\/223859\/20191214<\/a><\/p>\n\n\n\n<div style=\"height:20px\" aria-hidden=\"true\" class=\"wp-block-spacer\"><\/div>\n\n\n\n<p>Adem\u00e1s, tambi\u00e9n sali\u00f3 publicada una<strong>&nbsp;resoluci\u00f3n del Ministerio de Agricultura<\/strong>&nbsp;mediante la cual se cierra el registro de exportaciones el lunes. De acuerdo con la norma 196, <em>\u201cconsiderando que el Gobierno Nacional ha adoptado la decisi\u00f3n de proceder a modificar algunos de los derechos de exportaci\u00f3n\u201d y ante la \u201cnecesidad de preservar la transparencia del mercado mientras se procede a adoptar dicha medida\u201d, torna recomendable la suspensi\u00f3n temporaria del Registro de Declaraciones Juradas de Venta al Exterior (DJVE)\u00bb.<\/em><\/p>\n\n\n\n<p>Por ello, el ministro de Agricultura, Luis Eugenio Basterra, dispuso, en el\nart\u00edculo 1\u00ba de la resoluci\u00f3n, suspender por el d\u00eda 16 de diciembre (el lunes)\nla registraci\u00f3n de las DJVE.<\/p>\n\n\n\n<p>En el sector est\u00e1n analizando las medidas, pero lo que manifestaron algunas\nfuentes ruralistas es que al sacar el tope de $4 por d\u00f3lar,&nbsp;<strong>las\nretenciones a la soja se elevar\u00edan, en principio, al 30%<\/strong>, ya que vuelve a\nregir el 12% previo. La soja ten\u00eda un 18% fijo, que sumado al 12% da un total\nde 30%. El cierre del registro de exportaciones de granos genera dudas entre\nlos productores y exportadores sobre las decisiones que pueda tomar el Gobierno\na partir del lunes, ya que hay temor de que pueda haber m\u00e1s incrementos.<\/p>\n\n\n\n<p>En cuanto al<strong>&nbsp;trigo, el ma\u00edz y girasol, quedar\u00edan en 12%<\/strong>, seg\u00fan el\nan\u00e1lisis de la Sociedad Rural Argentina, en tanto que pagar\u00e1n&nbsp;<strong>9% las\nexportaciones de carne, pescado, leche en polvo y algunos productos regionales\ncomo porotos y legumbres.&nbsp;<\/strong>Otros<strong>&nbsp;l\u00e1cteos, como los quesos,\ntributar\u00e1n $ 3 por d\u00f3lar (5%), lo mismo que otros productos regionales como,\npor ejemplo, las frutas.<\/strong><\/p>\n\n\n\n<p>\u201c<em>Este cambio lamentablemente genera un impacto mucho m\u00e1s fuerte sobre la rentabilidad. Queda m\u00e1s da\u00f1ado todo lo que es la agricultura y va a generar una disminuci\u00f3n en el \u00e1rea de siembra y menor inversi\u00f3n en tecnolog\u00eda de los cultivos. Hist\u00f3ricamente en la Argentina vimos esto. Vamos a ver si nos recibe el ministro y ver c\u00f3mo podemos llegar a compensar<\/em>\u201d, <strong>enfatiz\u00f3 el titular de Confederaciones Rurales Argentinas (CRA), Jorge Chemes.<\/strong><\/p>\n\n\n\n<p>A su vez, el presidente de la Sociedad Rural Argentina (SRA), Daniel Pellegrina, asegur\u00f3 que \u201csiempre el campo es el primero\u00bb. <em>\u201cNo es el camino correcto. El impacto que va a tener el productor va a ser muy grande\u201d<\/em>, asegur\u00f3 el ruralista.<\/p>\n\n\n\n<p class=\"has-small-font-size\"><em><strong>Fuente: Natalia Donato \/ Infobae<\/strong><\/em><\/p>\n","protected":false},"excerpt":{"rendered":"<p>La medida se public\u00f3 hoy s\u00e1bado 14\/12\/19 en el Bolet\u00edn Oficial, dispuesta por el ministro&hellip;<\/p>\n","protected":false},"author":3,"featured_media":5863,"comment_status":"open","ping_status":"open","sticky":false,"template":"","format":"standard","meta":{"footnotes":""},"categories":[14],"tags":[],"class_list":["post-5859","post","type-post","status-publish","format-standard","has-post-thumbnail","hentry","category-news"],"_links":{"self":[{"href":"https:\/\/enolife.com.ar\/es\/wp-json\/wp\/v2\/posts\/5859","targetHints":{"allow":["GET"]}}],"collection":[{"href":"https:\/\/enolife.com.ar\/es\/wp-json\/wp\/v2\/posts"}],"about":[{"href":"https:\/\/enolife.com.ar\/es\/wp-json\/wp\/v2\/types\/post"}],"author":[{"embeddable":true,"href":"https:\/\/enolife.com.ar\/es\/wp-json\/wp\/v2\/users\/3"}],"replies":[{"embeddable":true,"href":"https:\/\/enolife.com.ar\/es\/wp-json\/wp\/v2\/comments?post=5859"}],"version-history":[{"count":0,"href":"https:\/\/enolife.com.ar\/es\/wp-json\/wp\/v2\/posts\/5859\/revisions"}],"wp:featuredmedia":[{"embeddable":true,"href":"https:\/\/enolife.com.ar\/es\/wp-json\/wp\/v2\/media\/5863"}],"wp:attachment":[{"href":"https:\/\/enolife.com.ar\/es\/wp-json\/wp\/v2\/media?parent=5859"}],"wp:term":[{"taxonomy":"category","embeddable":true,"href":"https:\/\/enolife.com.ar\/es\/wp-json\/wp\/v2\/categories?post=5859"},{"taxonomy":"post_tag","embeddable":true,"href":"https:\/\/enolife.com.ar\/es\/wp-json\/wp\/v2\/tags?post=5859"}],"curies":[{"name":"wp","href":"https:\/\/api.w.org\/{rel}","templated":true}]}}