{"id":58481,"date":"2022-04-07T00:47:31","date_gmt":"2022-04-07T00:47:31","guid":{"rendered":"http:\/\/enolife.com.ar\/es\/?p=58481"},"modified":"2022-04-08T18:14:11","modified_gmt":"2022-04-08T18:14:11","slug":"con-acuerdo-del-senado-sergio-marinelli-seguira-como-titular-de-irrigacion-por-5-anos-mas","status":"publish","type":"post","link":"https:\/\/enolife.com.ar\/es\/con-acuerdo-del-senado-sergio-marinelli-seguira-como-titular-de-irrigacion-por-5-anos-mas\/","title":{"rendered":"Con acuerdo del Senado, Sergio Marinelli seguir\u00e1 como titular de Irrigaci\u00f3n por 5 a\u00f1os m\u00e1s"},"content":{"rendered":"\n<h4 class=\"wp-block-heading\"><em><strong>El ingeniero agrimensor sanrafaelino se convirti\u00f3 en el primer superintendente del organismo mendocino fiscalizador y regulador del agua de riego en ser reelegido en su cargo desde que en 1916 se estableci\u00f3 el m\u00e9todo de selecci\u00f3n vigente: postulaci\u00f3n por el gobernador, aprobaci\u00f3n en audiencia p\u00fablica y conformidad del Senado. Marinelli cosech\u00f3 2021 adhesiones y 1 sola impugnaci\u00f3n en la mencionada audiencia, mientras en la Legislatura obtuvo 26 votos a favor y 5 en contra.<\/strong><\/em><\/h4>\n\n\n\n<div style=\"height:33px\" aria-hidden=\"true\" class=\"wp-block-spacer\"><\/div>\n\n\n<a href=\"https:\/\/www.instagram.com\/vinventions.sudamerica\/\" aria-label=\"Banner_Subr_1700x500\"><img loading=\"lazy\" decoding=\"async\" src=\"https:\/\/enolife.com.ar\/es\/wp-content\/uploads\/2019\/07\/Banner_Subr_1700x500.gif\" alt=\"\"  width=\"1700\" height=\"501\"   \/><\/a>\n\n\n<div style=\"height:47px\" aria-hidden=\"true\" class=\"wp-block-spacer\"><\/div>\n\n\n\n<p>El ingeniero <strong>Sergio Marinelli<\/strong> fue postulado para renovar su mandato en el Departamento General de Irrigaci\u00f3n (DGI) por el <strong>Poder Ejecutivo de Mendoza<\/strong> y, tras pasar por una <strong>Audiencia P\u00fablica<\/strong> en la que expuso los resultados de su gesti\u00f3n, su pliego de antecedentes lleg\u00f3 a la <strong>Legislatura<\/strong>, donde fue aprobado ayer por <strong>26 votos positivos y 5 negativos<\/strong>. Ser\u00e1 el primer titular que tenga dos mandatos -de 5 a\u00f1os cada uno- al frente del organismo.<\/p>\n\n\n\n<div style=\"height:20px\" aria-hidden=\"true\" class=\"wp-block-spacer\"><\/div>\n\n\n\n<h4 class=\"has-vivid-red-color has-text-color wp-block-heading\"><strong>Marinelli lleg\u00f3 al Departamento General de Irrigaci\u00f3n en 2017, postulado por el entonces gobernador Alfredo Cornejo, luego de desempe\u00f1arse al frente de la Secretar\u00eda de Servicios P\u00fablicos. En aquel momento reemplaz\u00f3 al peronista Jos\u00e9 Luis \u00c1lvarez.<\/strong><\/h4>\n\n\n\n<div style=\"height:20px\" aria-hidden=\"true\" class=\"wp-block-spacer\"><\/div>\n\n\n\n<p>En su informe de gesti\u00f3n ante los legisladores, Marinelli se\u00f1al\u00f3: \u00ab<em>Enfrentar los desaf\u00edos del cambio clim\u00e1tico y la sequ\u00eda ha sido una gran apuesta para mi gesti\u00f3n al frente del Departamento General de Irrigaci\u00f3n&#8230; Alcanzar una mayor eficiencia en todas las \u00e1reas, en especial en la distribuci\u00f3n y manejo del agua, ha sido el principal objetivo en estos cinco a\u00f1os al frente del organismo<\/em>\u00ab.<\/p>\n\n\n\n<p>El <strong>Departamento General de Irrigaci\u00f3n<\/strong> es un organismo aut\u00e1rquico y aut\u00f3nomo, que se financia exclusivamente con el aporte de sus usuarios, y administra y gestiona el agua cruda de la que dispone la provincia de Mendoza.<\/p>\n\n\n\n<p>En la Audiencia P\u00fablica, Marinell\u00ed expres\u00f3 que sus l\u00edneas de acci\u00f3n fueron \u00ab<em>muy concretas, con modelos de gesti\u00f3n basados en la oferta, la demanda y lo ambiental del recurso h\u00eddrico, adem\u00e1s de la creaci\u00f3n de programas para la puesta en valor del agua, la modernizaci\u00f3n en la actuaci\u00f3n del Estado y el acceso a la informaci\u00f3n p\u00fablica<\/em>\u00ab.<\/p>\n\n\n\n<p>\u00ab<em>A los fines de aumentar la disponibilidad de agua frente a las exigencias del cambio clim\u00e1tico y la sequ\u00eda en la que se encuentra la provincia de Mendoza<\/em> -sostuvo el ingeniero-, <em>en estos cinco a\u00f1os impulsamos y desarrollamos con recursos propios ambiciosos planes de obras e inversiones de capital que involucraron una inversi\u00f3n de m\u00e1s de $2.500 millones distribuidas en la totalidad de las cuencas provinciales\u00bb<\/em>.<\/p>\n\n\n\n<p>Seg\u00b4\u00b4un los documentos expuestos en el Informe del superintendente redesignado, el presupuesto de Irrigaci\u00f3n se increment\u00f3 entre los a\u00f1os 2017 y 2022 un 440%, de acuerdo al siguiente detalle (ver cuadro), mientras que la inflaci\u00f3n acumulada registrada en el mismo per\u00edodo fue mayor, del 505%.<\/p>\n\n\n\n<div style=\"height:20px\" aria-hidden=\"true\" class=\"wp-block-spacer\"><\/div>\n\n\n\n<div class=\"wp-block-image\"><figure class=\"aligncenter is-resized\"><img loading=\"lazy\" decoding=\"async\" src=\"https:\/\/www.irrigacion.gov.ar\/web\/wp-content\/uploads\/2022\/03\/IMG-20220330-WA0036-1024x1024.jpg\" alt=\"\" width=\"528\" height=\"528\"\/><\/figure><\/div>\n\n\n\n<div style=\"height:20px\" aria-hidden=\"true\" class=\"wp-block-spacer\"><\/div>\n\n\n\n<p>En cuanto a la utilizaci\u00f3n de los recursos, Marinelli expuso el siguiente cuadro de gastos:<\/p>\n\n\n\n<div style=\"height:20px\" aria-hidden=\"true\" class=\"wp-block-spacer\"><\/div>\n\n\n\n<div class=\"wp-block-image\"><figure class=\"aligncenter is-resized\"><img loading=\"lazy\" decoding=\"async\" src=\"https:\/\/www.irrigacion.gov.ar\/web\/wp-content\/uploads\/2022\/03\/IMG-20220330-WA0035-1024x624.jpg\" alt=\"\" width=\"549\" height=\"334\"\/><\/figure><\/div>\n\n\n\n<div style=\"height:20px\" aria-hidden=\"true\" class=\"wp-block-spacer\"><\/div>\n\n\n\n<p>En otro momento de su informe, el ingeniero Marinelli fundament\u00f3: \u00ab<em>Junto al tradicional modelo de gesti\u00f3n de la oferta de agua, que en general pone el foco en las obras de infraestructura para generar la disponibilidad h\u00eddrica, se planific\u00f3 y llev\u00f3 adelante la implementaci\u00f3n de un exhaustivo modelo de gesti\u00f3n basado en la demanda. Pero no s\u00f3lo la cantidad de agua es un tema medular a gestionar, la calidad del recurso es la clave en regiones semides\u00e9rticas como la nuestra. Por esa raz\u00f3n se inici\u00f3 la implementaci\u00f3n de un modelo de gesti\u00f3n ambiental del agua, a trav\u00e9s del impulso de la modificaci\u00f3n de las normas sobre calidad del agua y la creaci\u00f3n de la Direcci\u00f3n de Gesti\u00f3n Ambiental del Recurso H\u00eddrico. Hay nuevas demandas de la sociedad, las reconocemos y gestionamos en consecuencia<\/em>\u00ab.<\/p>\n\n\n\n<div style=\"height:20px\" aria-hidden=\"true\" class=\"wp-block-spacer\"><\/div>\n\n\n\n<p class=\"has-background has-pale-cyan-blue-background-color\"><strong>Articulaci\u00f3n con el INTA y la Coviar<\/strong><br><br>En el actual contexto de sequ\u00eda es necesario un trabajo y una planificaci\u00f3n conjunta de todos los organismos involucrados en la gesti\u00f3n y uso del agua. Por ello, Irrigaci\u00f3n fortaleci\u00f3 su alianza estrat\u00e9gica de trabajo con las Inspecciones de Cauce y logr\u00f3 la articulaci\u00f3n con el <strong>Instituto Nacional de Tecnolog\u00eda Agropecuaria (INTA)<\/strong> y la <strong>Corporaci\u00f3n Vitivin\u00edcola Argentina (Coviar)<\/strong>, para desarrollar proyectos comunes como la eficiencia de riego intrafinca. Tambi\u00e9n se fortaleci\u00f3 la profesionalizaci\u00f3n del personal en recursos h\u00eddricos en conjunto con la <strong>Facultad de Ciencias Agrarias y de Ciencias Econ\u00f3micas de la  Universidad Nacional de Cuyo.<\/strong><\/p>\n\n\n\n<div style=\"height:20px\" aria-hidden=\"true\" class=\"wp-block-spacer\"><\/div>\n\n\n\n<p>Finalmente, Marinelli destac\u00f3 que la gesti\u00f3n de las aguas subterr\u00e1neas merec\u00eda especial atenci\u00f3n al inicio de la gesti\u00f3n, por conflictos con el otorgamiento de pozos, juicios y resoluciones de la Corte. Por esto, detall\u00f3, se inici\u00f3 un <strong>Programa de Reordenamiento y Modernizaci\u00f3n de Aguas Subterr\u00e1neas <\/strong>otorgando transparencia al sistema. En esa l\u00ednea, se puso en funcionamiento el <strong>Programa de Regularizaci\u00f3n Dominial y Registral<\/strong>, a la par de acciones para mejorar el uso urbano del agua.<\/p>\n\n\n\n<div style=\"height:53px\" aria-hidden=\"true\" class=\"wp-block-spacer\"><\/div>\n","protected":false},"excerpt":{"rendered":"<p>El ingeniero agrimensor sanrafaelino se convirti\u00f3 en el primer superintendente del organismo mendocino fiscalizador y&hellip;<\/p>\n","protected":false},"author":3,"featured_media":58519,"comment_status":"open","ping_status":"open","sticky":false,"template":"","format":"standard","meta":{"footnotes":""},"categories":[14],"tags":[],"class_list":["post-58481","post","type-post","status-publish","format-standard","has-post-thumbnail","hentry","category-news"],"_links":{"self":[{"href":"https:\/\/enolife.com.ar\/es\/wp-json\/wp\/v2\/posts\/58481","targetHints":{"allow":["GET"]}}],"collection":[{"href":"https:\/\/enolife.com.ar\/es\/wp-json\/wp\/v2\/posts"}],"about":[{"href":"https:\/\/enolife.com.ar\/es\/wp-json\/wp\/v2\/types\/post"}],"author":[{"embeddable":true,"href":"https:\/\/enolife.com.ar\/es\/wp-json\/wp\/v2\/users\/3"}],"replies":[{"embeddable":true,"href":"https:\/\/enolife.com.ar\/es\/wp-json\/wp\/v2\/comments?post=58481"}],"version-history":[{"count":0,"href":"https:\/\/enolife.com.ar\/es\/wp-json\/wp\/v2\/posts\/58481\/revisions"}],"wp:featuredmedia":[{"embeddable":true,"href":"https:\/\/enolife.com.ar\/es\/wp-json\/wp\/v2\/media\/58519"}],"wp:attachment":[{"href":"https:\/\/enolife.com.ar\/es\/wp-json\/wp\/v2\/media?parent=58481"}],"wp:term":[{"taxonomy":"category","embeddable":true,"href":"https:\/\/enolife.com.ar\/es\/wp-json\/wp\/v2\/categories?post=58481"},{"taxonomy":"post_tag","embeddable":true,"href":"https:\/\/enolife.com.ar\/es\/wp-json\/wp\/v2\/tags?post=58481"}],"curies":[{"name":"wp","href":"https:\/\/api.w.org\/{rel}","templated":true}]}}