{"id":58289,"date":"2022-04-05T02:53:32","date_gmt":"2022-04-05T02:53:32","guid":{"rendered":"http:\/\/enolife.com.ar\/es\/?p=58289"},"modified":"2022-04-07T00:48:05","modified_gmt":"2022-04-07T00:48:05","slug":"crece-el-interes-por-el-vino-en-san-luis-20-bodegas-100-etiquetas-y-1-000-visitantes-en-la-wine-fair","status":"publish","type":"post","link":"https:\/\/enolife.com.ar\/es\/crece-el-interes-por-el-vino-en-san-luis-20-bodegas-100-etiquetas-y-1-000-visitantes-en-la-wine-fair\/","title":{"rendered":"Crece el inter\u00e9s por el vino en San Luis: 20 bodegas, 100 etiquetas y 1.000 visitantes en la Wine Fair"},"content":{"rendered":"\n<h4 class=\"wp-block-heading\"><em><strong>Con la participaci\u00f3n de bodegas de Mendoza, San Juan y San Luis, concluy\u00f3  la segunda edici\u00f3n de la feria de vinos organizada por la distribuidora Gran Casa Vinos. La tercera edici\u00f3n de la feria ya tiene fecha para setiembre. El apoyo a la actividad del Gobierno de esa provincia y de la Municipalidad de Juana Koslay, sumado a la presencia de 4 j\u00f3venes bodegas locales, demuestran que en la regi\u00f3n le \u00abponen fichas\u00bb a la a\u00fan incipiente vitivinicultura puntana.<\/strong><\/em><\/h4>\n\n\n\n<div style=\"height:35px\" aria-hidden=\"true\" class=\"wp-block-spacer\"><\/div>\n\n\n\n\n\n<div style=\"height:67px\" aria-hidden=\"true\" class=\"wp-block-spacer\"><\/div>\n\n\n\n<p>Con la entusiasta adhesi\u00f3n de unos 1.000 personas que bebieron vino y disfrutaron el paseo, se llev\u00f3 a cabo la segunda edici\u00f3n de la <strong>San Luis Wine Fair<\/strong>, encuentro organizado por <strong>Gran Casa Vinos<\/strong> junto a la <strong>Escuela Superior de Alta Cocina (ESAC)<\/strong> y <strong>Container Bar &amp; Grill<\/strong>, la locaci\u00f3n que alberga la feria de vinos y que ya se convirti\u00f3 en la cita obligada de todos los <em>winelovers<\/em> de <strong>San Luis.<\/strong><\/p>\n\n\n\n<p>La Feria cont\u00f3 con la participaci\u00f3n de m\u00e1s de <strong>20 bodegas de Mendoza, San Juan y San Luis<\/strong>, que presentaron una amplia diversidad de etiquetas de sus portfolios. Adem\u00e1s, el p\u00fablico asistente pudo disfrutar de diversas opciones gastron\u00f3micas y tambi\u00e9n de destilados v\u00ednicos.<\/p>\n\n\n\n<div style=\"height:20px\" aria-hidden=\"true\" class=\"wp-block-spacer\"><\/div>\n\n\n\n<div class=\"wp-block-image\"><figure class=\"aligncenter size-large is-resized\"><img loading=\"lazy\" decoding=\"async\" src=\"https:\/\/enolife.com.ar\/es\/wp-content\/uploads\/2022\/04\/san-luis-wine-fair-2022-3-1024x440.jpg\" alt=\"\" class=\"wp-image-58322\" width=\"571\" height=\"245\" srcset=\"https:\/\/enolife.com.ar\/es\/wp-content\/uploads\/2022\/04\/san-luis-wine-fair-2022-3-1024x440.jpg 1024w, https:\/\/enolife.com.ar\/es\/wp-content\/uploads\/2022\/04\/san-luis-wine-fair-2022-3-300x129.jpg 300w, https:\/\/enolife.com.ar\/es\/wp-content\/uploads\/2022\/04\/san-luis-wine-fair-2022-3-768x330.jpg 768w, https:\/\/enolife.com.ar\/es\/wp-content\/uploads\/2022\/04\/san-luis-wine-fair-2022-3-1170x503.jpg 1170w, https:\/\/enolife.com.ar\/es\/wp-content\/uploads\/2022\/04\/san-luis-wine-fair-2022-3-585x251.jpg 585w, https:\/\/enolife.com.ar\/es\/wp-content\/uploads\/2022\/04\/san-luis-wine-fair-2022-3.jpg 1280w\" sizes=\"auto, (max-width: 571px) 100vw, 571px\" \/><\/figure><\/div>\n\n\n\n<div style=\"height:20px\" aria-hidden=\"true\" class=\"wp-block-spacer\"><\/div>\n\n\n\n<p>\u00ab<em>Estamos muy felices de poder concretar esta segunda edici\u00f3n de San Luis Wine Fair, con una excelente respuesta del p\u00fablico, que tuvo como valor agregado la posibilidad de degustar vinos de alta gama, entre ellas, etiquetas que alcanzan un valor de cinco mil pesos\u00bb<\/em>, cont\u00f3 <strong>Paulo Casazza<\/strong>, responsable de Gran Casa Vinos.<\/p>\n\n\n\n<p>\u00ab<em>Tenemos la gran satisfacci\u00f3n de que en esta edici\u00f3n nos han acompa\u00f1ado muchos bodegueros y gerentes de las empresas, quienes han podido disfrutar el evento y apreciar el potencial de otras plazas del pa\u00eds como es el caso de San Luis. Estamos muy contentos por sumar a nuevas bodegas que quieren participar de esta Feria, como tambi\u00e9n por el apoyo recibido por parte de la provincia y los sponsors<\/em>\u00ab, agreg\u00f3 Casazza.<\/p>\n\n\n\n<p>Por su parte, <strong>Sergio Tognelli<\/strong>, responsable de Escuela Superior de Alta Cocina, destac\u00f3 la convocatoria que ha generado el vino en San Luis. \u00ab<em>Estamos orgullosos de mostrar los vinos de esta provincia, bodegas como <strong>Corral de Palos, Los Coros, Sol Puntano, Vi\u00f1as Puntanas<\/strong>, como tambi\u00e9n de recibir una amplia cantidad de bodegas de Mendoza y San Juan que nos permite tener una oportunidad \u00fanica en un solo lugar, donde el consumidor puede degustar hasta 100 etiquetas diferentes\u00bb<\/em>, remarc\u00f3.<\/p>\n\n\n\n<div style=\"height:20px\" aria-hidden=\"true\" class=\"wp-block-spacer\"><\/div>\n\n\n\n<h4 class=\"has-vivid-red-color has-text-color wp-block-heading\">La tercera edici\u00f3n de San Luis Wine Fair ya tiene fecha: el 10 de setiembre, en la \u00abprevia\u00bb de la primaver y en la misma locaci\u00f3n de Container Bar &amp; Grill.<\/h4>\n\n\n\n<div style=\"height:20px\" aria-hidden=\"true\" class=\"wp-block-spacer\"><\/div>\n\n\n\n<p>Por parte del Gobierno de San Luis, se hizo presente el <strong>ministro de Producci\u00f3n, Juan Lavandeira<\/strong>, quien se mostr\u00f3 muy conforme con la convocatoria de la feria, pero tambi\u00e9n con el desarrollo que est\u00e1 teniendo la vitivinicultura en San Luis. \u00abDesde el gobierno de la provincia vamos a fomentar el crecimiento de la vitivinicultura, que tambi\u00e9n est\u00e1 demostrando el potencial que tiene en esta regi\u00f3n\u00bb, adelant\u00f3 el ministro.<\/p>\n\n\n\n<div style=\"height:20px\" aria-hidden=\"true\" class=\"wp-block-spacer\"><\/div>\n\n\n\n<div class=\"wp-block-image\"><figure class=\"aligncenter size-large is-resized\"><img loading=\"lazy\" decoding=\"async\" src=\"https:\/\/enolife.com.ar\/es\/wp-content\/uploads\/2022\/04\/Sergio-Tognelli-ESAC-Juan-Lavandeira-ministro-de-Producci\u00f3n-de-San-Luis-y-Paulo-Casazza-Gran-Casa-VInos.jpg\" alt=\"\" class=\"wp-image-58319\" width=\"561\" height=\"381\" srcset=\"https:\/\/enolife.com.ar\/es\/wp-content\/uploads\/2022\/04\/Sergio-Tognelli-ESAC-Juan-Lavandeira-ministro-de-Producci\u00f3n-de-San-Luis-y-Paulo-Casazza-Gran-Casa-VInos.jpg 667w, https:\/\/enolife.com.ar\/es\/wp-content\/uploads\/2022\/04\/Sergio-Tognelli-ESAC-Juan-Lavandeira-ministro-de-Producci\u00f3n-de-San-Luis-y-Paulo-Casazza-Gran-Casa-VInos-300x204.jpg 300w, https:\/\/enolife.com.ar\/es\/wp-content\/uploads\/2022\/04\/Sergio-Tognelli-ESAC-Juan-Lavandeira-ministro-de-Producci\u00f3n-de-San-Luis-y-Paulo-Casazza-Gran-Casa-VInos-585x398.jpg 585w\" sizes=\"auto, (max-width: 561px) 100vw, 561px\" \/><figcaption><em><strong>Sergio Tognelli (ESAC), Juan Lavandeira (ministro de Producci\u00f3n de San Luis) y Paulo Casazza (Gran Casa VInos)<\/strong><\/em><\/figcaption><\/figure><\/div>\n\n\n\n<div style=\"height:20px\" aria-hidden=\"true\" class=\"wp-block-spacer\"><\/div>\n\n\n\n<p>\u00ab<em>Es impresionante c\u00f3mo el consumidor va reconociendo y buscando las diversas alternativas que uno ofrece. En nuestro caso, la gente que ya conoce nuestros vinos vuelve a preguntar por las nuevas a\u00f1adas y en particular quieren degustar algunas etiquetas que hemos lanzado al mercado recientemente, como nuestro vino Reserva, el Cabernet Franc o el Viogner, que est\u00e1 adquiriendo una fama especial por su buena adopci\u00f3n en este terroir<\/em>\u00ab, destac\u00f3 <strong>Gustavo Silvestri,<\/strong> en\u00f3logo de la bodega Corral de Palos.<\/p>\n\n\n\n<p>Desde <strong>Fecovita<\/strong>, otra de las empresas que se sumaron a esta segunda edici\u00f3n, se mostraron muy satisfechos por la participaci\u00f3n y el <em>feedback <\/em>con el p\u00fablico puntano. \u00ab<em>La marca Dilema Wines apunta al segmento joven, especialmente, pero dada la variedad de productos que tenemos en nuestro portfolio, llegamos a una amplia gama de consumidores que disfrutan vinos dulces pero tambi\u00e9n secos, y con una diversidad de opciones, que van desde la lata hasta el bag in box. Estamos muy contentos con la respuesta del p\u00fablico de San Luis Wine Fair<\/em>\u00ab, remarc\u00f3 <strong>Fernando V\u00e1zquez<\/strong>, del \u00e1rea de M\u00e1rketing de Fecovita.<\/p>\n\n\n\n<div style=\"height:20px\" aria-hidden=\"true\" class=\"wp-block-spacer\"><\/div>\n\n\n\n<div class=\"wp-block-image\"><figure class=\"aligncenter size-large is-resized\"><img loading=\"lazy\" decoding=\"async\" src=\"https:\/\/enolife.com.ar\/es\/wp-content\/uploads\/2022\/04\/san-luis-wine-fair-2022-2-1024x440.jpg\" alt=\"\" class=\"wp-image-58328\" width=\"559\" height=\"240\" srcset=\"https:\/\/enolife.com.ar\/es\/wp-content\/uploads\/2022\/04\/san-luis-wine-fair-2022-2-1024x440.jpg 1024w, https:\/\/enolife.com.ar\/es\/wp-content\/uploads\/2022\/04\/san-luis-wine-fair-2022-2-300x129.jpg 300w, https:\/\/enolife.com.ar\/es\/wp-content\/uploads\/2022\/04\/san-luis-wine-fair-2022-2-768x330.jpg 768w, https:\/\/enolife.com.ar\/es\/wp-content\/uploads\/2022\/04\/san-luis-wine-fair-2022-2-1170x503.jpg 1170w, https:\/\/enolife.com.ar\/es\/wp-content\/uploads\/2022\/04\/san-luis-wine-fair-2022-2-585x251.jpg 585w, https:\/\/enolife.com.ar\/es\/wp-content\/uploads\/2022\/04\/san-luis-wine-fair-2022-2.jpg 1280w\" sizes=\"auto, (max-width: 559px) 100vw, 559px\" \/><\/figure><\/div>\n\n\n\n<div style=\"height:20px\" aria-hidden=\"true\" class=\"wp-block-spacer\"><\/div>\n\n\n\n<p>\u00ab<em>Decidimos volver nuevamente a San Luis por la gran respuesta del p\u00fablico y el inter\u00e9s que nos demuestra por conocer y probar cosas nuevas, Estas ferias sin dudas son una oportunidad para llegar a nuevos consumidores y desarrollar mercados potenciales para muchas bodegas<\/em>\u00ab, se\u00f1al\u00f3 por su parte Gerardo Catapano, quien ya particip\u00f3 de las edici\u00f3n anterior en 2021 de la Feria, que se realiza en la localidad de Juana Koslay.<\/p>\n\n\n\n<p>Otro bodega que se sum\u00f3 al evento fue <strong>Vinorum<\/strong>, desde donde presentaron parte de su porfolio tradicional pero tambi\u00e9n una novedad, como el <strong>Malbec org\u00e1nico Balestra Zingaretti<\/strong>, proveniente del Valle de Uco, vino que concentr\u00f3 el inter\u00e9s de los en\u00f3filos.<\/p>\n\n\n\n<p>\u00ab<em>Nos invitaron a participar de la feria y realmente estamos muy contentos y sorprendidos con la respuesta del p\u00fablico de San Luis<\/em>\u00ab, destac\u00f3 <strong>Cecilia Buj de Altieri<\/strong>, propietaria de Vinorum.<\/p>\n\n\n\n<div style=\"height:20px\" aria-hidden=\"true\" class=\"wp-block-spacer\"><\/div>\n\n\n\n<p class=\"has-background has-very-light-gray-background-color\"><strong>Las bodegas participantes<\/strong><br> <br><strong>De Mendoza:<\/strong> Finca Guardia Vieja, Vinorum, Catapano Family Wines, Sylvestra, Bressia, Urban Wines, Vi\u00f1as Argentinas, SinFin, Nasha Wines, Susana Balbo, Zorzal Wines, Mendel, Revancha, Huentala Wines, Herencia Wines, Cuarto Surco, Pascual Toso, Urban, Chateau Subs\u00f3nico, Famiglia Cartellone y Dilema.<br><br><strong>De San Luis:<\/strong> Corral de Palos, Los Coros, Sol Puntano y Vi\u00f1as Puntanas.<br><br><strong>De San Juan: <\/strong>Influenciados.<\/p>\n\n\n\n<div style=\"height:29px\" aria-hidden=\"true\" class=\"wp-block-spacer\"><\/div>\n\n\n\n<p>San Luis Wine Fair cont\u00f3 con el apoyo de la <strong>Secretar\u00eda de Turismo de San Luis<\/strong>, el <strong>Ministerio de Producci\u00f3n de San Luis<\/strong>, la <strong>Municipalidad de Juana Koslay<\/strong>, <strong>Toyota<\/strong>, <strong>La Pacha III (Las Chacras)<\/strong>; <strong>Multicartel (v\u00eda p\u00fablica)<\/strong>, <strong>Master Insumos de Limpieza<\/strong>, <strong>Diario La Rep\u00fablica<\/strong> y <strong>El Descorche Diario<\/strong>.<\/p>\n\n\n\n<div style=\"height:40px\" aria-hidden=\"true\" class=\"wp-block-spacer\"><\/div>\n\n\n\n<p><\/p>\n","protected":false},"excerpt":{"rendered":"<p>Con la participaci\u00f3n de bodegas de Mendoza, San Juan y San Luis, concluy\u00f3 la segunda&hellip;<\/p>\n","protected":false},"author":3,"featured_media":58323,"comment_status":"open","ping_status":"open","sticky":false,"template":"","format":"standard","meta":{"footnotes":""},"categories":[10],"tags":[],"class_list":["post-58289","post","type-post","status-publish","format-standard","has-post-thumbnail","hentry","category-ferias"],"_links":{"self":[{"href":"https:\/\/enolife.com.ar\/es\/wp-json\/wp\/v2\/posts\/58289","targetHints":{"allow":["GET"]}}],"collection":[{"href":"https:\/\/enolife.com.ar\/es\/wp-json\/wp\/v2\/posts"}],"about":[{"href":"https:\/\/enolife.com.ar\/es\/wp-json\/wp\/v2\/types\/post"}],"author":[{"embeddable":true,"href":"https:\/\/enolife.com.ar\/es\/wp-json\/wp\/v2\/users\/3"}],"replies":[{"embeddable":true,"href":"https:\/\/enolife.com.ar\/es\/wp-json\/wp\/v2\/comments?post=58289"}],"version-history":[{"count":0,"href":"https:\/\/enolife.com.ar\/es\/wp-json\/wp\/v2\/posts\/58289\/revisions"}],"wp:featuredmedia":[{"embeddable":true,"href":"https:\/\/enolife.com.ar\/es\/wp-json\/wp\/v2\/media\/58323"}],"wp:attachment":[{"href":"https:\/\/enolife.com.ar\/es\/wp-json\/wp\/v2\/media?parent=58289"}],"wp:term":[{"taxonomy":"category","embeddable":true,"href":"https:\/\/enolife.com.ar\/es\/wp-json\/wp\/v2\/categories?post=58289"},{"taxonomy":"post_tag","embeddable":true,"href":"https:\/\/enolife.com.ar\/es\/wp-json\/wp\/v2\/tags?post=58289"}],"curies":[{"name":"wp","href":"https:\/\/api.w.org\/{rel}","templated":true}]}}