{"id":58220,"date":"2022-04-09T01:14:42","date_gmt":"2022-04-09T01:14:42","guid":{"rendered":"http:\/\/enolife.com.ar\/es\/?p=58220"},"modified":"2022-04-11T14:19:50","modified_gmt":"2022-04-11T14:19:50","slug":"la-inteligencia-artificial-para-formar-profesionales-4-0-en-un-curso-de-la-uncuyo","status":"publish","type":"post","link":"https:\/\/enolife.com.ar\/es\/la-inteligencia-artificial-para-formar-profesionales-4-0-en-un-curso-de-la-uncuyo\/","title":{"rendered":"La inteligencia artificial para formar profesionales 4.0, en un curso de la UNCuyo"},"content":{"rendered":"\n<h4 class=\"wp-block-heading\"><em><strong>La Universidad Nacional de Cuyo (UNCuyo) ofrece a todos sus estudiantes de 2do a\u00f1o en adelante, de cualquier carrera, una capacitaci\u00f3n para adentrarse en el mundo de la inteligencia artificial (IA). Ser\u00e1 en el edificio de aulas comunes BACT, dentro del campus universitario de la Capital mendocina, en un ciclo de 4 charlas, los d\u00edas martes&nbsp;12\/4, 26\/4, 3\/5 &nbsp;y 10\/5  de 15 a 17 hs,&nbsp;a cargo de docentes del ITU. El curso es presencial y tiene una duraci\u00f3n de 8 horas, distribuido en 4 encuentros semanales de 2 horas cada uno. Los cupos son limitados para 45 personas, por lo que se realizar\u00e1 una selecci\u00f3n de las postulaciones, para lo cual hay que inscribirse y esperar el mail de confirmaci\u00f3n.<\/strong><\/em><\/h4>\n\n\n\n<div style=\"height:29px\" aria-hidden=\"true\" class=\"wp-block-spacer\"><\/div>\n\n\n<a href=\"https:\/\/www.parsecsrl.net\/es\/extraccion-selectiva-tintos\/\" aria-label=\"banner1700x500-rev-9\"><img loading=\"lazy\" decoding=\"async\" src=\"https:\/\/enolife.com.ar\/es\/wp-content\/uploads\/2022\/04\/banner1700x500-rev-9.gif\" alt=\"\"  width=\"1700\" height=\"500\"   \/><\/a>\n\n\n<div style=\"height:62px\" aria-hidden=\"true\" class=\"wp-block-spacer\"><\/div>\n\n\n\n<p>La capacitaci\u00f3n sobre&nbsp;<strong>inteligencia artificial (IA)<\/strong>, organizada por el&nbsp;<strong>\u00c1rea de Desarrollo Territorial&nbsp;de la&nbsp;Secretar\u00eda de Extensi\u00f3n y Vinculaci\u00f3n<\/strong>, el&nbsp;<strong>\u00c1rea de Extensi\u00f3n&nbsp;del&nbsp;Instituto Tecnol\u00f3gico Universitario<\/strong>&nbsp;y&nbsp;<strong>Corpora<\/strong>, buscar\u00e1 brindar herramientas innovadoras y de calidad para formar profesionales 4.0. Estudiantes que deseen conocer modos de aplicar datos en el sector empresarial podr\u00e1n inscribirse en este ciclo de cuatro capacitaciones que se realizar\u00e1 en los meses de abril y mayo.&nbsp;<\/p>\n\n\n\n<p>En la actualidad es frecuente escuchar hablar de&nbsp;<strong>inteligencia artificial&nbsp;<\/strong>y asociarla a grandes m\u00e1quinas que procesan datos y generan c\u00e1lculos matem\u00e1ticos y algor\u00edtmicos incomprensibles para los humanos. Sin embargo, la capacitaci\u00f3n en inteligencia artificial para estudiantes viene a refutar estas presunciones.&nbsp;<\/p>\n\n\n\n<div style=\"height:20px\" aria-hidden=\"true\" class=\"wp-block-spacer\"><\/div>\n\n\n\n<h4 class=\"has-vivid-red-color has-text-color wp-block-heading\">La inteligencia artificial es la habilidad de una m\u00e1quina de razonar a partir de la combinaci\u00f3n de grandes cantidades de datos con procesamiento r\u00e1pido e interactivo y algoritmos inteligentes, permitiendo al software aprender, crear y detectar patrones o caracter\u00edsticas en los datos.&nbsp;<\/h4>\n\n\n\n<div style=\"height:20px\" aria-hidden=\"true\" class=\"wp-block-spacer\"><\/div>\n\n\n\n<p>Durante el ciclo se desarrollar\u00e1n los aspectos te\u00f3ricos y pr\u00e1cticos con un perfil marcado hacia el sector privado, pymes y emprendedores. Este programa intensivo de 4 clases&nbsp;busca que los estudiantes puedan obtener los principales conceptos e informaci\u00f3n relevante para abordar el entendimiento y an\u00e1lisis acerca de datos, grandes vol\u00famenes de datos e IA; como colaboradores de la transformaci\u00f3n digital y tecnolog\u00eda exponencial.<\/p>\n\n\n\n<div style=\"height:20px\" aria-hidden=\"true\" class=\"wp-block-spacer\"><\/div>\n\n\n\n<p class=\"has-background has-very-light-gray-background-color\"><strong>Para inscribirse&nbsp;solo se requiere que los estudiantes est\u00e9n cursando&nbsp;cualquier carrera de la&nbsp;UNCuyo,&nbsp;de segundo a\u00f1o&nbsp;en adelante, y se puede hacer entrando al siguiente <a href=\"https:\/\/docs.google.com\/forms\/d\/1IEio0V1sJNKRxFabCrwPwhgclpo39ti6Cd_n_ddeHWU\/viewform?ts=622b4ed7&amp;edit_requested=true\">LINK <\/a><\/strong><\/p>\n\n\n\n<div style=\"height:20px\" aria-hidden=\"true\" class=\"wp-block-spacer\"><\/div>\n\n\n\n<p>Las personas seleccionadas ser\u00e1n contactadas v\u00eda mail para confirmar su asistencia en un plazo de 24 hs. determinado, en caso de no confirmar, se le dar\u00e1 el lugar a la persona que contin\u00fae en la lista.<\/p>\n\n\n\n<p>Las&nbsp;clases ser\u00e1n presenciales distribuidas en 4 encuentros semanales de 2 horas cada uno los d\u00edas martes&nbsp;<strong>12 y 26 de abril y 3&nbsp;y 10 de mayo, de 15 a 17&nbsp;hs. en el Aula N\u00b017 Sur, BACT, Ciudad Universitaria, Parque General San Mart\u00edn, Mendoza, Capital<\/strong>. Se entregar\u00e1 certificaci\u00f3n tras la aprobaci\u00f3n de un cuestionario final para comprobar que se hayan adquirido los conocimientos.<\/p>\n\n\n\n<p>El objetivo de este tipo de capacitaciones es que estudiantes y futuros profesionales que egresen de la&nbsp;UNCuyo<strong> <\/strong>cuenten con conocimientos adaptados a los tiempos que corren, en los que el manejo adecuado de la tecnolog\u00eda y sus herramientas es indispensable para ser un profesional completo. <\/p>\n\n\n\n<div style=\"height:20px\" aria-hidden=\"true\" class=\"wp-block-spacer\"><\/div>\n\n\n\n<p class=\"has-medium-font-size\"><strong>Tem\u00e1ticas&nbsp;<\/strong><\/p>\n\n\n\n<ul class=\"wp-block-list\"><li>Ecosistema de la Inteligencia Artificial: Conceptualizaci\u00f3n, regulaci\u00f3n, desaf\u00edos y problem\u00e1ticas del Tratamiento automatizado de datos personales. Big data &#8211; Datos &#8211; Metadatos.&nbsp;<\/li><li>Introducci\u00f3n al Machine learning, aprendizaje supervisado y no supervisado. Redes neuronales, introducci\u00f3n.<\/li><li>Redes neuronales de una capa \u00bfQu\u00e9 es el aprendizaje supervisado? Ecuaci\u00f3n de la recta dada dos puntos. Regresi\u00f3n y clasificaci\u00f3n, Regresi\u00f3n lineal, Regresi\u00f3n log\u00edstica. Casos multivariable<\/li><li>Aplicaci\u00f3n de redes de una capa. Ejemplos de aplicaci\u00f3n de redes de una capa. Discusi\u00f3n sobre modelos no lineales y estado del arte Cierre&nbsp;<\/li><\/ul>\n\n\n\n<p>Los docentes a cargo son&nbsp;<strong>Luciano Robino<\/strong>,&nbsp;magister en f\u00edsica por el&nbsp;Instituto Balseiro, doctorando en Ciencias de Computaci\u00f3n;&nbsp;<strong>Ariadna Luj\u00e1n Mart\u00ednez<\/strong>, diplomada en Nuevas Tecnolog\u00edas Estado Inteligente y Derecho Digital y especializada en Gobernanza de Datos en Inteligencia Artificial; y&nbsp;<strong>Sol Milagros Pino Gonzales<\/strong>, co fundadora y co directora general de la Asociaci\u00f3n Civil Simple Legaltech Seed.&nbsp;<\/p>\n\n\n\n<div style=\"height:50px\" aria-hidden=\"true\" class=\"wp-block-spacer\"><\/div>\n","protected":false},"excerpt":{"rendered":"<p>La Universidad Nacional de Cuyo (UNCuyo) ofrece a todos sus estudiantes de 2do a\u00f1o en&hellip;<\/p>\n","protected":false},"author":3,"featured_media":58449,"comment_status":"open","ping_status":"open","sticky":false,"template":"","format":"standard","meta":{"footnotes":""},"categories":[47],"tags":[],"class_list":["post-58220","post","type-post","status-publish","format-standard","has-post-thumbnail","hentry","category-agenda"],"_links":{"self":[{"href":"https:\/\/enolife.com.ar\/es\/wp-json\/wp\/v2\/posts\/58220","targetHints":{"allow":["GET"]}}],"collection":[{"href":"https:\/\/enolife.com.ar\/es\/wp-json\/wp\/v2\/posts"}],"about":[{"href":"https:\/\/enolife.com.ar\/es\/wp-json\/wp\/v2\/types\/post"}],"author":[{"embeddable":true,"href":"https:\/\/enolife.com.ar\/es\/wp-json\/wp\/v2\/users\/3"}],"replies":[{"embeddable":true,"href":"https:\/\/enolife.com.ar\/es\/wp-json\/wp\/v2\/comments?post=58220"}],"version-history":[{"count":0,"href":"https:\/\/enolife.com.ar\/es\/wp-json\/wp\/v2\/posts\/58220\/revisions"}],"wp:featuredmedia":[{"embeddable":true,"href":"https:\/\/enolife.com.ar\/es\/wp-json\/wp\/v2\/media\/58449"}],"wp:attachment":[{"href":"https:\/\/enolife.com.ar\/es\/wp-json\/wp\/v2\/media?parent=58220"}],"wp:term":[{"taxonomy":"category","embeddable":true,"href":"https:\/\/enolife.com.ar\/es\/wp-json\/wp\/v2\/categories?post=58220"},{"taxonomy":"post_tag","embeddable":true,"href":"https:\/\/enolife.com.ar\/es\/wp-json\/wp\/v2\/tags?post=58220"}],"curies":[{"name":"wp","href":"https:\/\/api.w.org\/{rel}","templated":true}]}}