{"id":5822,"date":"2019-12-14T12:17:30","date_gmt":"2019-12-14T12:17:30","guid":{"rendered":"http:\/\/enolife.com.ar\/es\/?p=5822"},"modified":"2019-12-18T16:16:35","modified_gmt":"2019-12-18T16:16:35","slug":"la-asociacion-multisectorial-del-sur-en-defensa-del-desarrollo-sustentable-rechaza-el-uso-de-quimicos-para-la-mineria","status":"publish","type":"post","link":"https:\/\/enolife.com.ar\/es\/la-asociacion-multisectorial-del-sur-en-defensa-del-desarrollo-sustentable-rechaza-el-uso-de-quimicos-para-la-mineria\/","title":{"rendered":"Empresarios y productores del sur de Mendoza rechazan el uso de qu\u00edmicos t\u00f3xicos en miner\u00eda"},"content":{"rendered":"\n<h4 class=\"wp-block-heading\"><em><strong>La Asociaci\u00f3n Multisectorial del Sur en Defensa del Desarrollo Sustentable -ONG ambientalista de arraigo en San Rafael, General Alvear y Malarg\u00fce, en actividad desde fines de 2004- public\u00f3 ayer 13\/12\/19 una solicitada en varios medios de San Rafael expresando su firme oposici\u00f3n al proyecto del gobernador Rodolfo Su\u00e1rez de flexibilizar la ley 7.722 \u00abantiminera\u00bb.<\/strong><\/em><\/h4>\n\n\n\n<hr class=\"wp-block-separator\"\/>\n\n\n\n<h4 class=\"wp-block-heading\"><em><strong>La ley 7.722 fue sancionada en 2007 y prohibe a la miner\u00eda el uso de sustancias da\u00f1inas para el hombre y el ambiente, tales como \u00e1cido sulf\u00farico, cianuro y mercurio. El proyecto de Su\u00e1rez, presentado en la Legislatura de Mendoza el 10\/12\/19, recoge una iniciativa previa de legisladores peronistas y del ex gobernador Alfredo Cornejo y propone permitir el \u00e1cido sulf\u00farico y el cianuro, bajo estrictos controles, manteniendo el cepo para el mercurio.<\/strong><\/em><\/h4>\n\n\n\n<div style=\"height:32px\" aria-hidden=\"true\" class=\"wp-block-spacer\"><\/div>\n\n\n\n<p>La <strong>Asociaci\u00f3n Multisectorial del Sur en Defensa del Desarrollo Sustentable<\/strong> fue fundada en San Rafael por empresarios, productores y otros sectores de la sociedad <strong>entre fines de 2004 y comienzos de 2005<\/strong>. Tiene una larga trayectoria en defensa del ambiente, con el foco puesto en el cuidado del esencial recurso del agua. Por ejemplo, presentando medidas legales de amparo por la falta de saneamiento ambiental en el yacimiento de uranio de Sierra Pintada y promoviendo la protecci\u00f3n de los glaciares continentales en el sur argentino y la cordillera de los Andes.  En l\u00ednea con esta postura y con otras ONGs ambientalistas de otras zonas de la provincia, el pasado 13\/12\/19 <strong>public\u00f3 una solicitada en varios medios de San Rafael<\/strong>, la que a continuaci\u00f3n reproducimos textualmente:<\/p>\n\n\n\n<div style=\"height:26px\" aria-hidden=\"true\" class=\"wp-block-spacer\"><\/div>\n\n\n\n<p class=\"has-medium-font-size\"><strong>\u00abSolicitada. Multisectorial del Sur en Defensa del Desarrollo Sustentable\u00bb <\/strong><\/p>\n\n\n\n<p>\u00abAnte el env\u00edo del Poder Ejecutivo provincial de un proyecto de ley mediante el cual se propone modificar el contenido sustancial de la ley 7.722 que proh\u00edbe en el territorio de la Provincia de Mendoza el uso de sustancias qu\u00edmicas en los procesos mineros metal\u00edferos de cateo, prospecci\u00f3n, exploraci\u00f3n, explotaci\u00f3n y\/o industrializaci\u00f3n de minerales metal\u00edferos obtenidos a trav\u00e9s de cualquier m\u00e9todo extractivo para habilitar el uso de sustancias qu\u00edmicas tales como el cianuro, el \u00e1cido sulf\u00farico y otras sustancias t\u00f3xicas similares, la Asociaci\u00f3n Multisectorial del Sur en Defensa del Desarrollo Sustentable manifiesta su total rechazo por cuanto el proyecto de ley:<\/p>\n\n\n\n<ul class=\"wp-block-list\"><li>Viola la tutela constitucional del ambiente y del uso del agua, los cuales tal como lo expres\u00f3 la Corte Suprema de Justicia configuran bienes colectivos de uso com\u00fan, indivisibles, de pertenencia comunitaria que excluyen al modelo antropoc\u00e9ntrico y dominial de regulaci\u00f3n jur\u00eddica del agua y se proyectan a un modelo eco-c\u00e9ntrico o sist\u00e9mico que no considera solamente los intereses estaduales o privados sino los del propio sistema. En este punto, soslaya que el ambiente no es para la Constituci\u00f3n argentina un objeto destinado al exclusivo servicio del hombre, apropiable en funci\u00f3n de sus necesidades y de la tecnolog\u00eda disponible, tal como aquello que responde a la voluntad de un sujeto que es su propietario.<\/li><\/ul>\n\n\n\n<div style=\"height:20px\" aria-hidden=\"true\" class=\"wp-block-spacer\"><\/div>\n\n\n\n<div class=\"wp-block-image\"><figure class=\"aligncenter\"><img loading=\"lazy\" decoding=\"async\" width=\"817\" height=\"400\" src=\"https:\/\/enolife.com.ar\/es\/wp-content\/uploads\/2019\/12\/image-18.png\" alt=\"\" class=\"wp-image-5840\" srcset=\"https:\/\/enolife.com.ar\/es\/wp-content\/uploads\/2019\/12\/image-18.png 817w, https:\/\/enolife.com.ar\/es\/wp-content\/uploads\/2019\/12\/image-18-300x147.png 300w, https:\/\/enolife.com.ar\/es\/wp-content\/uploads\/2019\/12\/image-18-768x376.png 768w, https:\/\/enolife.com.ar\/es\/wp-content\/uploads\/2019\/12\/image-18-585x286.png 585w\" sizes=\"auto, (max-width: 817px) 100vw, 817px\" \/><figcaption><strong><em> &nbsp;Cient\u00edficos de la Universidad Nacional de Cuyo analizaron el R\u00edo Jachal, en San Juan, y encontraron metales pesados producto de un accidente en la mina Veladero. <\/em><\/strong><\/figcaption><\/figure><\/div>\n\n\n\n<div style=\"height:20px\" aria-hidden=\"true\" class=\"wp-block-spacer\"><\/div>\n\n\n\n<ul class=\"wp-block-list\"><li>Conculca la obligaci\u00f3n de progresividad y no regresividad normativa que emerge de los Instrumentos Internacionales sobre Derechos Humanos que tienen jerarqu\u00eda constitucional que se vincula directamente con el principio <em>pro persona<\/em> emergente del art. 29 de la Convenci\u00f3n Americana sobre Derechos Humanos. La progresividad y no regresividad implica que los derechos fundamentales y los derechos humanos crecen o se ampl\u00edan por adici\u00f3n pero nunca disminuyen o se retraen por sustracci\u00f3n. La Corte Suprema de Justicia en la causa \u00ab<em>Registro Nacional de Trabajadores Rurales y Empleadores\u00bb<\/em> sostuvo que el principio de progresividad o no regresi\u00f3n, que veda al legislador la posibilidad de adoptar medidas injustificadamente regresivas, no solo es un principio arquitect\u00f3nico del Derecho Internacional de los Derechos Humanos, sino tambi\u00e9n, una regla que emerge de las disposiciones del texto constitucional argentino. <\/li><\/ul>\n\n\n\n<ul class=\"wp-block-list\"><li>Desconoce la sentencia de la Corte Suprema de la Provincia de Mendoza mediante la cual se estableci\u00f3 la validez constitucional de la ley 7722 como una garant\u00eda primaria del derecho al ambiente y del derecho al agua y se afianz\u00f3 la tutela de la no regresividad. <\/li><\/ul>\n\n\n\n<ul class=\"wp-block-list\"><li>Soslaya la obligaci\u00f3n que tenemos en el presente de garantizar la futuridad de las generaciones que vendr\u00e1n.<\/li><\/ul>\n\n\n\n<p class=\"has-background has-luminous-vivid-orange-background-color\">\u00ab<strong>La prohibici\u00f3n de uso de determinadas sustancias no implica la prohibici\u00f3n de la actividad minera, sino que por el contrario, persigue que toda industria l\u00edcita contribuya a la perdurabilidad del ambiente para las generaciones del presente y del futuro.<\/strong><\/p>\n\n\n\n<ul class=\"wp-block-list\"><li>La reforma de la 7722 compromete el presente y nos roba el futuro. <\/li><\/ul>\n\n\n\n<ul class=\"wp-block-list\"><li>El proyecto de ley debe ser rechazado, la sociedad mendocina no puede permitir semejante regresi\u00f3n normativa\u00bb.&nbsp;&nbsp;&nbsp;&nbsp;&nbsp;&nbsp;&nbsp;&nbsp;&nbsp;&nbsp; <\/li><\/ul>\n\n\n\n<p class=\"has-small-font-size\"><strong><em>Fuente: Asociaci\u00f3n Multisectorial del Sur en Defensa del Desarrollo Sustentable.<\/em><\/strong><\/p>\n","protected":false},"excerpt":{"rendered":"<p>La Asociaci\u00f3n Multisectorial del Sur en Defensa del Desarrollo Sustentable -ONG ambientalista de arraigo en&hellip;<\/p>\n","protected":false},"author":3,"featured_media":5832,"comment_status":"open","ping_status":"open","sticky":false,"template":"","format":"standard","meta":{"footnotes":""},"categories":[14],"tags":[],"class_list":["post-5822","post","type-post","status-publish","format-standard","has-post-thumbnail","hentry","category-news"],"_links":{"self":[{"href":"https:\/\/enolife.com.ar\/es\/wp-json\/wp\/v2\/posts\/5822","targetHints":{"allow":["GET"]}}],"collection":[{"href":"https:\/\/enolife.com.ar\/es\/wp-json\/wp\/v2\/posts"}],"about":[{"href":"https:\/\/enolife.com.ar\/es\/wp-json\/wp\/v2\/types\/post"}],"author":[{"embeddable":true,"href":"https:\/\/enolife.com.ar\/es\/wp-json\/wp\/v2\/users\/3"}],"replies":[{"embeddable":true,"href":"https:\/\/enolife.com.ar\/es\/wp-json\/wp\/v2\/comments?post=5822"}],"version-history":[{"count":0,"href":"https:\/\/enolife.com.ar\/es\/wp-json\/wp\/v2\/posts\/5822\/revisions"}],"wp:featuredmedia":[{"embeddable":true,"href":"https:\/\/enolife.com.ar\/es\/wp-json\/wp\/v2\/media\/5832"}],"wp:attachment":[{"href":"https:\/\/enolife.com.ar\/es\/wp-json\/wp\/v2\/media?parent=5822"}],"wp:term":[{"taxonomy":"category","embeddable":true,"href":"https:\/\/enolife.com.ar\/es\/wp-json\/wp\/v2\/categories?post=5822"},{"taxonomy":"post_tag","embeddable":true,"href":"https:\/\/enolife.com.ar\/es\/wp-json\/wp\/v2\/tags?post=5822"}],"curies":[{"name":"wp","href":"https:\/\/api.w.org\/{rel}","templated":true}]}}