{"id":58019,"date":"2022-04-03T15:13:04","date_gmt":"2022-04-03T15:13:04","guid":{"rendered":"http:\/\/enolife.com.ar\/es\/?p=58019"},"modified":"2022-04-04T18:20:40","modified_gmt":"2022-04-04T18:20:40","slug":"acovi-y-el-fondo-vitivinicola-entregaron-vides-a-veteranos-de-malvinas-como-simbolo-de-arraigo","status":"publish","type":"post","link":"https:\/\/enolife.com.ar\/es\/acovi-y-el-fondo-vitivinicola-entregaron-vides-a-veteranos-de-malvinas-como-simbolo-de-arraigo\/","title":{"rendered":"Acovi y el Fondo Vitivin\u00edcola entregaron vides a veteranos de Malvinas como s\u00edmbolo de arraigo"},"content":{"rendered":"\n<h4 class=\"wp-block-heading\"><em><strong>En oportunidad de conmemorarse el 2 de abril en Argentina los 40 a\u00f1os de la Guerra de Malvinas, dos importantes organizaciones del sector vitivin\u00edcola nacional, junto a autoridades de Coninagro y Fecovita, realizaron en la Enoteca de Mendoza un homenaje a los ca\u00eddos en combate, a los veteranos sobrevivientes y a sus familias. Retomando una antigua pr\u00e1ctica, que por ejemplo se realizaba en tiempos del Imperio Romano como s\u00edmbolo de pertenencia a la propia tierra, se obsequiaron a los veteranos plantas de vid. Luego hubo un almuerzo con buen vino mendocino y grupos folcl\u00f3ricos.<\/strong><\/em><\/h4>\n\n\n\n<div style=\"height:20px\" aria-hidden=\"true\" class=\"wp-block-spacer\"><\/div>\n\n\n<a href=\"https:\/\/estanciamendoza.com.ar\/es\/\" aria-label=\"Copia de BEM &#8211; Banner adaptaciones diario digital_BEM &#8211; Banner Enolife &#8211; 1700&#215;500\"><img loading=\"lazy\" decoding=\"async\" src=\"https:\/\/enolife.com.ar\/es\/wp-content\/uploads\/2019\/07\/Copia-de-BEM-Banner-adaptaciones-diario-digital_BEM-Banner-Enolife-1700x500-1.jpg\" alt=\"\"  srcset=\"https:\/\/enolife.com.ar\/es\/wp-content\/uploads\/2019\/07\/Copia-de-BEM-Banner-adaptaciones-diario-digital_BEM-Banner-Enolife-1700x500-1.jpg 1700w, https:\/\/enolife.com.ar\/es\/wp-content\/uploads\/2019\/07\/Copia-de-BEM-Banner-adaptaciones-diario-digital_BEM-Banner-Enolife-1700x500-1-300x88.jpg 300w, https:\/\/enolife.com.ar\/es\/wp-content\/uploads\/2019\/07\/Copia-de-BEM-Banner-adaptaciones-diario-digital_BEM-Banner-Enolife-1700x500-1-1024x301.jpg 1024w, https:\/\/enolife.com.ar\/es\/wp-content\/uploads\/2019\/07\/Copia-de-BEM-Banner-adaptaciones-diario-digital_BEM-Banner-Enolife-1700x500-1-768x226.jpg 768w, https:\/\/enolife.com.ar\/es\/wp-content\/uploads\/2019\/07\/Copia-de-BEM-Banner-adaptaciones-diario-digital_BEM-Banner-Enolife-1700x500-1-1536x452.jpg 1536w, https:\/\/enolife.com.ar\/es\/wp-content\/uploads\/2019\/07\/Copia-de-BEM-Banner-adaptaciones-diario-digital_BEM-Banner-Enolife-1700x500-1-1170x344.jpg 1170w, https:\/\/enolife.com.ar\/es\/wp-content\/uploads\/2019\/07\/Copia-de-BEM-Banner-adaptaciones-diario-digital_BEM-Banner-Enolife-1700x500-1-585x172.jpg 585w\" sizes=\"auto, (max-width: 1700px) 100vw, 1700px\" width=\"1700\" height=\"500\"   \/><\/a>\n\n\n<div style=\"height:44px\" aria-hidden=\"true\" class=\"wp-block-spacer\"><\/div>\n\n\n\n<p>El sector vitivin\u00edcola realizar un reconocimiento a<strong>&nbsp;veteranos de la Guerra de Malvinas, <\/strong>en conmemoraci\u00f3n a los 40 a\u00f1os del <strong>conflicto b\u00e9lico entre Argentina y Gran Breta\u00f1a<\/strong>.&nbsp;El homenaje se llev\u00f3 a cabo en <strong>La Enoteca (Museo del Vino de la capital mendocina)<\/strong> y cont\u00f3 con la presencia de los ex soldados y sus familias, la banda&nbsp;de m\u00fasica <strong>Talcahuano<\/strong>, del <strong>Regimiento de Infanter\u00eda de Monta\u00f1a 11 (RIM 11, de Uspallata),<\/strong> productores vitivin\u00edcolas y directivos de distintas entidades del sector agr\u00edcola argentino.<\/p>\n\n\n\n<div style=\"height:20px\" aria-hidden=\"true\" class=\"wp-block-spacer\"><\/div>\n\n\n\n<div class=\"wp-block-image\"><figure class=\"aligncenter size-large is-resized\"><img loading=\"lazy\" decoding=\"async\" src=\"https:\/\/enolife.com.ar\/es\/wp-content\/uploads\/2022\/04\/C0386T01-2-1024x576-1.jpg\" alt=\"\" class=\"wp-image-58026\" width=\"573\" height=\"322\" srcset=\"https:\/\/enolife.com.ar\/es\/wp-content\/uploads\/2022\/04\/C0386T01-2-1024x576-1.jpg 1024w, https:\/\/enolife.com.ar\/es\/wp-content\/uploads\/2022\/04\/C0386T01-2-1024x576-1-300x169.jpg 300w, https:\/\/enolife.com.ar\/es\/wp-content\/uploads\/2022\/04\/C0386T01-2-1024x576-1-768x432.jpg 768w, https:\/\/enolife.com.ar\/es\/wp-content\/uploads\/2022\/04\/C0386T01-2-1024x576-1-585x329.jpg 585w\" sizes=\"auto, (max-width: 573px) 100vw, 573px\" \/><\/figure><\/div>\n\n\n\n<div style=\"height:20px\" aria-hidden=\"true\" class=\"wp-block-spacer\"><\/div>\n\n\n\n<p>El emotivo acto consisti\u00f3 en honrar a los excombatientes sobrevivientes y recordar a quienes ya no est\u00e1n. Se les entreg\u00f3 a cada uno de los veteranos presentes y sus familias una&nbsp;<strong>planta de vid<\/strong>, s\u00edmbolo de arraigo desde tiempos inmemoriales, el que ha estado presente en numerosos acontecimientos de la historia de Occidente. Los antiguos romanos fueron un pueblo que promocion\u00f3 el cultivo de la vid, porque ellos observaban que generaba una fuerte pertenencia a su tierra. Justamente por esto, les otorgaban a los legionarios que volv\u00edan de las campa\u00f1as una planta de vid como s\u00edmbolo de la vuelta a su tierra.<\/p>\n\n\n\n<div style=\"height:20px\" aria-hidden=\"true\" class=\"wp-block-spacer\"><\/div>\n\n\n\n<div class=\"wp-block-image\"><figure class=\"aligncenter size-large is-resized\"><img loading=\"lazy\" decoding=\"async\" src=\"https:\/\/enolife.com.ar\/es\/wp-content\/uploads\/2022\/04\/caballero-veterano.jpg\" alt=\"\" class=\"wp-image-58030\" width=\"552\" height=\"310\" srcset=\"https:\/\/enolife.com.ar\/es\/wp-content\/uploads\/2022\/04\/caballero-veterano.jpg 1024w, https:\/\/enolife.com.ar\/es\/wp-content\/uploads\/2022\/04\/caballero-veterano-300x169.jpg 300w, https:\/\/enolife.com.ar\/es\/wp-content\/uploads\/2022\/04\/caballero-veterano-768x432.jpg 768w, https:\/\/enolife.com.ar\/es\/wp-content\/uploads\/2022\/04\/caballero-veterano-585x329.jpg 585w\" sizes=\"auto, (max-width: 552px) 100vw, 552px\" \/><figcaption><em><strong>Veterano de guerra, Caballero<\/strong><\/em><\/figcaption><\/figure><\/div>\n\n\n\n<div style=\"height:20px\" aria-hidden=\"true\" class=\"wp-block-spacer\"><\/div>\n\n\n\n<p>Durante el acto, el subgerente de&nbsp;Acovi,<strong>&nbsp;Nicol\u00e1s Vicchi<\/strong>, puso en valor lo hecho por los combatientes durante la Guerra en 1982. En tanto que por la Federaci\u00f3n de Veteranos habl\u00f3 el&nbsp;<strong>VGM Caballero<\/strong>, quien destac\u00f3 la importancia del homenaje realizado por el sector vitivin\u00edcola.<\/p>\n\n\n\n<p>La ceremonia cont\u00f3 con m\u00e1s de<strong>&nbsp;40 veteranos y sus familias<\/strong>, la participaci\u00f3n de la banda de m\u00fasica Talcahuano, del RIM 11, y distintos directivos de entidades del sector, como el<strong>&nbsp;<\/strong>presidente de <strong>Coninagro, Carlos Iannizzotto, <\/strong>el presidente de Acovi,<strong> Eduardo Sancho <\/strong>y el presidente del Fondo Vitivin\u00edcola Mendoza,<strong> Bernardo Lanzilotta.<\/strong><\/p>\n\n\n\n<div style=\"height:20px\" aria-hidden=\"true\" class=\"wp-block-spacer\"><\/div>\n\n\n\n<div class=\"wp-block-image\"><figure class=\"aligncenter size-large is-resized\"><img loading=\"lazy\" decoding=\"async\" src=\"https:\/\/enolife.com.ar\/es\/wp-content\/uploads\/2022\/04\/vichi-acovi.jpg\" alt=\"\" class=\"wp-image-58031\" width=\"565\" height=\"318\" srcset=\"https:\/\/enolife.com.ar\/es\/wp-content\/uploads\/2022\/04\/vichi-acovi.jpg 1024w, https:\/\/enolife.com.ar\/es\/wp-content\/uploads\/2022\/04\/vichi-acovi-300x169.jpg 300w, https:\/\/enolife.com.ar\/es\/wp-content\/uploads\/2022\/04\/vichi-acovi-768x432.jpg 768w, https:\/\/enolife.com.ar\/es\/wp-content\/uploads\/2022\/04\/vichi-acovi-585x329.jpg 585w\" sizes=\"auto, (max-width: 565px) 100vw, 565px\" \/><figcaption><em><strong>Nicol\u00e1s Vicchi<\/strong><\/em><\/figcaption><\/figure><\/div>\n\n\n\n<div style=\"height:20px\" aria-hidden=\"true\" class=\"wp-block-spacer\"><\/div>\n\n\n\n<p>Una vez finalizado el acto, se ofreci\u00f3 un almuerzo, el cual cont\u00f3 con la participaci\u00f3n del grupo folcl\u00f3rico <strong>Los Cordilleranos.<\/strong>&nbsp;Posteriormente, la&nbsp;<strong>Federaci\u00f3n de Veteranos de Mendoza<\/strong> hizo entrega de una bandera con la firma de cada uno de ellos a todas las autoridades presentes.<\/p>\n\n\n\n<div style=\"height:51px\" aria-hidden=\"true\" class=\"wp-block-spacer\"><\/div>\n","protected":false},"excerpt":{"rendered":"<p>En oportunidad de conmemorarse el 2 de abril en Argentina los 40 a\u00f1os de la&hellip;<\/p>\n","protected":false},"author":3,"featured_media":58034,"comment_status":"open","ping_status":"open","sticky":false,"template":"","format":"standard","meta":{"footnotes":""},"categories":[14],"tags":[],"class_list":["post-58019","post","type-post","status-publish","format-standard","has-post-thumbnail","hentry","category-news"],"_links":{"self":[{"href":"https:\/\/enolife.com.ar\/es\/wp-json\/wp\/v2\/posts\/58019","targetHints":{"allow":["GET"]}}],"collection":[{"href":"https:\/\/enolife.com.ar\/es\/wp-json\/wp\/v2\/posts"}],"about":[{"href":"https:\/\/enolife.com.ar\/es\/wp-json\/wp\/v2\/types\/post"}],"author":[{"embeddable":true,"href":"https:\/\/enolife.com.ar\/es\/wp-json\/wp\/v2\/users\/3"}],"replies":[{"embeddable":true,"href":"https:\/\/enolife.com.ar\/es\/wp-json\/wp\/v2\/comments?post=58019"}],"version-history":[{"count":0,"href":"https:\/\/enolife.com.ar\/es\/wp-json\/wp\/v2\/posts\/58019\/revisions"}],"wp:featuredmedia":[{"embeddable":true,"href":"https:\/\/enolife.com.ar\/es\/wp-json\/wp\/v2\/media\/58034"}],"wp:attachment":[{"href":"https:\/\/enolife.com.ar\/es\/wp-json\/wp\/v2\/media?parent=58019"}],"wp:term":[{"taxonomy":"category","embeddable":true,"href":"https:\/\/enolife.com.ar\/es\/wp-json\/wp\/v2\/categories?post=58019"},{"taxonomy":"post_tag","embeddable":true,"href":"https:\/\/enolife.com.ar\/es\/wp-json\/wp\/v2\/tags?post=58019"}],"curies":[{"name":"wp","href":"https:\/\/api.w.org\/{rel}","templated":true}]}}