{"id":57727,"date":"2022-03-30T01:33:20","date_gmt":"2022-03-30T01:33:20","guid":{"rendered":"http:\/\/enolife.com.ar\/es\/?p=57727"},"modified":"2022-03-31T21:15:16","modified_gmt":"2022-03-31T21:15:16","slug":"la-enoteca-inicia-el-ciclo-entre-copa-y-copa-con-la-degustacion-de-5-malbec-del-este-de-mendoza","status":"publish","type":"post","link":"https:\/\/enolife.com.ar\/es\/la-enoteca-inicia-el-ciclo-entre-copa-y-copa-con-la-degustacion-de-5-malbec-del-este-de-mendoza\/","title":{"rendered":"La Enoteca inicia el ciclo Entre copa y copa con la degustaci\u00f3n de 5 malbec del Este de Mendoza"},"content":{"rendered":"\n<h4 class=\"wp-block-heading\"><em><strong>El pr\u00f3ximo 17 de abril es el D\u00eda Mundial del Malbec, la variedad emblem\u00e1tica de Mendoza y de Argentina. Para celebrarlo, en el transcurso del mes, la Enoteca -el Museo del Vino de la Capital de la provincia- lanza el ciclo de degustaciones, espect\u00e1culos y otros entretenimientos \u00abEntre copa y copa\u00bb. <\/strong><\/em><\/h4>\n\n\n\n<h4 class=\"wp-block-heading\"><em><strong>Impulsado por la Direcci\u00f3n de Turismo de San Mart\u00edn con la finalidad de posicionar al Este mendocino en el mapa Vitivin\u00edcola Argentino, en la primera degustaci\u00f3n el 4\/4, los visitantes, mendocinos y turistas podr\u00e1n apreciar las cualidades de 5 malbec de la mayor zona productora del pa\u00eds, el Este mendocino (departamentos de San Mart\u00edn, Santa Rosa, Rivadavia, Jun\u00edn y La Paz).<\/strong><\/em><\/h4>\n\n\n\n<div style=\"height:25px\" aria-hidden=\"true\" class=\"wp-block-spacer\"><\/div>\n\n\n<a href=\"https:\/\/www.instagram.com\/agroconciencia_\" aria-label=\"BANNER AGROCONCIENCIA 1700X500\"><img loading=\"lazy\" decoding=\"async\" src=\"https:\/\/enolife.com.ar\/es\/wp-content\/uploads\/2019\/07\/BANNER-AGROCONCIENCIA-1700X500-1.jpg\" alt=\"\"  srcset=\"https:\/\/enolife.com.ar\/es\/wp-content\/uploads\/2019\/07\/BANNER-AGROCONCIENCIA-1700X500-1.jpg 1700w, https:\/\/enolife.com.ar\/es\/wp-content\/uploads\/2019\/07\/BANNER-AGROCONCIENCIA-1700X500-1-300x88.jpg 300w, https:\/\/enolife.com.ar\/es\/wp-content\/uploads\/2019\/07\/BANNER-AGROCONCIENCIA-1700X500-1-1024x301.jpg 1024w, https:\/\/enolife.com.ar\/es\/wp-content\/uploads\/2019\/07\/BANNER-AGROCONCIENCIA-1700X500-1-768x226.jpg 768w, https:\/\/enolife.com.ar\/es\/wp-content\/uploads\/2019\/07\/BANNER-AGROCONCIENCIA-1700X500-1-1536x452.jpg 1536w, https:\/\/enolife.com.ar\/es\/wp-content\/uploads\/2019\/07\/BANNER-AGROCONCIENCIA-1700X500-1-1170x344.jpg 1170w, https:\/\/enolife.com.ar\/es\/wp-content\/uploads\/2019\/07\/BANNER-AGROCONCIENCIA-1700X500-1-585x172.jpg 585w\" sizes=\"auto, (max-width: 1700px) 100vw, 1700px\" width=\"1700\" height=\"500\"   \/><\/a>\n\n\n<div style=\"height:57px\" aria-hidden=\"true\" class=\"wp-block-spacer\"><\/div>\n\n\n\n<p><strong>La Enoteca<\/strong> inaugura el <strong>Mes del Malbec<\/strong> con una degustaci\u00f3n, el lunes 4 de abril, de 20 a 22 hs., de <strong>5 distintas etiquetas<\/strong> de este varietal de la <strong>Zona Este de Mendoza<\/strong>. <\/p>\n\n\n\n<div class=\"wp-block-image\"><figure class=\"alignleft size-large is-resized\"><img loading=\"lazy\" decoding=\"async\" src=\"https:\/\/enolife.com.ar\/es\/wp-content\/uploads\/2022\/03\/462de5fb-2a4b-4698-b9fa-1eb12867c705-1024x1024.jpg\" alt=\"\" class=\"wp-image-57728\" width=\"308\" height=\"308\" srcset=\"https:\/\/enolife.com.ar\/es\/wp-content\/uploads\/2022\/03\/462de5fb-2a4b-4698-b9fa-1eb12867c705-1024x1024.jpg 1024w, https:\/\/enolife.com.ar\/es\/wp-content\/uploads\/2022\/03\/462de5fb-2a4b-4698-b9fa-1eb12867c705-300x300.jpg 300w, https:\/\/enolife.com.ar\/es\/wp-content\/uploads\/2022\/03\/462de5fb-2a4b-4698-b9fa-1eb12867c705-150x150.jpg 150w, https:\/\/enolife.com.ar\/es\/wp-content\/uploads\/2022\/03\/462de5fb-2a4b-4698-b9fa-1eb12867c705-768x768.jpg 768w, https:\/\/enolife.com.ar\/es\/wp-content\/uploads\/2022\/03\/462de5fb-2a4b-4698-b9fa-1eb12867c705-585x585.jpg 585w, https:\/\/enolife.com.ar\/es\/wp-content\/uploads\/2022\/03\/462de5fb-2a4b-4698-b9fa-1eb12867c705.jpg 1081w\" sizes=\"auto, (max-width: 308px) 100vw, 308px\" \/><\/figure><\/div>\n\n\n\n<p>Las distintas propuestas de vinos de esta variedad servir\u00e1n para que el p\u00fablico consumidor entienda por qu\u00e9 el malbec es el varietal emblema de nuestro pa\u00eds, y por qu\u00e9 cada vez atrae m\u00e1s a los amantes de nuestra bebida nacional. <\/p>\n\n\n\n<p>El recorrido de 5 degustaciones estar\u00e1 a cargo del en\u00f3logo <strong>David Palma<\/strong>, qui\u00e9n conducir\u00e1 el viaje <strong>\u00abEntre copa y copa\u00bb <\/strong>a trav\u00e9s de una de las zonas vitivin\u00edcolas m\u00e1s importante del pa\u00eds, el Este mendocino.<\/p>\n\n\n\n<p class=\"has-background has-very-light-gray-background-color\"><strong>Fecha y hora: <\/strong>lunes 4\/4\/22 desde las 20 hs<br><strong>Ubicaci\u00f3n:<\/strong> La Enoteca, Av Peltier 611,  Mendoza <br><strong>Entradas: <a href=\"https:\/\/www.eventbrite.com.ar\/e\/entre-copa-y-copa-degustacion-de-malbec-del-este-tickets-306480440247\">AQU\u00cd<\/a><\/strong><br><strong>Valor de la entrada: $400<\/strong><\/p>\n\n\n\n<div style=\"height:20px\" aria-hidden=\"true\" class=\"wp-block-spacer\"><\/div>\n\n\n\n<div style=\"height:45px\" aria-hidden=\"true\" class=\"wp-block-spacer\"><\/div>\n","protected":false},"excerpt":{"rendered":"<p>El pr\u00f3ximo 17 de abril es el D\u00eda Mundial del Malbec, la variedad emblem\u00e1tica de&hellip;<\/p>\n","protected":false},"author":3,"featured_media":57768,"comment_status":"open","ping_status":"open","sticky":false,"template":"","format":"standard","meta":{"footnotes":""},"categories":[47],"tags":[],"class_list":["post-57727","post","type-post","status-publish","format-standard","has-post-thumbnail","hentry","category-agenda"],"_links":{"self":[{"href":"https:\/\/enolife.com.ar\/es\/wp-json\/wp\/v2\/posts\/57727","targetHints":{"allow":["GET"]}}],"collection":[{"href":"https:\/\/enolife.com.ar\/es\/wp-json\/wp\/v2\/posts"}],"about":[{"href":"https:\/\/enolife.com.ar\/es\/wp-json\/wp\/v2\/types\/post"}],"author":[{"embeddable":true,"href":"https:\/\/enolife.com.ar\/es\/wp-json\/wp\/v2\/users\/3"}],"replies":[{"embeddable":true,"href":"https:\/\/enolife.com.ar\/es\/wp-json\/wp\/v2\/comments?post=57727"}],"version-history":[{"count":0,"href":"https:\/\/enolife.com.ar\/es\/wp-json\/wp\/v2\/posts\/57727\/revisions"}],"wp:featuredmedia":[{"embeddable":true,"href":"https:\/\/enolife.com.ar\/es\/wp-json\/wp\/v2\/media\/57768"}],"wp:attachment":[{"href":"https:\/\/enolife.com.ar\/es\/wp-json\/wp\/v2\/media?parent=57727"}],"wp:term":[{"taxonomy":"category","embeddable":true,"href":"https:\/\/enolife.com.ar\/es\/wp-json\/wp\/v2\/categories?post=57727"},{"taxonomy":"post_tag","embeddable":true,"href":"https:\/\/enolife.com.ar\/es\/wp-json\/wp\/v2\/tags?post=57727"}],"curies":[{"name":"wp","href":"https:\/\/api.w.org\/{rel}","templated":true}]}}