{"id":5769,"date":"2019-12-13T21:29:45","date_gmt":"2019-12-13T21:29:45","guid":{"rendered":"http:\/\/enolife.com.ar\/es\/?p=5769"},"modified":"2019-12-16T13:33:37","modified_gmt":"2019-12-16T13:33:37","slug":"asociacion-de-vinateros-de-mendoza-1-529-productores-abandonaron-sus-fincas-desde-2011","status":"publish","type":"post","link":"https:\/\/enolife.com.ar\/es\/asociacion-de-vinateros-de-mendoza-1-529-productores-abandonaron-sus-fincas-desde-2011\/","title":{"rendered":"Asociaci\u00f3n de Vi\u00f1ateros de Mendoza: 1.529 productores abandonaron sus fincas desde 2011"},"content":{"rendered":"\n<h4 class=\"wp-block-heading\"><em><strong>En su tradicional cierre de a\u00f1o, la Asociaci\u00f3n de Vi\u00f1ateros de Mendoza (AVM) reclam\u00f3 al gobierno que medie para conseguir un mejor precio de la uva y gestione la rebaja de las cargas impositivas \u00abque oprimen a los peque\u00f1os productores\u00bb. Al mismo tiempo, junto a la Mesa Vitivin\u00edcola de San Juan, presentaron su plan de acci\u00f3n para 2020, que incluye programas de  capacitaci\u00f3n para los 200 productores asociados. <\/strong><\/em><\/h4>\n\n\n\n<div style=\"height:20px\" aria-hidden=\"true\" class=\"wp-block-spacer\"><\/div>\n\n\n\n<p>En la localidad de Buen Orden, del departamento de San Mart\u00edn, Mendoza, se desarroll\u00f3 una reuni\u00f3n donde la Asociaci\u00f3n de Vi\u00f1ateros de Mendoza present\u00f3 su balance anual. Cerca de 200 productores asociados de todos los puntos de la provincia participaron de un almuerzo que tuvo como misi\u00f3n despedir el a\u00f1o y conocer la postura que tomar\u00e1 la entidad de cara al 2020. <\/p>\n\n\n\n<p>Particip\u00f3 tambi\u00e9n la Mesa Vitivin\u00edcola de San Juan, con la cual se mantienen fuertes lazos y se realizan intensas acciones para el progreso del sector. Tambi\u00e9n, se dise\u00f1a a mediano plazo la conformaci\u00f3n de una Mesa Nacional que nucl\u00e9e a las entidades.<\/p>\n\n\n\n<p>Previo al tradicional almuerzo, Daniel Rada, del Observatorio Vitivin\u00edcola Argentino disert\u00f3 sobre la situaci\u00f3n del mercado de uvas y vinos en Mendoza, en Argentina y el mundo. Rada dej\u00f3 en claro que el precio pagado al productor en Argentina, comparado con el que se abona en Chile y Australia, es notoriamente m\u00e1s bajo. Tambi\u00e9n aclar\u00f3 que la carga impositiva supera el 60% del producto en algunos casos, y que esto genera fluctuaciones permanentes que no dejan a los vinos argentinos ser competitivos en el mundo. <\/p>\n\n\n\n<div style=\"height:20px\" aria-hidden=\"true\" class=\"wp-block-spacer\"><\/div>\n\n\n\n<div class=\"wp-block-image\"><figure class=\"alignleft is-resized\"><img loading=\"lazy\" decoding=\"async\" src=\"https:\/\/scontent.fmdz2-1.fna.fbcdn.net\/v\/t1.0-9\/s1080x2048\/78909822_2909575519054131_620593727408177152_o.jpg?_nc_cat=109&amp;_nc_eui2=AeF1XcMiC0cVFkI4P27GNd85oSfxA2As7xmC8lC-us8EwmEBN1-P1_UbHB9G4UzLetLxMoRd-o81fy7Ng_zLGjIH2FGT0CKLpH3lagHo5_-fMA&amp;_nc_ohc=AFFzUPoUcUkAQlGb8Nch7GOZ4BtrhjkAi9Ej2mOi2SxujAkxxg0lU53zw&amp;_nc_ht=scontent.fmdz2-1.fna&amp;oh=acfc7b3de39ce398547209729d4e641b&amp;oe=5E6A8597\" alt=\"\" width=\"487\" height=\"324\"\/><\/figure><\/div>\n\n\n\n<p>Los presentes, adem\u00e1s de escuchar el mensaje del presidente de AVM, Eduardo C\u00f3rdoba, pudieron compartir un ping pong de preguntas y respuestas tendientes a conocer las problem\u00e1ticas de los productores.<\/p>\n\n\n\n<p>En otros puntos, el secretario de la entidad, Mat\u00edas Manzanares, esboz\u00f3 el trabajo que se realiza en materia de asesoramiento gratuito legal, contable impositivo, notarial y t\u00e9cnico a los asociados. <\/p>\n\n\n\n<p>Se difundieron las acciones realizadas en los distintos oasis productivos de la provincia, llevando propuestas tecnol\u00f3gicas y capacitadores. Luego, vino el almuerzo amenizado con m\u00fasica en vivo y regado con buenos vinos. Tambi\u00e9n hubo espacio para sorteos. En la oportunidad, como corresponde, se entregaron herramientas agr\u00edcolas. <\/p>\n\n\n\n<p>Tambi\u00e9n los asistentes se llevaron el <em>souvenir<\/em> del evento, una gorra con el logo de la AVM, que acompa\u00f1ar\u00e1 a los productores en sus largas jornadas de sol mendocino.<\/p>\n\n\n\n<div style=\"height:69px\" aria-hidden=\"true\" class=\"wp-block-spacer\"><\/div>\n\n\n\n<div class=\"wp-block-image\"><figure class=\"alignright is-resized\"><img loading=\"lazy\" decoding=\"async\" src=\"https:\/\/scontent.fmdz2-1.fna.fbcdn.net\/v\/t1.0-9\/s1080x2048\/78682759_2909577179053965_6917348355546808320_o.jpg?_nc_cat=110&amp;_nc_eui2=AeEVzeyaIfPq7dJsRx93Y2UEQCElQPXJFZXuMkoM8gV36LrGVto9m7knxtjN9iBPJRDwBpxAh5iYwnYFE3I5B1_mXcz0I3PvxSmTGeH74BOcEQ&amp;_nc_ohc=jaohqpiMm6MAQmzoQEPOqf_DhpUH21NCy3dFoz6mIkt5YNsnUK9C0eLEA&amp;_nc_ht=scontent.fmdz2-1.fna&amp;oh=c9ce3b78598b265cf9866adb6c0777ba&amp;oe=5E72FCE7\" alt=\"\" width=\"485\" height=\"323\"\/><\/figure><\/div>\n\n\n\n<div style=\"height:20px\" aria-hidden=\"true\" class=\"wp-block-spacer\"><\/div>\n\n\n\n<p>El Mensaje de Eduardo C\u00f3rdoba, presidente de AVM fue el siguiente: <em>\u201cEn los pr\u00f3ximos d\u00edas elaboraremos un documento formal solicitando a las nuevas autoridades que se pongan al frente de la Mesa Vitivin\u00edcola. Cuando el Estado est\u00e1 presente puede mediar y acompa\u00f1ar en mejorar efectivamente el pago de la uva a los peque\u00f1os productores. De esta forma nos pueden escuchar con la debida anticipaci\u00f3n y defender en conjunto el precio de nuestras uvas. Nos preocupa la carga impositiva que tiene el sector y la ca\u00edda de productores a\u00f1o a a\u00f1o. Hemos contabilizado 1529 vi\u00f1ateros menos en ocho temporadas.<\/em>..<\/p>\n\n\n\n<p><em>&#8230;Pedimos, adem\u00e1s, que el Departamento General de Irrigaci\u00f3n reconsidere los excesivos costos presupuestarios, especialmente en materia salarial de altos miembros, que son pagados con el dinero de los regantes, o sea nosotros. Tenemos datos de honorarios que nos llaman a la reflexi\u00f3n e indignan.<\/em>..<\/p>\n\n\n\n<p>&#8230;<em>Es por esto que exhortamos una urgente revisi\u00f3n del presupuesto porque est\u00e1n ahogando econ\u00f3micamente a los productores, y esos recursos mal utilizados, no se distribuyen en impermeabilizaci\u00f3n o tecnolog\u00eda para los regantes.Debemos seguir transmitiendo los valores culturales de nuestra actividad a los ni\u00f1os y j\u00f3venes. Un padre o una madre que trabaja la finca debe tener la posibilidad de mostrar que su esfuerzo vale la pena. Es por todo lo expresado, que queremos seguir sumando productores, queremos ser el doble la pr\u00f3xima asamblea, porque sabemos que la unidad hace a conseguir logros importantes. Somos optimistas, creemos que mejorar\u00e1 el consumo a nivel general y con eso mejorar\u00e1 el consumo de vinos. Pero debemos tener un plan estrat\u00e9gico que desarrollaremos en 2020\u201d.<\/em><\/p>\n\n\n\n<div style=\"height:20px\" aria-hidden=\"true\" class=\"wp-block-spacer\"><\/div>\n\n\n\n<p class=\"has-background has-very-light-gray-background-color\"><strong>M\u00e1s informaci\u00f3n<\/strong>: <a href=\"mailto:asociacionvinaterosmza@gmail.com\">asociacionvinaterosmza@gmail.com<\/a> <br><strong>Tel<\/strong>. +54 9 263 4517074 <br><strong>Facebook<\/strong>: asociacionvinaterosmza <br><strong>Instagram<\/strong>: avm_mendoza<\/p>\n\n\n\n<p class=\"has-small-font-size\"><strong><em>Fuente: Asociaci\u00f3n Vi\u00f1ateros de Mendoza<\/em><\/strong><\/p>\n\n\n\n<p><br><\/p>\n","protected":false},"excerpt":{"rendered":"<p>En su tradicional cierre de a\u00f1o, la Asociaci\u00f3n de Vi\u00f1ateros de Mendoza (AVM) reclam\u00f3 al&hellip;<\/p>\n","protected":false},"author":3,"featured_media":5770,"comment_status":"open","ping_status":"open","sticky":false,"template":"","format":"standard","meta":{"footnotes":""},"categories":[14],"tags":[],"class_list":["post-5769","post","type-post","status-publish","format-standard","has-post-thumbnail","hentry","category-news"],"_links":{"self":[{"href":"https:\/\/enolife.com.ar\/es\/wp-json\/wp\/v2\/posts\/5769","targetHints":{"allow":["GET"]}}],"collection":[{"href":"https:\/\/enolife.com.ar\/es\/wp-json\/wp\/v2\/posts"}],"about":[{"href":"https:\/\/enolife.com.ar\/es\/wp-json\/wp\/v2\/types\/post"}],"author":[{"embeddable":true,"href":"https:\/\/enolife.com.ar\/es\/wp-json\/wp\/v2\/users\/3"}],"replies":[{"embeddable":true,"href":"https:\/\/enolife.com.ar\/es\/wp-json\/wp\/v2\/comments?post=5769"}],"version-history":[{"count":0,"href":"https:\/\/enolife.com.ar\/es\/wp-json\/wp\/v2\/posts\/5769\/revisions"}],"wp:featuredmedia":[{"embeddable":true,"href":"https:\/\/enolife.com.ar\/es\/wp-json\/wp\/v2\/media\/5770"}],"wp:attachment":[{"href":"https:\/\/enolife.com.ar\/es\/wp-json\/wp\/v2\/media?parent=5769"}],"wp:term":[{"taxonomy":"category","embeddable":true,"href":"https:\/\/enolife.com.ar\/es\/wp-json\/wp\/v2\/categories?post=5769"},{"taxonomy":"post_tag","embeddable":true,"href":"https:\/\/enolife.com.ar\/es\/wp-json\/wp\/v2\/tags?post=5769"}],"curies":[{"name":"wp","href":"https:\/\/api.w.org\/{rel}","templated":true}]}}