{"id":57401,"date":"2022-03-23T02:01:16","date_gmt":"2022-03-23T02:01:16","guid":{"rendered":"http:\/\/enolife.com.ar\/es\/?p=57401"},"modified":"2022-03-24T01:50:37","modified_gmt":"2022-03-24T01:50:37","slug":"enanitos-verdes-cine-poesia-y-artes-plasticas-en-el-winerock-del-26-3-en-bodega-monteviejo","status":"publish","type":"post","link":"https:\/\/enolife.com.ar\/es\/enanitos-verdes-cine-poesia-y-artes-plasticas-en-el-winerock-del-26-3-en-bodega-monteviejo\/","title":{"rendered":"Enanitos Verdes, cine, poes\u00eda y artes pl\u00e1sticas en el Winerock del 26\/3 en Bodega Monteviejo"},"content":{"rendered":"\n<h4 class=\"wp-block-heading\"><em><strong>El pr\u00f3ximo s\u00e1bado desde las 11 horas en la Bodega ubicada en Clodomiro Silva,Vista Flores, Tunuy\u00e1n, se pone en escena la 10ma edici\u00f3n de Winrock Sessions. El tradicional encuentro art\u00edstico y rockero arranca antes del mediod\u00eda con Plus+Arte, una original propuesta que combina artes pl\u00e1sticas, cine, poes\u00eda y psicolog\u00eda. Luego, un d\u00eda a puro rock con las bandas Tamagochi, Catalina, Pasado Verde y, para el cierre, alrededor de las 19, Los Enanitos Verdes, que all\u00ed comienzan su gira internacional para celebrar 40 a\u00f1os tocando. La entrada general cuesta $ 5.000, incluye 3 copas de vino y se puede adquirir en tuentrada.com.<\/strong><\/em><\/h4>\n\n\n\n<div style=\"height:20px\" aria-hidden=\"true\" class=\"wp-block-spacer\"><\/div>\n\n\n\n\n\n<div style=\"height:48px\" aria-hidden=\"true\" class=\"wp-block-spacer\"><\/div>\n\n\n\n<p>El ya tradicional <strong>Festival Winerock<\/strong> naci\u00f3 como una fiesta de fin de cosecha y fue creciendo a\u00f1o tras a\u00f1o hasta convertirse en el<strong>&nbsp;<\/strong>\u00fanico espect\u00e1culo integrado que combina estrellas de rock y muestras de arte entre vi\u00f1edos. Cada a\u00f1o, miles de rockeros, vin\u00f3manos locales y turistas llegan a Vista Flores, Tunuy\u00e1n, para vivir la m\u00fasica y la gastronom\u00eda en la Bodega Monteviejo, del winemaker mendocino Marcelo Peleritti.<\/p>\n\n\n\n<p>Este a\u00f1o, la cita es el d\u00eda 26 de marzo desde las 11 hs, cuando se podr\u00e1 empezar el paseo visitando la muestra <strong>Plus+Arte<\/strong>. A las 15 hs se presentar\u00e1 <strong>\u00abTamagochi\u00bb<\/strong>, la banda conformada por Guillermo Rigattieri (teclados y voz), Juan Pablo Palacios (bajo), Javier Romero (guitarra y voz ) y Luciano B\u00e1ez (bater\u00eda). A las 16 hs, contin\u00faa el show con <strong>\u00abCatalina\u00bb.<\/strong> Y a las 17 hs toca <strong>Pasado Verde<\/strong>. <\/p>\n\n\n\n<div style=\"height:20px\" aria-hidden=\"true\" class=\"wp-block-spacer\"><\/div>\n\n\n\n<figure class=\"wp-block-gallery columns-1 is-cropped wp-block-gallery-1 is-layout-flex wp-block-gallery-is-layout-flex\"><ul class=\"blocks-gallery-grid\"><li class=\"blocks-gallery-item\"><figure><img loading=\"lazy\" decoding=\"async\" width=\"772\" height=\"373\" src=\"https:\/\/enolife.com.ar\/es\/wp-content\/uploads\/2022\/03\/Wine-Rock-Sessions.-Pasado-Verde-copia-1024x576-1.jpg\" alt=\"\" data-id=\"57442\" class=\"wp-image-57442\" srcset=\"https:\/\/enolife.com.ar\/es\/wp-content\/uploads\/2022\/03\/Wine-Rock-Sessions.-Pasado-Verde-copia-1024x576-1.jpg 772w, https:\/\/enolife.com.ar\/es\/wp-content\/uploads\/2022\/03\/Wine-Rock-Sessions.-Pasado-Verde-copia-1024x576-1-300x145.jpg 300w, https:\/\/enolife.com.ar\/es\/wp-content\/uploads\/2022\/03\/Wine-Rock-Sessions.-Pasado-Verde-copia-1024x576-1-768x371.jpg 768w, https:\/\/enolife.com.ar\/es\/wp-content\/uploads\/2022\/03\/Wine-Rock-Sessions.-Pasado-Verde-copia-1024x576-1-585x283.jpg 585w\" sizes=\"auto, (max-width: 772px) 100vw, 772px\" \/><figcaption class=\"blocks-gallery-item__caption\"><em><strong>Pasado Verde<\/strong><\/em><\/figcaption><\/figure><\/li><\/ul><\/figure>\n\n\n\n<figure class=\"wp-block-gallery aligncenter columns-2 is-cropped wp-block-gallery-2 is-layout-flex wp-block-gallery-is-layout-flex\"><ul class=\"blocks-gallery-grid\"><li class=\"blocks-gallery-item\"><figure><img loading=\"lazy\" decoding=\"async\" width=\"332\" height=\"313\" src=\"https:\/\/enolife.com.ar\/es\/wp-content\/uploads\/2022\/03\/catalina-1.jpg\" alt=\"\" data-id=\"57445\" class=\"wp-image-57445\" srcset=\"https:\/\/enolife.com.ar\/es\/wp-content\/uploads\/2022\/03\/catalina-1.jpg 332w, https:\/\/enolife.com.ar\/es\/wp-content\/uploads\/2022\/03\/catalina-1-300x283.jpg 300w\" sizes=\"auto, (max-width: 332px) 100vw, 332px\" \/><figcaption class=\"blocks-gallery-item__caption\"><em><strong>Catalina<\/strong><\/em><\/figcaption><\/figure><\/li><li class=\"blocks-gallery-item\"><figure><img loading=\"lazy\" decoding=\"async\" width=\"461\" height=\"494\" src=\"https:\/\/enolife.com.ar\/es\/wp-content\/uploads\/2022\/03\/guillermo-rigattieri-1.jpg\" alt=\"\" data-id=\"57446\" data-full-url=\"https:\/\/enolife.com.ar\/es\/wp-content\/uploads\/2022\/03\/guillermo-rigattieri-1.jpg\" data-link=\"https:\/\/enolife.com.ar\/es\/?attachment_id=57446\" class=\"wp-image-57446\" srcset=\"https:\/\/enolife.com.ar\/es\/wp-content\/uploads\/2022\/03\/guillermo-rigattieri-1.jpg 461w, https:\/\/enolife.com.ar\/es\/wp-content\/uploads\/2022\/03\/guillermo-rigattieri-1-280x300.jpg 280w\" sizes=\"auto, (max-width: 461px) 100vw, 461px\" \/><figcaption class=\"blocks-gallery-item__caption\"><em><strong>Guillermo Rigattieri<\/strong><\/em><\/figcaption><\/figure><\/li><\/ul><\/figure>\n\n\n\n<div style=\"height:20px\" aria-hidden=\"true\" class=\"wp-block-spacer\"><\/div>\n\n\n\n<p>El cierre estar\u00e1 a cargo de los <strong>Enanitos Verdes<\/strong>, que con ese toque abrir\u00e1n su gira internacional \u00ab40 a\u00f1os\u00bb con el rock. En realidad, las cuatro d\u00e9cadas juntos se cumplieron en 2020 y por la pandemia no pudieron celebrar. <\/p>\n\n\n\n<div style=\"height:20px\" aria-hidden=\"true\" class=\"wp-block-spacer\"><\/div>\n\n\n\n<div class=\"wp-block-image\"><figure class=\"aligncenter is-resized\"><img loading=\"lazy\" decoding=\"async\" src=\"https:\/\/img.evbuc.com\/https%3A%2F%2Fcdn.evbuc.com%2Fimages%2F232784049%2F321822331645%2F1%2Foriginal.20220218-194804?w=600&amp;auto=format%2Ccompress&amp;q=75&amp;sharp=10&amp;rect=1%2C239%2C2250%2C1125&amp;s=d71d9b2ff51318e1efb85274438da57e\" alt=\"Wine Rock Sessions - Episodio 1 - 26\/03\/22 Entradas, Sab, 26 mar. 2022 a  las 12:00 | Eventbrite\" width=\"558\" height=\"279\"\/><\/figure><\/div>\n\n\n\n<div style=\"height:20px\" aria-hidden=\"true\" class=\"wp-block-spacer\"><\/div>\n\n\n\n<p>En los intervalos entre bandas, se proyectar\u00e1n las piezas audiovisuales: \u00abEl filo de una caricia\u00bb de Paula Pino (direcci\u00f3n) y Mariana Bar\u00f3n (arte). Este video fue producido como desenlace del 9no proyecto Reencarnaciones (semifinalista de New York Women Film Fest, 2021) y \u00abRuum\u00bb. En el marco del mismo dispositivo, se podr\u00e1 apreciar la denominada \u00abExtemporizaci\u00f3n musical poem\u00e1tica y visual\u00bb de Andr\u00e9s Ceccarelli, Gabriela Nafissi y Motia.<\/p>\n\n\n\n<div style=\"height:20px\" aria-hidden=\"true\" class=\"wp-block-spacer\"><\/div>\n\n\n\n<div class=\"wp-block-image\"><figure class=\"alignleft size-large is-resized\"><img loading=\"lazy\" decoding=\"async\" src=\"https:\/\/enolife.com.ar\/es\/wp-content\/uploads\/2022\/03\/aznar-y-pelleriti-1.jpg\" alt=\"\" class=\"wp-image-57449\" width=\"310\" height=\"269\" srcset=\"https:\/\/enolife.com.ar\/es\/wp-content\/uploads\/2022\/03\/aznar-y-pelleriti-1.jpg 461w, https:\/\/enolife.com.ar\/es\/wp-content\/uploads\/2022\/03\/aznar-y-pelleriti-1-300x260.jpg 300w\" sizes=\"auto, (max-width: 310px) 100vw, 310px\" \/><figcaption><strong><em>Pelleriti y Aznar<\/em><\/strong><\/figcaption><\/figure><\/div>\n\n\n\n<p class=\"has-background has-light-green-cyan-background-color\"><strong>El en\u00f3logo de los rockeros<\/strong><br><br><strong>Marcelo Pelleriti,<\/strong> el <strong>en\u00f3logo <\/strong>propietario de la bodega anfitriona, hacedor de los vinos del Clos de los Siete e impulsor del Winerock es un antiguo rockero, incluso suele tocar la guitarra y participar en el escenario con sus amigos. Precisamente, por su cercan\u00eda con los m\u00fascios, las estrellas del rock acuden a \u00e9l para encargarle los vinos con su marca.<br><br>El primer vino que hizo para un m\u00fasico argentino fue Abremundos, la etiqueta del multiintrumentista y cantautor Pedro Aznar. M\u00e1s tarde se sumaron Felipe Staiti, Juanchi Baleiron, Coti, Rano Sarbach y Jaime Torres para hacer marcas individuales. <\/p>\n\n\n\n<div style=\"height:20px\" aria-hidden=\"true\" class=\"wp-block-spacer\"><\/div>\n\n\n\n<p class=\"has-medium-font-size\"><strong>Las entradas<\/strong><\/p>\n\n\n\n<p>Las entradas anticipadas ya<strong> pueden adquirirse en&nbsp;<a href=\"https:\/\/www.tuentrada.com\/eventos\/detalle\/wine\/621518358055\" target=\"_blank\" rel=\"noreferrer noopener\">TuEntrada.com<\/a>&nbsp;<\/strong>y sus puntos de venta. Los precios de las mismas son:<\/p>\n\n\n\n<ul class=\"wp-block-list\"><li><strong>Entrada general: $5.000<\/strong> (incluye estacionamiento, acceso al campo, 3 copas de vino \u00abjoven\u00bb y 1 sandwich).<\/li><li><strong>Entrada Vip Winrock: $20.000<\/strong> (incluye estacionamiento, acceso al espacio vip en la terraza, gastronom\u00eda junto Nadia Haron, degustaci\u00f3n de vinos de alta gama y cocteler\u00eda.<\/li><\/ul>\n\n\n\n<p>Todas las entradas incluyen el acceso al encuentro Plus + Arte.<\/p>\n\n\n\n<div style=\"height:20px\" aria-hidden=\"true\" class=\"wp-block-spacer\"><\/div>\n\n\n\n<p class=\"has-medium-font-size\"><strong>\u00bfQu\u00e9 es Plus + Arte?<\/strong><\/p>\n\n\n\n<p>Es un encuentro cultural que vincula artes y psicoan\u00e1lisis&nbsp;y ha obtenido el premio en la categor\u00eda Arte y Cultura de las Grandes Capitales del vino en 2017.<\/p>\n\n\n\n<p>Plus + Arte propone diversas actividades que dar\u00e1n comienzo a las 11 hs. Entre ellas, el recorrido por la muestra de arte \u00ab<strong>Un matema po\u00e9tico para la causa art\u00edstica\u00bb&nbsp;<\/strong>del Dispositivo Reencarnaciones, con autor\u00eda y direcci\u00f3n de Gabriela Nafissi y curadur\u00eda en artes visuales de Paula Pino.<\/p>\n\n\n\n<p>Las artistas que expondr\u00e1n sus obras son Andr\u00e9s Paredes, Omar Jury, Mariana Bar\u00f3n, Adri\u00e1n Zotto, Alejandro Spano, Emiliano Castillo, Valentina Giovannini, Melissa Carrasco, Gonzalo Prado, Mariano Garc\u00eda, Modesta Reboredo y Sandra Marset.<\/p>\n\n\n\n<p>Asimismo se presentar\u00e1 la obra: \u00abEl llamado de las cosas que nos componen\u00bb, performance de Omar Jury y Celina Jury en el marco de la propuesta \u00abTrayectos y Derivas\u00bb. Se dar\u00e1 apertura a la Biblioteca M\u00f3vil con la presentaci\u00f3n de: \u00abAcuerdo UFO+Coaxil x Paula Pino\u00bb Fotolibro, precuela de la exposici\u00f3n T\u00e9rminos &amp; Condiciones (Anexo MMAMM,2021), \u00abLevantar un muro para poder derribarlo\u00bb, Colecci\u00f3n Albrieu, Edici\u00f3n Andrei Fern\u00e1ndez, de la mano de Hugo Albrieu y \u00abEl tiempo puertas adentro\u00bb.<\/p>\n\n\n\n<p>Por otro lado, habr\u00e1 lectura de cuentos in\u00e9ditos a cargo del periodista y escritor mendocino Oscar Guill\u00e9n, acompa\u00f1ado por las im\u00e1genes de la fot\u00f3grama Alejandra Amar.<\/p>\n\n\n\n<div style=\"height:48px\" aria-hidden=\"true\" class=\"wp-block-spacer\"><\/div>\n","protected":false},"excerpt":{"rendered":"<p>El pr\u00f3ximo s\u00e1bado desde las 11 horas en la Bodega ubicada en Clodomiro Silva,Vista Flores,&hellip;<\/p>\n","protected":false},"author":3,"featured_media":57453,"comment_status":"open","ping_status":"open","sticky":false,"template":"","format":"standard","meta":{"footnotes":""},"categories":[47],"tags":[],"class_list":["post-57401","post","type-post","status-publish","format-standard","has-post-thumbnail","hentry","category-agenda"],"_links":{"self":[{"href":"https:\/\/enolife.com.ar\/es\/wp-json\/wp\/v2\/posts\/57401","targetHints":{"allow":["GET"]}}],"collection":[{"href":"https:\/\/enolife.com.ar\/es\/wp-json\/wp\/v2\/posts"}],"about":[{"href":"https:\/\/enolife.com.ar\/es\/wp-json\/wp\/v2\/types\/post"}],"author":[{"embeddable":true,"href":"https:\/\/enolife.com.ar\/es\/wp-json\/wp\/v2\/users\/3"}],"replies":[{"embeddable":true,"href":"https:\/\/enolife.com.ar\/es\/wp-json\/wp\/v2\/comments?post=57401"}],"version-history":[{"count":0,"href":"https:\/\/enolife.com.ar\/es\/wp-json\/wp\/v2\/posts\/57401\/revisions"}],"wp:featuredmedia":[{"embeddable":true,"href":"https:\/\/enolife.com.ar\/es\/wp-json\/wp\/v2\/media\/57453"}],"wp:attachment":[{"href":"https:\/\/enolife.com.ar\/es\/wp-json\/wp\/v2\/media?parent=57401"}],"wp:term":[{"taxonomy":"category","embeddable":true,"href":"https:\/\/enolife.com.ar\/es\/wp-json\/wp\/v2\/categories?post=57401"},{"taxonomy":"post_tag","embeddable":true,"href":"https:\/\/enolife.com.ar\/es\/wp-json\/wp\/v2\/tags?post=57401"}],"curies":[{"name":"wp","href":"https:\/\/api.w.org\/{rel}","templated":true}]}}