{"id":5723,"date":"2019-12-12T18:39:20","date_gmt":"2019-12-12T18:39:20","guid":{"rendered":"http:\/\/enolife.com.ar\/es\/?p=5723"},"modified":"2019-12-14T14:25:32","modified_gmt":"2019-12-14T14:25:32","slug":"investigan-el-genoma-del-malbec-para-adaptarlo-al-cambio-climatico","status":"publish","type":"post","link":"https:\/\/enolife.com.ar\/es\/investigan-el-genoma-del-malbec-para-adaptarlo-al-cambio-climatico\/","title":{"rendered":"Vivero Mercier, la UNCuyo y Espa\u00f1a investigan juntos c\u00f3mo adaptar el malbec al cambio clim\u00e1tico"},"content":{"rendered":"\n<h4 class=\"wp-block-heading\"><em><strong>El vivero de origen franc\u00e9s con arraigo en Mendoza desde hace d\u00e9cadas, conducido por el ingeniero agr\u00f3nomo Crist\u00f3bal Sola, junto a un grupo de cient\u00edficos locales y peninsulares, lleva adelante el proyecto Iberogen, que estudia la gen\u00e9tica de los clones de la cepa insignia de Argentina, para as\u00ed enfrentar los cambios que se producir\u00e1n en la planta y en los vinos a causa del seguro aumento de temperatura en el planeta.<\/strong><\/em><\/h4>\n\n\n\n<hr class=\"wp-block-separator\"\/>\n\n\n\n<h4 class=\"wp-block-heading\"><em><strong>Enolife comparte con sus lectores este informe cient\u00edfico que adelanta sorprendentes conclusiones, divulgado generosamente por el equipo investigador de Mercier. <\/strong><\/em><\/h4>\n\n\n\n<div style=\"height:47px\" aria-hidden=\"true\" class=\"wp-block-spacer\"><\/div>\n\n\n\n<p>Desde finales de los \u201890, Vivero Mercier est\u00e1 abocado a la investigaci\u00f3n y desarrollo comercial de diferentes selecciones masales y clonales de malbec. Con el auge de las exportaciones y la preferencia de los consumidores argentinos por el malbec, lleg\u00f3 el reconocimiento como variedad insignia de nuestro pa\u00eds. Como consecuencia, se evidenci\u00f3 un notable incremento de la superficie implantada (m\u00e1s de 40.000 hect\u00e1reas) y se ampli\u00f3 la diversidad de demandas, para la atenci\u00f3n de diferentes nichos y mercados.&nbsp; A los requerimientos cualitativos de esos primeros a\u00f1os, se fueron incorporando los cuantitativos y en los \u00faltimos diez a\u00f1os, tambi\u00e9n se puso el foco en los aspectos sanitarios, fundamentales para la sustentabilidad de los vi\u00f1edos en el tiempo.<\/p>\n\n\n\n<div style=\"height:92px\" aria-hidden=\"true\" class=\"wp-block-spacer\"><\/div>\n\n\n\n<figure><iframe loading=\"lazy\" width=\"850\" height=\"315\" src=\"https:\/\/www.youtube.com\/embed\/TbR4HhW9FLM\" allowfullscreen=\"\"><\/iframe><\/figure>\n\n\n\n<div style=\"height:92px\" aria-hidden=\"true\" class=\"wp-block-spacer\"><\/div>\n\n\n\n<p><em>\u201cEn 2016, incorporamos un nuevo aspecto en nuestras metas de investigaci\u00f3n, para intentar dar respuesta al interrogante: c\u00f3mo el Malbec ser\u00eda capaz de enfrentar el inminente \u201ccambio clim\u00e1tico\u201d, en Argentina. Frente a la clara tendencia del calentamiento global, las opciones pasaban por la \u201cdeslocalizaci\u00f3n\u201d de buena parte de los vi\u00f1edos hacia zonas m\u00e1s fr\u00edas, o buscar \u2013dentro de la variabilidad propia del Malbec\u2013, clones adaptados a las probables nuevas condiciones\u201d,<\/em> explica el ingeniero Crist\u00f3bal Sola, de Vivero Mercier Argentina y director a cargo de las recientes investigaciones. <\/p>\n\n\n\n<div style=\"height:53px\" aria-hidden=\"true\" class=\"wp-block-spacer\"><\/div>\n\n\n\n<div class=\"wp-block-image\"><figure class=\"aligncenter\"><img loading=\"lazy\" decoding=\"async\" width=\"1024\" height=\"592\" src=\"https:\/\/enolife.com.ar\/es\/wp-content\/uploads\/2019\/12\/image-13-1024x592.png\" alt=\"\" class=\"wp-image-5725\" srcset=\"https:\/\/enolife.com.ar\/es\/wp-content\/uploads\/2019\/12\/image-13-1024x592.png 1024w, https:\/\/enolife.com.ar\/es\/wp-content\/uploads\/2019\/12\/image-13-300x173.png 300w, https:\/\/enolife.com.ar\/es\/wp-content\/uploads\/2019\/12\/image-13-768x444.png 768w, https:\/\/enolife.com.ar\/es\/wp-content\/uploads\/2019\/12\/image-13-585x338.png 585w, https:\/\/enolife.com.ar\/es\/wp-content\/uploads\/2019\/12\/image-13.png 1045w\" sizes=\"auto, (max-width: 1024px) 100vw, 1024px\" \/><figcaption><strong> <\/strong><em><strong> Equipo investigador del proyecto Iberogen: Daniel Bergamin,  Luciano Calder\u00f3n, Laura Bree, Claudio Mu\u00f1oz, Silvina Van Houten, Diego Lijavetzky y Crist\u00f3bal Sola<\/strong><\/em><strong>.<\/strong><strong> <\/strong><\/figcaption><\/figure><\/div>\n\n\n\n<div style=\"height:20px\" aria-hidden=\"true\" class=\"wp-block-spacer\"><\/div>\n\n\n\n<p>\u00bfPor qu\u00e9 pensar en un proceso que reci\u00e9n podr\u00eda evidenciarse plenamente en 50 a\u00f1os? <em>\u201cPorque es posible afirmar que el aumento de la temperatura acelera el desarrollo de la vid, altera la interacci\u00f3n entre los ciclos vegetativos y reproductivos y tiene efectos espec\u00edficos en la uva: acelera la ca\u00edda de \u00e1cidos org\u00e1nicos, induce un incremento en la concentraci\u00f3n de az\u00facares, reduce la acumulaci\u00f3n de antocianos y limita la maduraci\u00f3n fen\u00f3lica. Es decir que estas uvas dan lugar a vinos que pueden presentar un grado alcoh\u00f3lico excesivo, baja acidez, baja intensidad de color y caracteres fen\u00f3licos verdes\u201d,<\/em> argumentan los investigadores.<\/p>\n\n\n\n<div style=\"height:20px\" aria-hidden=\"true\" class=\"wp-block-spacer\"><\/div>\n\n\n\n<div class=\"wp-block-image\"><figure class=\"aligncenter\"><img loading=\"lazy\" decoding=\"async\" width=\"617\" height=\"476\" src=\"https:\/\/enolife.com.ar\/es\/wp-content\/uploads\/2019\/12\/antocianos.jpg\" alt=\"\" class=\"wp-image-5726\" srcset=\"https:\/\/enolife.com.ar\/es\/wp-content\/uploads\/2019\/12\/antocianos.jpg 617w, https:\/\/enolife.com.ar\/es\/wp-content\/uploads\/2019\/12\/antocianos-300x231.jpg 300w, https:\/\/enolife.com.ar\/es\/wp-content\/uploads\/2019\/12\/antocianos-585x451.jpg 585w\" sizes=\"auto, (max-width: 617px) 100vw, 617px\" \/><\/figure><\/div>\n\n\n\n<div style=\"height:20px\" aria-hidden=\"true\" class=\"wp-block-spacer\"><\/div>\n\n\n\n<p>Anticip\u00e1ndose a estos escenarios, el Vivero Mercier junto a Bodegas Roda de Espa\u00f1a y la UNCuyo se pusieron a la vanguardia de la investigaci\u00f3n sobre la diversidad gen\u00e9tica existente en variedades de vid \u00abbandera\u00bb en Iberoam\u00e9rica: malbec y tempranillo, a trav\u00e9s del proyecto de cooperaci\u00f3n Iberogen. <\/p>\n\n\n\n<p>Los organismos cient\u00edficos de ambos pa\u00edses, que forman parte de esta iniciativa son: el Grupo de Gen\u00e9tica y Gen\u00f3mica de Vid del IBAM (Instituto de Biolog\u00eda Agr\u00edcola Mendoza, Conicet-UNCuyo), y el Instituto de Ciencias de la Vid y del Vino, de Espa\u00f1a. En 2017, &nbsp;fue aprobado el proyecto (que se desarrolla en el marco del convenio binacional denominado Iberoeka) y cuenta con financiamiento por parte de la Agencia Nacional de Promoci\u00f3n Cient\u00edfica y Tecnol\u00f3gica (dependiente de Ciencia y T\u00e9cnica de la Naci\u00f3n). <\/p>\n\n\n\n<div style=\"height:23px\" aria-hidden=\"true\" class=\"wp-block-spacer\"><\/div>\n\n\n\n<p class=\"has-medium-font-size\"><strong>Crist\u00f3bal Sola recorriendo el vivero junto a Ingenieros Agr\u00f3nomos invitados<\/strong><\/p>\n\n\n\n<div style=\"height:20px\" aria-hidden=\"true\" class=\"wp-block-spacer\"><\/div>\n\n\n\n<figure><iframe loading=\"lazy\" width=\"850\" height=\"315\" src=\"https:\/\/www.youtube.com\/embed\/vvacaXYucKE\" allowfullscreen=\"\"><\/iframe><\/figure>\n\n\n\n<div style=\"height:57px\" aria-hidden=\"true\" class=\"wp-block-spacer\"><\/div>\n\n\n\n<p><em>\u201cPara evaluar la variabilidad gen\u00e9tica del malbec tomamos como base la colecci\u00f3n de 27 clones de este cepaje que posee el vivero y que est\u00e1n ubicados en Perdriel, Mendoza. La primera tarea fue la caracterizaci\u00f3n de estos clones, la cual consisti\u00f3 en observaciones durante tres temporadas, sobre tres r\u00e9plicas biol\u00f3gicas de cada clon, prestando atenci\u00f3n a los estados fenol\u00f3gicos, indicadores de productividad, caracterizaci\u00f3n f\u00edsico qu\u00edmica de las bayas, \u2013desde&nbsp; envero a madurez\u2013, identificaci\u00f3n y cuantificaci\u00f3n de la materia colorante, y en la \u00faltima fase, a\u00fan en ejecuci\u00f3n, evaluando las icrovinificaciones de cada clon\u201d, <\/em>coment\u00f3 Laura Bree, integrante del consorcio investigador y responsable del Departamento I&amp;D de Mercier Argentina.<\/p>\n\n\n\n<div style=\"height:20px\" aria-hidden=\"true\" class=\"wp-block-spacer\"><\/div>\n\n\n\n<p class=\"has-medium-font-size\"><strong>Racimos de uva \u00abacelerados\u00bb<\/strong><\/p>\n\n\n\n<div style=\"height:20px\" aria-hidden=\"true\" class=\"wp-block-spacer\"><\/div>\n\n\n\n<p>En paralelo, se puso a punto la t\u00e9cnica de \u201cFruting Cutting\u201d, que permite a partir de estacas le\u00f1osas, obtener un racimo de uva (en un corto per\u00edodo y m\u00e1s de una vez en un ciclo) para as\u00ed ratificar los resultados que en la colecci\u00f3n solo se pueden obtener una vez por temporada. <em>\u201cCon los avances logrados en la caracterizaci\u00f3n fenot\u00edpica de clones, se defini\u00f3 un grupo con 6 de ellos que presentaban un perfil contrastante para al menos dos de los tres caracteres considerados: acumulaci\u00f3n de az\u00facares, tenor \u00e1cido expresado como acidez total e intensidad y cantidad &nbsp;de antocianas en las pieles de las bayas\u201d, <\/em>describi\u00f3 Bree.&nbsp; Estos 6 clones ser\u00e1n analizados por medio de la metodolog\u00eda de secuenciaci\u00f3n masiva de ARN (RNA-seq.) para determinar y evaluar la correspondencia de la expresi\u00f3n global de los genes con la caracterizaci\u00f3n fenot\u00edpica. <\/p>\n\n\n\n<p><em>\u201cPreviamente, junto al equipo del IBAM, hab\u00edamos realizado la secuenciaci\u00f3n masiva de ADN (\u00c1cido Desoxiribonucleico) de cuatro clones de Malbec, de origen diverso e insospechados de cohabitaci\u00f3n: uno de ellos espa\u00f1ol, otro franc\u00e9s y otros dos argentinos. Esto permiti\u00f3 detectar un conjunto de polimorfismos simples (SNPs) que solo involucran a los clones investigados, permitiendo construir un gran \u00e1rbol de relaciones entre los progenitores de la variedad Malbec, Prunelard y Magdeleine noire des Charentes y 230 clones de Malbec provenientes de cuatro colecciones. As\u00ed se han determinado 5 Genotipos \u00fanicos y 9 grupos de Genotipo, (denominados con las letras A hasta la I), de los cuales el m\u00e1s numeroso, el Grupo A, contiene 94 de los clones estudiados incluyendo la mayor\u00eda de los clones locales\u201d,<\/em> especific\u00f3 Crist\u00f3bal Sola. <\/p>\n\n\n\n<p>Las diferencias entre clones se manifiestan en una peque\u00f1a y limitada cantidad de polimorfismos gen\u00e9ticos (aproximadamente 200), no as\u00ed entre variedades, que suman cerca de dos millones de SNPs. Esta experiencia novedosa en la investigaci\u00f3n clonal, ha requerido que se deba determinar \u201cde novo\u201d el genoma de Malbec, ya que el genoma de referencia utilizado hasta el momento corresponde al genotipo PN-40024, derivado por retrocruza de variedad Pinot Noir y descifrado en el a\u00f1o 2007. Con la colaboraci\u00f3n del equipo del ICVV se ha completado la determinaci\u00f3n del genoma de Malbec y solo resta el \u201censamblaje inform\u00e1tico\u201d, para que llegue a ser publicado.&nbsp; <\/p>\n\n\n\n<p><em>\u201cCon el \u201cpropio\u201d genoma de referencia Malbec, podremos ultimar los estudios y correlaciones entre los diferentes Biotipos (clones) y establecer cu\u00e1les son los mejor adaptados ante un nuevo escenario de \u201cCambio Clim\u00e1tico\u201d, y en qu\u00e9 parte del genoma se encuentran los polimorfismos que explican tal adaptaci\u00f3n\u201d,<\/em> antici\u00f3 Daniel Bergam\u00edn, miembro del equipo de investigaci\u00f3n. <\/p>\n\n\n\n<p>Los estudios de gen\u00f3mica clonal en vides son innovadores en el mundo entero y esta investigaci\u00f3n es la primera aproximaci\u00f3n fundada para comprender la diversidad de nuestro varietal insignia, el malbec. <\/p>\n\n\n\n<p><\/p>\n\n\n\n<p class=\"has-small-font-size\"><em><strong>Fuente: Vivero Mercier Argentina<\/strong><\/em><\/p>\n","protected":false},"excerpt":{"rendered":"<p>El vivero de origen franc\u00e9s con arraigo en Mendoza desde hace d\u00e9cadas, conducido por el&hellip;<\/p>\n","protected":false},"author":3,"featured_media":5729,"comment_status":"open","ping_status":"open","sticky":false,"template":"","format":"standard","meta":{"footnotes":""},"categories":[5],"tags":[],"class_list":["post-5723","post","type-post","status-publish","format-standard","has-post-thumbnail","hentry","category-fincas"],"_links":{"self":[{"href":"https:\/\/enolife.com.ar\/es\/wp-json\/wp\/v2\/posts\/5723","targetHints":{"allow":["GET"]}}],"collection":[{"href":"https:\/\/enolife.com.ar\/es\/wp-json\/wp\/v2\/posts"}],"about":[{"href":"https:\/\/enolife.com.ar\/es\/wp-json\/wp\/v2\/types\/post"}],"author":[{"embeddable":true,"href":"https:\/\/enolife.com.ar\/es\/wp-json\/wp\/v2\/users\/3"}],"replies":[{"embeddable":true,"href":"https:\/\/enolife.com.ar\/es\/wp-json\/wp\/v2\/comments?post=5723"}],"version-history":[{"count":0,"href":"https:\/\/enolife.com.ar\/es\/wp-json\/wp\/v2\/posts\/5723\/revisions"}],"wp:featuredmedia":[{"embeddable":true,"href":"https:\/\/enolife.com.ar\/es\/wp-json\/wp\/v2\/media\/5729"}],"wp:attachment":[{"href":"https:\/\/enolife.com.ar\/es\/wp-json\/wp\/v2\/media?parent=5723"}],"wp:term":[{"taxonomy":"category","embeddable":true,"href":"https:\/\/enolife.com.ar\/es\/wp-json\/wp\/v2\/categories?post=5723"},{"taxonomy":"post_tag","embeddable":true,"href":"https:\/\/enolife.com.ar\/es\/wp-json\/wp\/v2\/tags?post=5723"}],"curies":[{"name":"wp","href":"https:\/\/api.w.org\/{rel}","templated":true}]}}