{"id":57134,"date":"2022-03-21T02:24:37","date_gmt":"2022-03-21T02:24:37","guid":{"rendered":"http:\/\/enolife.com.ar\/es\/?p=57134"},"modified":"2022-03-23T14:16:30","modified_gmt":"2022-03-23T14:16:30","slug":"el-viento-naranja-del-sahara-que-cubrio-espana-fertiliza-las-vinas-pero-puede-limitar-la-fotosintesis","status":"publish","type":"post","link":"https:\/\/enolife.com.ar\/es\/el-viento-naranja-del-sahara-que-cubrio-espana-fertiliza-las-vinas-pero-puede-limitar-la-fotosintesis\/","title":{"rendered":"El viento naranja del Sahara que cubri\u00f3 Espa\u00f1a fertiliza las vi\u00f1as pero puede limitar la fotos\u00edntesis"},"content":{"rendered":"\n<h4 class=\"wp-block-heading\"><em><strong>Entre el 14 y el 16 de marzo pasado, varias regiones espa\u00f1olas y portuguesas quedaron bajo un manto naranja debido a la arena arrastrada por un viento potente que nace en los desiertos africanos. Este fen\u00f3meno clim\u00e1tico, llamado \u00abcalima\u00bb, est\u00e1 provocado por el siroco que se forma por las altas presiones en el norte de \u00c1frica. Si bien es parte de los fen\u00f3menos meteorol\u00f3gicos que suelen suceder en la Pen\u00ednsula Ib\u00e9rica, en este caso fue calificado de \u00abextraordinario\u00bb  <strong>por su intensidad y persistenc<\/strong>ia. Este polvo suspendido en el aire tiene ventajas y desventajas para los vi\u00f1edos, ya que sus componentes minerales nutren a las plantas, pero si es excesivo puede limitar la capacidad de fotos\u00edntesis.<\/strong><\/em><\/h4>\n\n\n\n<div style=\"height:20px\" aria-hidden=\"true\" class=\"wp-block-spacer\"><\/div>\n\n\n<a href=\"https:\/\/fermentis.com\/es\/\" aria-label=\"MYC-forSparkling_1700x500 (1)\"><img loading=\"lazy\" decoding=\"async\" src=\"https:\/\/enolife.com.ar\/es\/wp-content\/uploads\/2022\/03\/MYC-forSparkling_1700x500-1.jpg\" alt=\"\"  srcset=\"https:\/\/enolife.com.ar\/es\/wp-content\/uploads\/2022\/03\/MYC-forSparkling_1700x500-1.jpg 1700w, https:\/\/enolife.com.ar\/es\/wp-content\/uploads\/2022\/03\/MYC-forSparkling_1700x500-1-300x88.jpg 300w, https:\/\/enolife.com.ar\/es\/wp-content\/uploads\/2022\/03\/MYC-forSparkling_1700x500-1-1024x301.jpg 1024w, https:\/\/enolife.com.ar\/es\/wp-content\/uploads\/2022\/03\/MYC-forSparkling_1700x500-1-768x226.jpg 768w, https:\/\/enolife.com.ar\/es\/wp-content\/uploads\/2022\/03\/MYC-forSparkling_1700x500-1-1536x452.jpg 1536w, https:\/\/enolife.com.ar\/es\/wp-content\/uploads\/2022\/03\/MYC-forSparkling_1700x500-1-1170x344.jpg 1170w, https:\/\/enolife.com.ar\/es\/wp-content\/uploads\/2022\/03\/MYC-forSparkling_1700x500-1-585x172.jpg 585w\" sizes=\"auto, (max-width: 1700px) 100vw, 1700px\" width=\"1700\" height=\"500\"   \/><\/a>\n\n\n<div style=\"height:57px\" aria-hidden=\"true\" class=\"wp-block-spacer\"><\/div>\n\n\n\n<p>La calima\u200b es un fen\u00f3meno meteorol\u00f3gico consistente en la presencia en la atm\u00f3sfera de part\u00edculas muy peque\u00f1as de polvo, cenizas, arcilla o arena en suspensi\u00f3n. Su origen est\u00e1 en las part\u00edculas de vapor de agua con part\u00edculas de sales procedentes de las aguas marinas. En el caso de las tormentas de arena, las part\u00edculas tienen unas dimensiones muy heterog\u00e9neas, precipit\u00e1ndose las de mayor tama\u00f1o no muy lejos del lugar de origen y continuando las m\u00e1s finas a grandes distancias transportadas por el viento Siroco hasta las Islas Canarias.<\/p>\n\n\n\n<p>Publicaciones espa\u00f1olas como Olimerca y Vinetur analizaron en los \u00faltimos d\u00edas las consecuencias positivas y negativas que puede tener la calima para los vi\u00f1edos, basadas en estudios de la empresa italiana Elaisian, que ofrece un servicio de detecci\u00f3n y alerta ante posibles problemas para las plantaciones. <\/p>\n\n\n\n<p>El resumen de la situaci\u00f3n fue presentado por el ingeniero agr\u00f3nomo<strong> Simone Fiorentino<\/strong>, quien explic\u00f3 que los efectos positivos se traducen en una serie de beneficios medioambientales, ya que <strong>estos vientos son ricos en minerales y nutrientes que mejoran tanto las condiciones del suelo como el componente marino.<\/strong> Por su color, se sabe que son ricos en <strong>hierro<\/strong>, pero tambi\u00e9n contienen porcentajes variables de otros elementos. Por ejemplo, el <strong>f\u00f3sforo <\/strong>tambi\u00e9n est\u00e1 presente.<\/p>\n\n\n\n<div style=\"height:20px\" aria-hidden=\"true\" class=\"wp-block-spacer\"><\/div>\n\n\n\n<div class=\"wp-block-image\"><figure class=\"aligncenter is-resized\"><img loading=\"lazy\" decoding=\"async\" src=\"https:\/\/www.vinetur.com\/imagenes\/2022\/marzo\/18\/calima.jpg\" alt=\"\" width=\"524\" height=\"366\"\/><\/figure><\/div>\n\n\n\n<div style=\"height:20px\" aria-hidden=\"true\" class=\"wp-block-spacer\"><\/div>\n\n\n\n<p>Para ofrecer m\u00e1s detalles al respecto, El Diario de C\u00f3rdoba (Espa\u00f1a), public\u00f3 el 19\/3 una entrevista a <strong>Vidal Barr\u00f3n, catedr\u00e1tico de Producci\u00f3n Vegetal y experto en Edafolog\u00eda<\/strong> (la ciencia que estudia la composici\u00f3n y naturaleza del suelo en su relaci\u00f3n con las plantas y el entorno que le rodea) de la Universidad de C\u00f3rdoba, quien ha estudiado la composici\u00f3n mineral\u00f3gica de los polvos del Sahara y el Sahel y ha publicado varios art\u00edculos.<\/p>\n\n\n\n<p>En el art\u00edculo, el catedr\u00e1tico explica la composici\u00f3n del polvo arrastrado y una primera caracter\u00edstica de ese polvo: su peque\u00f1o tama\u00f1o, al tratarse de part\u00edculas entre arcilla y limo. En cuanto a los minerales que contiene, se destacan&nbsp;<strong>los \u00f3xidos de hierro, como hematites y goethita; filosilicatos, arcilla, cuarzo y calcita, adem\u00e1s de carbonato c\u00e1lcitico y sulfatos como el yeso.&nbsp;<\/strong>Y agrega que los \u00f3xidos de hierro son los que le dan ese color tan particular a la calima: por un lado, las hematitas, que le proporcionan el color \u00abrojo Marte\u00bb; y por otro, las goethitas, el amarillo que resalta en los&nbsp;<strong>materiales de construcci\u00f3n que utilizaron los \u00e1rabes en las mezquitas de Espa\u00f1a<\/strong>.&nbsp;<\/p>\n\n\n\n<p>Seg\u00fan explic\u00f3 Vidal Barr\u00f3n, en el Sahara hay importantes yacimientos de f\u00f3sforo y fosfatos, y la existencia de fosfatos en la calima que lleg\u00f3 los d\u00edas pasados a Espa\u00f1a puede traer tambi\u00e9n&nbsp;<strong>beneficios al campo <\/strong>y fertilizaci\u00f3n extraordinaria, y gratuita. <\/p>\n\n\n\n<div style=\"height:20px\" aria-hidden=\"true\" class=\"wp-block-spacer\"><\/div>\n\n\n\n<div class=\"wp-block-image\"><figure class=\"aligncenter is-resized\"><img loading=\"lazy\" decoding=\"async\" src=\"https:\/\/iv.revistalocal.es\/wp-content\/uploads\/photo5877738022924040631-e1647425086999.jpg\" alt=\"\" width=\"553\" height=\"297\"\/><figcaption><strong><em>Vi\u00f1edos cubiertos de polvo por el la calima: su contenido en f\u00f3sforo mejora la calidad de la tierra y facilita el crecimiento de la planta.<\/em><\/strong><br><\/figcaption><\/figure><\/div>\n\n\n\n<div style=\"height:20px\" aria-hidden=\"true\" class=\"wp-block-spacer\"><\/div>\n\n\n\n<p>En cuanto al lado negativo de este viento africano, Simone Fioretino explic\u00f3 que existe cierto peligro tanto para los humanos como para las plantas. Si est\u00e1 presente en grandes cantidades en el aire, puede ser da\u00f1ino para las v\u00edas respiratorias. Los vi\u00f1edos pueden verse afectados por el recubrimiento que se produce en todos los \u00f3rganos de la planta. A menudo <strong>se deposita una gruesa capa de arena, que reduce o limita totalmente la capacidad de fotos\u00edntesis de la planta y cierra los estomas, lo que tambi\u00e9n reduce la respiraci\u00f3n de las hojas. <\/strong>Tambi\u00e9n aumenta la erosi\u00f3n del suelo debido a la fuerza de los vientos y a la composici\u00f3n arenosa y existe una posibilidad de empeorar la calidad del agua.<\/p>\n\n\n\n<p>Seg\u00fan Fiorentino, una soluci\u00f3n, siempre que sea posible, es utilizar el lavado a alta presi\u00f3n para limpiarlas; aunque tambi\u00e9n se podr\u00eda intervenir con tratamientos en el follaje y mezclarlos en la fase final con bioestimulantes para reducir los posibles da\u00f1os que no son evidentes inmediatamente. Si la arena se ha depositado bien, podr\u00eda afectar directamente a los estomas. En este caso, el agua no ser\u00e1 la soluci\u00f3n definitiva, pero al menos podr\u00eda aportar beneficios inmediatos a la vegetaci\u00f3n, hasta que llegue la lluvia y resuelva la situaci\u00f3n en su ciclo natural.<\/p>\n\n\n\n<div style=\"height:20px\" aria-hidden=\"true\" class=\"wp-block-spacer\"><\/div>\n\n\n\n<p class=\"has-small-font-size\"><em><strong>Fuentes: olimerca.com, www.diariocordoba.com e iv.revistalocal.es<\/strong><\/em><strong><em> <\/em><\/strong><\/p>\n\n\n\n<div style=\"height:39px\" aria-hidden=\"true\" class=\"wp-block-spacer\"><\/div>\n","protected":false},"excerpt":{"rendered":"<p>Entre el 14 y el 16 de marzo pasado, varias regiones espa\u00f1olas y portuguesas quedaron&hellip;<\/p>\n","protected":false},"author":3,"featured_media":57315,"comment_status":"open","ping_status":"open","sticky":false,"template":"","format":"standard","meta":{"footnotes":""},"categories":[5],"tags":[],"class_list":["post-57134","post","type-post","status-publish","format-standard","has-post-thumbnail","hentry","category-fincas"],"_links":{"self":[{"href":"https:\/\/enolife.com.ar\/es\/wp-json\/wp\/v2\/posts\/57134","targetHints":{"allow":["GET"]}}],"collection":[{"href":"https:\/\/enolife.com.ar\/es\/wp-json\/wp\/v2\/posts"}],"about":[{"href":"https:\/\/enolife.com.ar\/es\/wp-json\/wp\/v2\/types\/post"}],"author":[{"embeddable":true,"href":"https:\/\/enolife.com.ar\/es\/wp-json\/wp\/v2\/users\/3"}],"replies":[{"embeddable":true,"href":"https:\/\/enolife.com.ar\/es\/wp-json\/wp\/v2\/comments?post=57134"}],"version-history":[{"count":0,"href":"https:\/\/enolife.com.ar\/es\/wp-json\/wp\/v2\/posts\/57134\/revisions"}],"wp:featuredmedia":[{"embeddable":true,"href":"https:\/\/enolife.com.ar\/es\/wp-json\/wp\/v2\/media\/57315"}],"wp:attachment":[{"href":"https:\/\/enolife.com.ar\/es\/wp-json\/wp\/v2\/media?parent=57134"}],"wp:term":[{"taxonomy":"category","embeddable":true,"href":"https:\/\/enolife.com.ar\/es\/wp-json\/wp\/v2\/categories?post=57134"},{"taxonomy":"post_tag","embeddable":true,"href":"https:\/\/enolife.com.ar\/es\/wp-json\/wp\/v2\/tags?post=57134"}],"curies":[{"name":"wp","href":"https:\/\/api.w.org\/{rel}","templated":true}]}}