{"id":56871,"date":"2022-04-02T16:36:19","date_gmt":"2022-04-02T16:36:19","guid":{"rendered":"http:\/\/enolife.com.ar\/es\/?p=56871"},"modified":"2022-04-05T02:53:57","modified_gmt":"2022-04-05T02:53:57","slug":"como-quedo-la-vitivinicultura-tras-2-anos-de-pandemia-y-menores-cosechas-por-el-cambio-climatico","status":"publish","type":"post","link":"https:\/\/enolife.com.ar\/es\/como-quedo-la-vitivinicultura-tras-2-anos-de-pandemia-y-menores-cosechas-por-el-cambio-climatico\/","title":{"rendered":"C\u00f3mo qued\u00f3 la vitivinicultura tras 2 a\u00f1os de pandemia y menores cosechas por el cambio clim\u00e1tico"},"content":{"rendered":"\n<h4 class=\"wp-block-heading\"><em><strong>El pr\u00f3ximo mi\u00e9rcoles 27 de abril a las 10 hora argentina (15 hs. CET), Pau Roca, m\u00e1ximo dirigente de la Organizaci\u00f3n Internacional de la Vi\u00f1a y el Vino, har\u00e1 un repaso de la situaci\u00f3n actual del sector vitivin\u00edcola a nivel mundial. El acceso a la conferencia de prensa en directo es gratuito previa inscripci\u00f3n a trav\u00e9s del siguiente link: inscr\u00edbase&nbsp;<a href=\"https:\/\/webapp.spotme.com\/welcome\/oivpressconference?email=&amp;source=install\" target=\"_blank\" rel=\"noreferrer noopener\">aqu\u00ed<\/a>.<\/strong><\/em><\/h4>\n\n\n\n<div style=\"height:39px\" aria-hidden=\"true\" class=\"wp-block-spacer\"><\/div>\n\n\n\n\n\n<div style=\"height:60px\" aria-hidden=\"true\" class=\"wp-block-spacer\"><\/div>\n\n\n\n<p>Dos veces al a\u00f1o, en primavera y oto\u00f1o europeos, el director general de la Organizaci\u00f3n Internacional de la Vid y el Vino (OIV) presenta la situaci\u00f3n actual del sector vitivin\u00edcola a nivel mundial. <\/p>\n\n\n\n<div style=\"height:20px\" aria-hidden=\"true\" class=\"wp-block-spacer\"><\/div>\n\n\n\n<div class=\"wp-block-image\"><figure class=\"aligncenter size-large is-resized\"><img loading=\"lazy\" decoding=\"async\" src=\"https:\/\/enolife.com.ar\/es\/wp-content\/uploads\/2022\/03\/Imagen1-25-1024x512.jpg\" alt=\"\" class=\"wp-image-57798\" width=\"533\" height=\"267\" srcset=\"https:\/\/enolife.com.ar\/es\/wp-content\/uploads\/2022\/03\/Imagen1-25-1024x512.jpg 1024w, https:\/\/enolife.com.ar\/es\/wp-content\/uploads\/2022\/03\/Imagen1-25-300x150.jpg 300w, https:\/\/enolife.com.ar\/es\/wp-content\/uploads\/2022\/03\/Imagen1-25-768x384.jpg 768w, https:\/\/enolife.com.ar\/es\/wp-content\/uploads\/2022\/03\/Imagen1-25-1170x585.jpg 1170w, https:\/\/enolife.com.ar\/es\/wp-content\/uploads\/2022\/03\/Imagen1-25-585x293.jpg 585w, https:\/\/enolife.com.ar\/es\/wp-content\/uploads\/2022\/03\/Imagen1-25.jpg 1280w\" sizes=\"auto, (max-width: 533px) 100vw, 533px\" \/><\/figure><\/div>\n\n\n\n<div style=\"height:20px\" aria-hidden=\"true\" class=\"wp-block-spacer\"><\/div>\n\n\n\n<p class=\"has-background has-very-light-gray-background-color\"><strong>Fecha:<\/strong>&nbsp;mi\u00e9rcoles 27 de abril de 2022<br><strong>Hora:<\/strong>&nbsp;15:00 horas CET<br><strong>Lugar:&nbsp;<\/strong>Online y OIV App<br><strong>Idiomas:<\/strong>&nbsp;Ingl\u00e9s \/ Franc\u00e9s \/ Espa\u00f1ol<\/p>\n\n\n\n<p>A la rueda de prensa le sigue una sesi\u00f3n de preguntas y respuestas en la que Pau Roca responde a las preguntas de los periodistas. <\/p>\n\n\n\n<p class=\"has-background has-very-light-gray-background-color\">La conferencia se podr\u00e1 seguir en directo y bajo demanda en esta aplicaci\u00f3n: <strong>Inscribirse&nbsp;<a href=\"https:\/\/webapp.spotme.com\/welcome\/oivpressconference?email=&amp;source=install\" target=\"_blank\" rel=\"noreferrer noopener\">AQU\u00cd<\/a>.<\/strong><\/p>\n\n\n\n<div style=\"height:54px\" aria-hidden=\"true\" class=\"wp-block-spacer\"><\/div>\n\n\n\n<div style=\"height:55px\" aria-hidden=\"true\" class=\"wp-block-spacer\"><\/div>\n","protected":false},"excerpt":{"rendered":"<p>El pr\u00f3ximo mi\u00e9rcoles 27 de abril a las 10 hora argentina (15 hs. CET), Pau&hellip;<\/p>\n","protected":false},"author":3,"featured_media":58004,"comment_status":"open","ping_status":"open","sticky":false,"template":"","format":"standard","meta":{"footnotes":""},"categories":[47],"tags":[],"class_list":["post-56871","post","type-post","status-publish","format-standard","has-post-thumbnail","hentry","category-agenda"],"_links":{"self":[{"href":"https:\/\/enolife.com.ar\/es\/wp-json\/wp\/v2\/posts\/56871","targetHints":{"allow":["GET"]}}],"collection":[{"href":"https:\/\/enolife.com.ar\/es\/wp-json\/wp\/v2\/posts"}],"about":[{"href":"https:\/\/enolife.com.ar\/es\/wp-json\/wp\/v2\/types\/post"}],"author":[{"embeddable":true,"href":"https:\/\/enolife.com.ar\/es\/wp-json\/wp\/v2\/users\/3"}],"replies":[{"embeddable":true,"href":"https:\/\/enolife.com.ar\/es\/wp-json\/wp\/v2\/comments?post=56871"}],"version-history":[{"count":0,"href":"https:\/\/enolife.com.ar\/es\/wp-json\/wp\/v2\/posts\/56871\/revisions"}],"wp:featuredmedia":[{"embeddable":true,"href":"https:\/\/enolife.com.ar\/es\/wp-json\/wp\/v2\/media\/58004"}],"wp:attachment":[{"href":"https:\/\/enolife.com.ar\/es\/wp-json\/wp\/v2\/media?parent=56871"}],"wp:term":[{"taxonomy":"category","embeddable":true,"href":"https:\/\/enolife.com.ar\/es\/wp-json\/wp\/v2\/categories?post=56871"},{"taxonomy":"post_tag","embeddable":true,"href":"https:\/\/enolife.com.ar\/es\/wp-json\/wp\/v2\/tags?post=56871"}],"curies":[{"name":"wp","href":"https:\/\/api.w.org\/{rel}","templated":true}]}}