{"id":56749,"date":"2022-03-16T17:46:52","date_gmt":"2022-03-16T17:46:52","guid":{"rendered":"http:\/\/enolife.com.ar\/es\/?p=56749"},"modified":"2022-03-17T15:09:13","modified_gmt":"2022-03-17T15:09:13","slug":"arranca-el-17-3-desde-el-hyatt-el-rally-de-autos-antiguos-que-recorre-las-bodegas-de-mendoza","status":"publish","type":"post","link":"https:\/\/enolife.com.ar\/es\/arranca-el-17-3-desde-el-hyatt-el-rally-de-autos-antiguos-que-recorre-las-bodegas-de-mendoza\/","title":{"rendered":"Arranca el 17\/3 desde el Hyatt el Rally de autos antiguos que recorre las bodegas de Mendoza"},"content":{"rendered":"\n<h4 class=\"wp-block-heading\"><em><strong>Desde ma\u00f1ana jueves 17\/3 al s\u00e1bado 19\/3, las rutas, fincas y bodegas de Mendoza ser\u00e1n el escenario de una nueva edici\u00f3n, la 19, del tradicional concurso entre autos de colecci\u00f3n fabricados entre 1927 y 1980. Participar\u00e1n 80 veh\u00edculos de marcas deportivas famosas como Porsche, Maserati, Alfa Romeo, Ferrari, Jaguer, BMW e IKA Torino, adem\u00e1s de las cl\u00e1sicas Fiat, Chevrolet y Ford. Los bonitos autos tienen a bordo el piloto y un navegante que interpreta la hoja de ruta. Cabe destacar que la carrera es de regularidad, no de velocidad, es decir que se merit\u00faa la exactitud para llegar a los puestos de control y metas. El p\u00fablico podr\u00e1 verlos en las tres largadas desde el hotel Hyatt de la Capital mendocina.<\/strong><\/em><\/h4>\n\n\n\n<div style=\"height:20px\" aria-hidden=\"true\" class=\"wp-block-spacer\"><\/div>\n\n\n\n\n\n<div style=\"height:66px\" aria-hidden=\"true\" class=\"wp-block-spacer\"><\/div>\n\n\n\n<p>Organizado por el <strong>Club Mendoza Cl\u00e1sicos y Sport<\/strong>, este concurso de clase internacional forma parte del calendario nacional del <strong>ACA<\/strong> y mundial <strong>FIVA<\/strong>; adem\u00e1s integra el campeonato <strong>Triple Corona <\/strong>junto al <strong>Rally de la Monta\u00f1a de C\u00f3rdoba <\/strong>y las<strong> 1.000 Millas Sport de Bariloche.<\/strong> Ha sido declarado de Inter\u00e9s Tur\u00edstico Nacional por el Ministerio de Turismo de la Naci\u00f3n y de Inter\u00e9s Provincial por el gobierno de Mendoza.<\/p>\n\n\n\n<p>Participan 80 autos provenientes de Buenos Aires, Santa Fe, C\u00f3rdoba, Tucum\u00e1n, Entre R\u00edos y Mendoza, adem\u00e1s de invitados especiales de Chile y Brasil.<\/p>\n\n\n\n<div style=\"height:20px\" aria-hidden=\"true\" class=\"wp-block-spacer\"><\/div>\n\n\n\n<div class=\"wp-block-image\"><figure class=\"aligncenter is-resized\"><img loading=\"lazy\" decoding=\"async\" src=\"https:\/\/i0.wp.com\/diadelsur.com\/wp-content\/uploads\/2022\/03\/Copa-Park-Hyatt-1.jpg?fit=942%2C586&amp;ssl=1\" alt=\"Llega la 19\u00aa edici\u00f3n del Rally de las Bodegas \u00abCopa Park Hyatt\u00bb \u2013 D\u00eda del  Sur Noticias\" width=\"573\" height=\"356\"\/><figcaption><em><strong>Park Hyatt Mendoza<\/strong><\/em><\/figcaption><\/figure><\/div>\n\n\n\n<div style=\"height:20px\" aria-hidden=\"true\" class=\"wp-block-spacer\"><\/div>\n\n\n\n<p>El Rally de las Bodegas tendr\u00e1 su epicentro en el hotel <strong>Park Hyatt Mendoza,<\/strong> donde se desarrollar\u00e1n las acreditaciones junto a las verificaciones t\u00e9cnicas y administrativas de cada corredor. All\u00ed, frente a la Plaza Independencia de la Capital mendocina, en calle Chile entre Sarmiento y Espejo, se llevar\u00e1 a cabo un c\u00f3ctel de bienvenida de los participantes y se realizar\u00e1 la largada&nbsp;de las dos&nbsp;etapas. En ese punto, mendocinos y turistas de paso podr\u00e1n apreciar el colorido, la est\u00e9tica y la potencia de los autos de colecci\u00f3n.<\/p>\n\n\n\n<div style=\"height:20px\" aria-hidden=\"true\" class=\"wp-block-spacer\"><\/div>\n\n\n\n<h4 class=\"has-vivid-red-color has-text-color wp-block-heading\">Vecinos de Mendoza y turistas de paso podr\u00e1n apreciar el colorido, est\u00e9tica y potencia de los autos antiguos participantes en las dos largadas desde frente al Hotel Hyatt de Mendoza, el viernes 17\/3 a las 8 hs. y el s\u00e1bado 19\/3 a las 8 hs.<\/h4>\n\n\n\n<div style=\"height:20px\" aria-hidden=\"true\" class=\"wp-block-spacer\"><\/div>\n\n\n\n<p>La primera etapa tendr\u00e1 lugar&nbsp;el d\u00eda viernes 18 de marzo. En la segunda fase, el s\u00e1bado 19, los pilotos- tras recorrer algunas bodegas elegidas para este tramo- llegar\u00e1n con sus autos cl\u00e1sicos a la <strong>Bodega Enzo Bianchi de Valle de Uco.<\/strong> All\u00ed, &nbsp;disfrutar\u00e1n de un almuerzo al pie de los vi\u00f1edos, con una vista imponente de la cordillera de los Andes.<\/p>\n\n\n\n<div style=\"height:20px\" aria-hidden=\"true\" class=\"wp-block-spacer\"><\/div>\n\n\n\n<div class=\"wp-block-image\"><figure class=\"aligncenter size-large is-resized\"><img loading=\"lazy\" decoding=\"async\" src=\"https:\/\/enolife.com.ar\/es\/wp-content\/uploads\/2022\/03\/getlstd-property-photo.jpg\" alt=\"Bodega Enzo Bianchi (Tunuy\u00e1n) - 2022 Qu\u00e9 saber antes de ir - Lo m\u00e1s  comentado por la gente - Tripadvisor\" class=\"wp-image-56770\" width=\"575\" height=\"348\" srcset=\"https:\/\/enolife.com.ar\/es\/wp-content\/uploads\/2022\/03\/getlstd-property-photo.jpg 826w, https:\/\/enolife.com.ar\/es\/wp-content\/uploads\/2022\/03\/getlstd-property-photo-300x182.jpg 300w, https:\/\/enolife.com.ar\/es\/wp-content\/uploads\/2022\/03\/getlstd-property-photo-768x465.jpg 768w, https:\/\/enolife.com.ar\/es\/wp-content\/uploads\/2022\/03\/getlstd-property-photo-585x354.jpg 585w\" sizes=\"auto, (max-width: 575px) 100vw, 575px\" \/><figcaption><em><strong>Bodega Enzo Bianchi<\/strong><\/em><\/figcaption><\/figure><\/div>\n\n\n\n<div style=\"height:20px\" aria-hidden=\"true\" class=\"wp-block-spacer\"><\/div>\n\n\n\n<p>Este desaf\u00edo, que combina la pasi\u00f3n por los autos cl\u00e1sicos y el placer de recorrer las rutas del vino consiste en transitar los circuitos de las bodegas m\u00e1s emblem\u00e1ticas de&nbsp;Mendoza.<\/p>\n\n\n\n<p>Seg\u00fan describen los organizadores, la competencia se desarrollar\u00e1 bajo la modalidad de la regularidad. Es decir que los pilotos tendr\u00e1n que realizar distintos tipos de pruebas que deber\u00e1n cumplir en un tiempo preestablecido y exacto acordado para esta edici\u00f3n.<\/p>\n\n\n\n<div style=\"height:20px\" aria-hidden=\"true\" class=\"wp-block-spacer\"><\/div>\n\n\n\n<figure class=\"wp-block-gallery aligncenter columns-2 is-cropped wp-block-gallery-1 is-layout-flex wp-block-gallery-is-layout-flex\"><ul class=\"blocks-gallery-grid\"><li class=\"blocks-gallery-item\"><figure><img loading=\"lazy\" decoding=\"async\" width=\"845\" height=\"500\" src=\"https:\/\/enolife.com.ar\/es\/wp-content\/uploads\/2022\/03\/Rally-de-las-bodegas-Ph-Marcela-Fittipaldi.jpg\" alt=\"\" data-id=\"56768\" class=\"wp-image-56768\" srcset=\"https:\/\/enolife.com.ar\/es\/wp-content\/uploads\/2022\/03\/Rally-de-las-bodegas-Ph-Marcela-Fittipaldi.jpg 845w, https:\/\/enolife.com.ar\/es\/wp-content\/uploads\/2022\/03\/Rally-de-las-bodegas-Ph-Marcela-Fittipaldi-300x178.jpg 300w, https:\/\/enolife.com.ar\/es\/wp-content\/uploads\/2022\/03\/Rally-de-las-bodegas-Ph-Marcela-Fittipaldi-768x454.jpg 768w, https:\/\/enolife.com.ar\/es\/wp-content\/uploads\/2022\/03\/Rally-de-las-bodegas-Ph-Marcela-Fittipaldi-585x346.jpg 585w\" sizes=\"auto, (max-width: 845px) 100vw, 845px\" \/><\/figure><\/li><li class=\"blocks-gallery-item\"><figure><img loading=\"lazy\" decoding=\"async\" width=\"798\" height=\"500\" src=\"https:\/\/enolife.com.ar\/es\/wp-content\/uploads\/2022\/03\/Rally-de-las-bodegas.jpg\" alt=\"\" data-id=\"56767\" class=\"wp-image-56767\" srcset=\"https:\/\/enolife.com.ar\/es\/wp-content\/uploads\/2022\/03\/Rally-de-las-bodegas.jpg 798w, https:\/\/enolife.com.ar\/es\/wp-content\/uploads\/2022\/03\/Rally-de-las-bodegas-300x188.jpg 300w, https:\/\/enolife.com.ar\/es\/wp-content\/uploads\/2022\/03\/Rally-de-las-bodegas-768x481.jpg 768w, https:\/\/enolife.com.ar\/es\/wp-content\/uploads\/2022\/03\/Rally-de-las-bodegas-585x367.jpg 585w\" sizes=\"auto, (max-width: 798px) 100vw, 798px\" \/><\/figure><\/li><\/ul><\/figure>\n\n\n\n<div style=\"height:20px\" aria-hidden=\"true\" class=\"wp-block-spacer\"><\/div>\n\n\n\n<p>Adem\u00e1s, la tripulaci\u00f3n se apoya en un instrumental especial con el que est\u00e1n equipados los autos, que facilita la tarea del navegante y lo ayuda en la interpretaci\u00f3n del <em>road book<\/em> u hoja de ruta. <\/p>\n\n\n\n<div style=\"height:20px\" aria-hidden=\"true\" class=\"wp-block-spacer\"><\/div>\n\n\n\n<div class=\"wp-block-image\"><figure class=\"aligncenter is-resized\"><img loading=\"lazy\" decoding=\"async\" src=\"https:\/\/www.elcucodigital.com\/wp-content\/uploads\/2020\/03\/Rally-de-las-Bodegas-por-Tgto-1.jpg\" alt=\"Llega la 19\u00aa edici\u00f3n del Rally de las Bodegas y los autos antiguos volver\u00e1n  al Valle de Uco - Diario El Cuco Digital todas las noticias del Valle de Uco\" width=\"572\" height=\"381\"\/><\/figure><\/div>\n\n\n\n<div style=\"height:20px\" aria-hidden=\"true\" class=\"wp-block-spacer\"><\/div>\n\n\n\n<p>El viernes 18, tras la disputa de la primera etapa. Se realizar\u00e1 en la Bodega Trapiche el Concurso de Elegancia 2022, donde se elegir\u00e1 al mejor auto de la edici\u00f3n. Y el s\u00e1bado 19, tras la finalizaci\u00f3n del segundo tramo, tendr\u00e1 lugar la llegada y la entrega de premios, frente al Park Hyatt Mendoza.<\/p>\n\n\n\n<p>A modo de cierre, habr\u00e1 una cena en Park Hyatt Mendoza a beneficio de la Fundaci\u00f3n Conin.<\/p>\n\n\n\n<div style=\"height:20px\" aria-hidden=\"true\" class=\"wp-block-spacer\"><\/div>\n\n\n\n<p class=\"has-medium-font-size\"><strong>Programa completo y recorrido de los autos antiguos<\/strong><\/p>\n\n\n\n<p class=\"has-background has-very-light-gray-background-color\"><strong>Jueves 17<\/strong><\/p>\n\n\n\n<p>14 hs:&nbsp;Verificaci\u00f3n t\u00e9cnica y administrativa en el Sal\u00f3n de los Espejos.<br>16 hs: Acto de Apertura<br>16.30 hs: Largada simb\u00f3lica&nbsp;\u2013&nbsp;Dalvian \u2013 Puesto San Isidro<br>21 hs: Cocktail de Apertura en Park Hyatt Mendoza<\/p>\n\n\n\n<p class=\"has-background has-very-light-gray-background-color\"><strong>Viernes 18<\/strong><\/p>\n\n\n\n<p>8 hs: Largada Etapa 1 desde el hotel Hyatt &#8211;&nbsp;El Challao &#8211; San Isidro &#8211; Dalvian &#8211; B\u00aa Aguaribay<br>9 hs: Bodega Dante Robino &#8211;&nbsp;Cacheuta &#8211; Potrerillos<br>12 hs: Almuerzo Estancia Uspallata.&nbsp;Perdriel<br>16.30 hs: Bodega Trapiche.<br>18 hs: Concurso de Elegancia RDLB 2022<\/p>\n\n\n\n<p class=\"has-background has-very-light-gray-background-color\"><strong>S\u00e1bado 19<\/strong><\/p>\n\n\n\n<p>8 hs: Largada Etapa 2 desde Park Hyatt Mendoza.&nbsp;Cerro de la Gloria \u2013 Chacras de Coria.<br>9 hs: Bodega Bressia &#8211;&nbsp;Ugarteche<br>12.30 hs: Almuerzo Bodegas Bianchi &#8211;&nbsp;Manzano Hist\u00f3rico<br>15.30 hs: Tupungato \u2013 Perdriel<br>16.15 hs: Bodega Trivento<br>17.45 hs: Llegada y entrega de premios en el Park Hyatt Mendoza<br>21.30 hs: Cena de cierre a beneficio de la Fundaci\u00f3n Conin.<\/p>\n\n\n\n<div style=\"height:20px\" aria-hidden=\"true\" class=\"wp-block-spacer\"><\/div>\n\n\n\n<p class=\"has-medium-font-size\"><strong>Pilotos, copilotos, autos y modelos en orden de largada<\/strong><\/p>\n\n\n\n<div style=\"height:20px\" aria-hidden=\"true\" class=\"wp-block-spacer\"><\/div>\n\n\n\n<div class=\"wp-block-image\"><figure class=\"aligncenter size-large\"><img loading=\"lazy\" decoding=\"async\" width=\"595\" height=\"571\" src=\"https:\/\/enolife.com.ar\/es\/wp-content\/uploads\/2022\/03\/Imagen10-2.jpg\" alt=\"\" class=\"wp-image-56760\" srcset=\"https:\/\/enolife.com.ar\/es\/wp-content\/uploads\/2022\/03\/Imagen10-2.jpg 595w, https:\/\/enolife.com.ar\/es\/wp-content\/uploads\/2022\/03\/Imagen10-2-300x288.jpg 300w, https:\/\/enolife.com.ar\/es\/wp-content\/uploads\/2022\/03\/Imagen10-2-585x561.jpg 585w\" sizes=\"auto, (max-width: 595px) 100vw, 595px\" \/><\/figure><\/div>\n\n\n\n<div class=\"wp-block-image\"><figure class=\"aligncenter size-large\"><img loading=\"lazy\" decoding=\"async\" width=\"579\" height=\"518\" src=\"https:\/\/enolife.com.ar\/es\/wp-content\/uploads\/2022\/03\/Imagen8-3.jpg\" alt=\"\" class=\"wp-image-56763\" srcset=\"https:\/\/enolife.com.ar\/es\/wp-content\/uploads\/2022\/03\/Imagen8-3.jpg 579w, https:\/\/enolife.com.ar\/es\/wp-content\/uploads\/2022\/03\/Imagen8-3-300x268.jpg 300w\" sizes=\"auto, (max-width: 579px) 100vw, 579px\" \/><\/figure><\/div>\n\n\n\n<div class=\"wp-block-image\"><figure class=\"aligncenter size-large\"><img loading=\"lazy\" decoding=\"async\" width=\"587\" height=\"571\" src=\"https:\/\/enolife.com.ar\/es\/wp-content\/uploads\/2022\/03\/Imagen9-2.jpg\" alt=\"\" class=\"wp-image-56761\" srcset=\"https:\/\/enolife.com.ar\/es\/wp-content\/uploads\/2022\/03\/Imagen9-2.jpg 587w, https:\/\/enolife.com.ar\/es\/wp-content\/uploads\/2022\/03\/Imagen9-2-300x292.jpg 300w, https:\/\/enolife.com.ar\/es\/wp-content\/uploads\/2022\/03\/Imagen9-2-585x569.jpg 585w\" sizes=\"auto, (max-width: 587px) 100vw, 587px\" \/><\/figure><\/div>\n\n\n\n<div style=\"height:35px\" aria-hidden=\"true\" class=\"wp-block-spacer\"><\/div>\n","protected":false},"excerpt":{"rendered":"<p>Desde ma\u00f1ana jueves 17\/3 al s\u00e1bado 19\/3, las rutas, fincas y bodegas de Mendoza ser\u00e1n&hellip;<\/p>\n","protected":false},"author":3,"featured_media":56775,"comment_status":"open","ping_status":"open","sticky":false,"template":"","format":"standard","meta":{"footnotes":""},"categories":[47],"tags":[],"class_list":["post-56749","post","type-post","status-publish","format-standard","has-post-thumbnail","hentry","category-agenda"],"_links":{"self":[{"href":"https:\/\/enolife.com.ar\/es\/wp-json\/wp\/v2\/posts\/56749","targetHints":{"allow":["GET"]}}],"collection":[{"href":"https:\/\/enolife.com.ar\/es\/wp-json\/wp\/v2\/posts"}],"about":[{"href":"https:\/\/enolife.com.ar\/es\/wp-json\/wp\/v2\/types\/post"}],"author":[{"embeddable":true,"href":"https:\/\/enolife.com.ar\/es\/wp-json\/wp\/v2\/users\/3"}],"replies":[{"embeddable":true,"href":"https:\/\/enolife.com.ar\/es\/wp-json\/wp\/v2\/comments?post=56749"}],"version-history":[{"count":0,"href":"https:\/\/enolife.com.ar\/es\/wp-json\/wp\/v2\/posts\/56749\/revisions"}],"wp:featuredmedia":[{"embeddable":true,"href":"https:\/\/enolife.com.ar\/es\/wp-json\/wp\/v2\/media\/56775"}],"wp:attachment":[{"href":"https:\/\/enolife.com.ar\/es\/wp-json\/wp\/v2\/media?parent=56749"}],"wp:term":[{"taxonomy":"category","embeddable":true,"href":"https:\/\/enolife.com.ar\/es\/wp-json\/wp\/v2\/categories?post=56749"},{"taxonomy":"post_tag","embeddable":true,"href":"https:\/\/enolife.com.ar\/es\/wp-json\/wp\/v2\/tags?post=56749"}],"curies":[{"name":"wp","href":"https:\/\/api.w.org\/{rel}","templated":true}]}}