{"id":56691,"date":"2022-03-19T14:11:50","date_gmt":"2022-03-19T14:11:50","guid":{"rendered":"http:\/\/enolife.com.ar\/es\/?p=56691"},"modified":"2022-03-21T02:25:29","modified_gmt":"2022-03-21T02:25:29","slug":"mendoza-pagara-54-000-a-cada-productor-afectado-por-granizo-y-dara-creditos-hasta-750-000","status":"publish","type":"post","link":"https:\/\/enolife.com.ar\/es\/mendoza-pagara-54-000-a-cada-productor-afectado-por-granizo-y-dara-creditos-hasta-750-000\/","title":{"rendered":"Mendoza pagar\u00e1 $54.000 a cada productor afectado por granizo y dar\u00e1 cr\u00e9ditos hasta $750.000"},"content":{"rendered":"\n<h4 class=\"wp-block-heading\"><em><strong>El Ministerio de Econom\u00eda y Energ\u00eda de la provincia anunci\u00f3 la puesta en marcha del Programa de Sostenimiento a la Labores Agr\u00edcolas y Rurales (Solar), cuyo objetivo es asistir a productores afectados por las \u00faltimas contingencias clim\u00e1ticas (tormentas, granizo, heladas) durante los meses de diciembre 2021, enero 2022 y febrero 2022. Consiste en 3 pagos mensuales de $18.000 a productores, extensible a hasta 4 de sus trabajadores en relaci\u00f3n de dependencia, pagos que ser\u00e1n transferidos electr\u00f3nicamente a sus cuentas. La inscripci\u00f3n para el posible beneficio arranc\u00f3 el 14\/3 a trav\u00e9s del Sistema Ticket. El cupo es para 1.800 propietarios cuyas fincas no superen las 20 has de superficie. A este incentivo se suma la posibilidad de acceder a cr\u00e9ditos del Fondo para la Transformaci\u00f3n y el Crecimiento (FTyC) de hasta $750.000 para capital de trabajo, a pagar en 21 meses.<\/strong><\/em><\/h4>\n\n\n\n<div style=\"height:20px\" aria-hidden=\"true\" class=\"wp-block-spacer\"><\/div>\n\n\n<a href=\"https:\/\/www.linkedin.com\/company\/agrinet-sa\/?originalSubdomain=ar\" aria-label=\"1700X500\"><img loading=\"lazy\" decoding=\"async\" src=\"https:\/\/enolife.com.ar\/es\/wp-content\/uploads\/2021\/11\/1700X500.gif\" alt=\"\"  width=\"1700\" height=\"500\"   \/><\/a>\n\n\n<div style=\"height:49px\" aria-hidden=\"true\" class=\"wp-block-spacer\"><\/div>\n\n\n\n<p>El Ministerio de Econom\u00eda y Energ\u00eda comunic\u00f3 las caracter\u00edsticas del Programa de Sostenimiento a la Labores Agr\u00edcolas y Rurales (Solar) y de las distintas l\u00edneas de financiamiento disponibles desde el Fondo para la Transformaci\u00f3n y el Crecimiento (FTyC) para asistir a productores damnificados por las \u00faltimas contingencias clim\u00e1ticas registradas durante diciembre, enero y febrero. &nbsp;<\/p>\n\n\n\n<div style=\"height:20px\" aria-hidden=\"true\" class=\"wp-block-spacer\"><\/div>\n\n\n\n<p class=\"has-medium-font-size\"><strong>Programa Solar<\/strong><\/p>\n\n\n\n<p>Seg\u00fan explic\u00f3 la <strong>directora de Agricultura de la Provincia, Valentina Navarro Canafoglia<\/strong>, este programa <em>\u00abconsiste en un pago mensual de $18.000 a productores, extensible a un m\u00e1ximo de 4 de sus trabajadores o trabajadoras, siempre que los mismos se encuentren debidamente certificados y en relaci\u00f3n de dependencia. El beneficio ser\u00e1 por un plazo m\u00e1ximo de 3 meses\u00bb<\/em>. &nbsp;<\/p>\n\n\n\n<p>Por su parte,&nbsp;<strong>Emilce Vega Espinoza, titular de la Direcci\u00f3n General de Empleo y Capacitaci\u00f3n,<\/strong> a\u00f1adi\u00f3: <em>\u00abEl incentivo econ\u00f3mico ser\u00e1 depositado v\u00eda transferencia electr\u00f3nica individualizada, al productor y a los trabajadores registrados. La inscripci\u00f3n y presentaci\u00f3n de la documentaci\u00f3n se realizar\u00e1 a trav\u00e9s del Sistema Ticket y se ha puesto como tope 1.800 beneficiarios\u00bb<\/em>.&nbsp;&nbsp;&nbsp;<\/p>\n\n\n\n<p>Las&nbsp;inscripciones&nbsp;est\u00e1n&nbsp;disponibles&nbsp;desde del lunes 14\/3&nbsp;y se tomar\u00e1n como referencia los meses de diciembre, enero y febrero. Los beneficiarios del incentivo econ\u00f3mico percibir\u00e1n el cobro en sus cuentas durante abril, mayo y junio.&nbsp;&nbsp;&nbsp;<\/p>\n\n\n\n<p><strong>Navarro Canafoglia<\/strong> agreg\u00f3 finalmente que <em>\u00abser\u00e1 cada municipio el que se encargue de llevar estas herramientas a sus respectivos productores. Es muy importante tener en cuenta los requisitos necesarios para los productores puedan acceder a esta herramienta\u00bb<\/em>. &nbsp;<\/p>\n\n\n\n<p><em>\u00abUn dato no menor y que se debe tener muy en cuenta, tiene que ver con que a esta iniciativa podr\u00e1n acceder todos aquellos productores cuyas propiedades no superen las las 20 hect\u00e1reas de superficie. La misma debe estar trabajada y en producci\u00f3n declarada en el RUT\u00bb<\/em>, cerr\u00f3 <strong>Vega Espinoza.<\/strong>&nbsp;&nbsp;&nbsp;&nbsp;<\/p>\n\n\n\n<div style=\"height:20px\" aria-hidden=\"true\" class=\"wp-block-spacer\"><\/div>\n\n\n\n<p class=\"has-background has-very-light-gray-background-color\"><strong>Requisitos para acceder al beneficio &nbsp;<\/strong><\/p>\n\n\n\n<ul class=\"wp-block-list\"><li>Ser mayor de 18 a\u00f1os. &nbsp;<\/li><li>DNI y\/o certificaci\u00f3n de residencia en la Provincia de Mendoza y la misma informaci\u00f3n para el caso de los empleados, en caso de estar registrados. &nbsp;<\/li><li>Constancia de CUIT\/CUIL. &nbsp;<\/li><li>Tener desde ninguno hasta 4 trabajadores\/as formalmente registrados\/as afectados\/as, a las tareas productivas m\u00e1s el productor responsable de la gesti\u00f3n.&nbsp;&nbsp;&nbsp;<\/li><li>Un m\u00e1ximo de 20 hect\u00e1reas de superficie trabajada y en producci\u00f3n declarada en el RUT, en condici\u00f3n de propietario\/a o arrendatario\/a. &nbsp;<\/li><li>Certificaci\u00f3n de AFIP, ATM, RUT que acredite dedicaci\u00f3n&nbsp;a la tarea productiva como actividad econ\u00f3mica principal.&nbsp;&nbsp;&nbsp;<\/li><li>Haber realizado la denuncia ante la Direcci\u00f3n de Contingencias Clim\u00e1ticas de la Provincia indicando la fecha exacta del da\u00f1o, en el caso de no haber sido tasados, tasaci\u00f3n anticipada que surge del listado de productores comprendidos en las fechas del o de los eventos considerados. &nbsp;<\/li><li>Completar el formulario de asistencia a la emergencia clim\u00e1tica. &nbsp;<\/li><li>No estar incluidas en el Registro P\u00fablico de Empleadores con Sanciones Laborales (REPSAL). &nbsp;<\/li><li>El\/la productor\/a debe estar inscripto en el RUT actualizado a la fecha del siniestro.&nbsp;<\/li><\/ul>\n\n\n\n<div style=\"height:20px\" aria-hidden=\"true\" class=\"wp-block-spacer\"><\/div>\n\n\n\n<p class=\"has-medium-font-size\"><strong>Financiamiento para Capital de Trabajo&nbsp;<\/strong><\/p>\n\n\n\n<p>A su turno, los directivos del FTyC brindaron detalles de una l\u00ednea de financiamiento para capital de trabajo. <em>\u00abDebido a la cantidad de productores que han sufrido da\u00f1os de consideraci\u00f3n en sus cultivos, es que avanzamos en el armado de esta l\u00ednea que es muy buena, ya que la tasa de inter\u00e9s es del 30% de la tasa del Banco Naci\u00f3n para aquellos productores considerados micro (hasta 15 hect\u00e1reas). De 15 a 30 hect\u00e1reas, la tasa asciende al 50% del Banco Naci\u00f3n y de all\u00ed en m\u00e1s, puede ascender al 75% o al 100% de la TNA del BNA dependiendo de la extensi\u00f3n de las propiedades. En estos casos, el cr\u00e9dito que podemos dar es de hasta $750.000\u00bb<\/em>, manifestaron un funcionario de la entidad crediticia.<\/p>\n\n\n\n<p>En cuanto a los plazos de devoluci\u00f3n, la misma fuente coment\u00f3: <em>\u00abLos cr\u00e9ditos se podr\u00e1n devolverse en 21 meses, incluidos los 12 de gracia. Los intereses que corresponda pagar durante el periodo de gracia, se abonar\u00e1n junto con la primera cuota de amortizaci\u00f3n de capital del cr\u00e9dito\u00bb. &nbsp;<\/em><\/p>\n\n\n\n<p>Sobre las garant\u00edas, a\u00f1adieron: <em>\u00abPara esta l\u00ednea de cr\u00e9ditos (de hasta $750.000), las garant\u00edas que se pueden presentar son una prenda, una hipoteca, una aval por parte de una SGR o bien, un garante con bono de sueldo.<\/em>\u00ab<\/p>\n\n\n\n<p class=\"has-background has-very-light-gray-background-color\"><strong>Para mayor informaci\u00f3n los interesados podr\u00e1n acceder clikeando<a href=\"https:\/\/www.ftyc.gob.ar\/\">&nbsp;AQU\u00cd<\/a><\/strong><\/p>\n\n\n\n<div style=\"height:29px\" aria-hidden=\"true\" class=\"wp-block-spacer\"><\/div>\n","protected":false},"excerpt":{"rendered":"<p>El Ministerio de Econom\u00eda y Energ\u00eda de la provincia anunci\u00f3 la puesta en marcha del&hellip;<\/p>\n","protected":false},"author":3,"featured_media":56832,"comment_status":"open","ping_status":"open","sticky":false,"template":"","format":"standard","meta":{"footnotes":""},"categories":[14],"tags":[],"class_list":["post-56691","post","type-post","status-publish","format-standard","has-post-thumbnail","hentry","category-news"],"_links":{"self":[{"href":"https:\/\/enolife.com.ar\/es\/wp-json\/wp\/v2\/posts\/56691","targetHints":{"allow":["GET"]}}],"collection":[{"href":"https:\/\/enolife.com.ar\/es\/wp-json\/wp\/v2\/posts"}],"about":[{"href":"https:\/\/enolife.com.ar\/es\/wp-json\/wp\/v2\/types\/post"}],"author":[{"embeddable":true,"href":"https:\/\/enolife.com.ar\/es\/wp-json\/wp\/v2\/users\/3"}],"replies":[{"embeddable":true,"href":"https:\/\/enolife.com.ar\/es\/wp-json\/wp\/v2\/comments?post=56691"}],"version-history":[{"count":0,"href":"https:\/\/enolife.com.ar\/es\/wp-json\/wp\/v2\/posts\/56691\/revisions"}],"wp:featuredmedia":[{"embeddable":true,"href":"https:\/\/enolife.com.ar\/es\/wp-json\/wp\/v2\/media\/56832"}],"wp:attachment":[{"href":"https:\/\/enolife.com.ar\/es\/wp-json\/wp\/v2\/media?parent=56691"}],"wp:term":[{"taxonomy":"category","embeddable":true,"href":"https:\/\/enolife.com.ar\/es\/wp-json\/wp\/v2\/categories?post=56691"},{"taxonomy":"post_tag","embeddable":true,"href":"https:\/\/enolife.com.ar\/es\/wp-json\/wp\/v2\/tags?post=56691"}],"curies":[{"name":"wp","href":"https:\/\/api.w.org\/{rel}","templated":true}]}}