{"id":56270,"date":"2022-03-11T21:59:24","date_gmt":"2022-03-11T21:59:24","guid":{"rendered":"http:\/\/enolife.com.ar\/es\/?p=56270"},"modified":"2022-03-13T02:51:18","modified_gmt":"2022-03-13T02:51:18","slug":"hasta-el-18-3-seleccionan-cantantes-musicos-y-grupos-para-musica-clasica-por-los-caminos-del-vino","status":"publish","type":"post","link":"https:\/\/enolife.com.ar\/es\/hasta-el-18-3-seleccionan-cantantes-musicos-y-grupos-para-musica-clasica-por-los-caminos-del-vino\/","title":{"rendered":"Hasta el 18\/3 seleccionan cantantes, m\u00fasicos y grupos para M\u00fasica Cl\u00e1sica por los Caminos del Vino"},"content":{"rendered":"\n<h4 class=\"wp-block-heading\"><em><strong>El Ministerio de Cultura y Turismo del gobierno de Mendoza llam\u00f3 a presentar propuestas para elegir los n\u00fameros art\u00edsticos que formar\u00e1n parte&nbsp;de uno de los encuentros culturales y tur\u00edsticos m\u00e1s importantes de la provincia.<\/strong><\/em><\/h4>\n\n\n\n<div style=\"height:20px\" aria-hidden=\"true\" class=\"wp-block-spacer\"><\/div>\n\n\n<a href=\"https:\/\/instagram.com\/labelsolutions?igshid=YmMyMTA2M2Y=\" aria-label=\"Banner Palero 1700&#215;500\"><img loading=\"lazy\" decoding=\"async\" src=\"https:\/\/enolife.com.ar\/es\/wp-content\/uploads\/2021\/09\/Banner-Palero-1700x500-1.gif\" alt=\"\"  width=\"1700\" height=\"500\"   \/><\/a>\n\n\n<div style=\"height:46px\" aria-hidden=\"true\" class=\"wp-block-spacer\"><\/div>\n\n\n\n<p>El <strong>XXI Festival M\u00fasica Cl\u00e1sica por los Caminos del Vino<\/strong> se desarrollar\u00e1 en teatros, iglesias, museos, bodegas, cavas, parques, reservas naturales, jardines y vi\u00f1edos de toda la provincia del domingo 10 al domingo 17 de abril.<\/p>\n\n\n\n<p>Quienes deseen participar como artistas en el Festival deber\u00e1n ser cantantes y\/o m\u00fasicos solistas y\/o ensambles instrumentales de hasta seis integrantes. Cuando se trate de organismos art\u00edsticos oficiales, deber\u00e1n tener el aval de la instituci\u00f3n a la cual pertenecen. <\/p>\n\n\n\n<div style=\"height:20px\" aria-hidden=\"true\" class=\"wp-block-spacer\"><\/div>\n\n\n\n<h4 class=\"has-vivid-red-color has-text-color wp-block-heading\">Las propuestas musicales deben ser de estilo barroco, cl\u00e1sico, rom\u00e1ntico y contempor\u00e1neo.<\/h4>\n\n\n\n<div style=\"height:20px\" aria-hidden=\"true\" class=\"wp-block-spacer\"><\/div>\n\n\n\n<p>El jurado de selecci\u00f3n de propuestas estar\u00e1 integrado por tres miembro: <strong>Beatriz Plana<\/strong>, <strong>Gabriela Guembe<\/strong> y <strong>Jos\u00e9 Loyero<\/strong>, asistidos por personal id\u00f3neo dispuesto por el Ministerio de Cultura y Turismo.<\/p>\n\n\n\n<p>Las <strong>bases y el formulario de inscripci\u00f3n<\/strong> pueden ser descargados del sitio del Ministerio de Cultura y Turismo:&nbsp;<strong><a rel=\"noreferrer noopener\" href=\"http:\/\/www.mendoza.gov.ar\/cultura\" target=\"_blank\">www.mendoza.gov.ar\/cultura<\/a>&nbsp;&nbsp;<\/strong><\/p>\n\n\n\n<p>Las <strong>consultas <\/strong>podr\u00e1n efectuarse, antes del plazo de entrega de propuestas, a la direcci\u00f3n de correo electr\u00f3nico del Festival: <a rel=\"noreferrer noopener\" href=\"mailto:musicaclasicacaminosdelvino@gmail.com\" target=\"_blank\"><strong>musicaclasicacaminosdelvino@gmail.com<\/strong><\/a><\/p>\n\n\n\n<p>La presentaci\u00f3n formal de las propuestas deber\u00e1 realizarse hasta las 12 horas del viernes 18 de marzo pr\u00f3ximo. Desde la producci\u00f3n del Festival adelantaron que no se aceptar\u00e1n propuestas por otras v\u00edas o en otra fecha que la indicada en el reglamento. Los resultados se dar\u00e1n a conocer a partir del 24 de marzo.<\/p>\n\n\n\n<div style=\"height:20px\" aria-hidden=\"true\" class=\"wp-block-spacer\"><\/div>\n\n\n\n<p class=\"has-small-font-size\"><em><strong>Fuente: Gobierno de Mendoza<\/strong><\/em><\/p>\n\n\n\n<div style=\"height:28px\" aria-hidden=\"true\" class=\"wp-block-spacer\"><\/div>\n","protected":false},"excerpt":{"rendered":"<p>El Ministerio de Cultura y Turismo del gobierno de Mendoza llam\u00f3 a presentar propuestas para&hellip;<\/p>\n","protected":false},"author":3,"featured_media":56271,"comment_status":"open","ping_status":"open","sticky":false,"template":"","format":"standard","meta":{"footnotes":""},"categories":[34],"tags":[],"class_list":["post-56270","post","type-post","status-publish","format-standard","has-post-thumbnail","hentry","category-cultura1"],"_links":{"self":[{"href":"https:\/\/enolife.com.ar\/es\/wp-json\/wp\/v2\/posts\/56270","targetHints":{"allow":["GET"]}}],"collection":[{"href":"https:\/\/enolife.com.ar\/es\/wp-json\/wp\/v2\/posts"}],"about":[{"href":"https:\/\/enolife.com.ar\/es\/wp-json\/wp\/v2\/types\/post"}],"author":[{"embeddable":true,"href":"https:\/\/enolife.com.ar\/es\/wp-json\/wp\/v2\/users\/3"}],"replies":[{"embeddable":true,"href":"https:\/\/enolife.com.ar\/es\/wp-json\/wp\/v2\/comments?post=56270"}],"version-history":[{"count":0,"href":"https:\/\/enolife.com.ar\/es\/wp-json\/wp\/v2\/posts\/56270\/revisions"}],"wp:featuredmedia":[{"embeddable":true,"href":"https:\/\/enolife.com.ar\/es\/wp-json\/wp\/v2\/media\/56271"}],"wp:attachment":[{"href":"https:\/\/enolife.com.ar\/es\/wp-json\/wp\/v2\/media?parent=56270"}],"wp:term":[{"taxonomy":"category","embeddable":true,"href":"https:\/\/enolife.com.ar\/es\/wp-json\/wp\/v2\/categories?post=56270"},{"taxonomy":"post_tag","embeddable":true,"href":"https:\/\/enolife.com.ar\/es\/wp-json\/wp\/v2\/tags?post=56270"}],"curies":[{"name":"wp","href":"https:\/\/api.w.org\/{rel}","templated":true}]}}