{"id":56265,"date":"2022-03-14T15:27:23","date_gmt":"2022-03-14T15:27:23","guid":{"rendered":"http:\/\/enolife.com.ar\/es\/?p=56265"},"modified":"2022-03-16T14:36:55","modified_gmt":"2022-03-16T14:36:55","slug":"el-terremoto-de-vendimia-sigue-con-replicas-de-la-fiesta-en-12-bodegas-de-lujan-el-18-y-el-19-3","status":"publish","type":"post","link":"https:\/\/enolife.com.ar\/es\/el-terremoto-de-vendimia-sigue-con-replicas-de-la-fiesta-en-12-bodegas-de-lujan-el-18-y-el-19-3\/","title":{"rendered":"El terremoto de Vendimia sigue con r\u00e9plicas de la Fiesta en 12 bodegas de Luj\u00e1n, el 18 y el 19\/3"},"content":{"rendered":"\n<h4 class=\"wp-block-heading\"><em><strong>La Municipalidad del departamento cuyo lema es \u00abTierra del Malbec\u00bb vuelve a poner en escena el espect\u00e1culo \u00abVendimia en las Bodegas\u00bb, con \u00abmini\u00bb Fiestas que replican en parte el Acto Central del Anfiteatro en 12 bodegas de la zona. La idea, de buena acogida en 2021, naci\u00f3 por la necesidad de limitar la concurrencia del p\u00fablico por la pandemia, y ahora contin\u00faa con ese formato. Bressia, Ojo de Agua, Viamonte Winery, Chandon, Terrazas de los Andes, Belasco de Baquedano, A16, Bodega Foster Lorca, Kaiken, Lamadrid Estate Wines, Rosell Boher, y Zolo Wines son las bodegas participantes. Habr\u00e1 m\u00fasica en vivo, bailes, presentaci\u00f3n de reinas, y por supuesto vino y gastronom\u00eda. Las entradas cuestan $2.200 y pueden adquirirse a trav\u00e9s de la web travel.lujandecuyo.gob.ar.<\/strong><\/em><\/h4>\n\n\n\n<div style=\"height:27px\" aria-hidden=\"true\" class=\"wp-block-spacer\"><\/div>\n\n\n<a href=\"https:\/\/ar.verallia.com\/\" aria-label=\"VERALLIA 1700 x 500\"><img loading=\"lazy\" decoding=\"async\" src=\"https:\/\/enolife.com.ar\/es\/wp-content\/uploads\/2021\/04\/VERALLIA-1700-x-500.jpg\" alt=\"\"  srcset=\"https:\/\/enolife.com.ar\/es\/wp-content\/uploads\/2021\/04\/VERALLIA-1700-x-500.jpg 1700w, https:\/\/enolife.com.ar\/es\/wp-content\/uploads\/2021\/04\/VERALLIA-1700-x-500-300x88.jpg 300w, https:\/\/enolife.com.ar\/es\/wp-content\/uploads\/2021\/04\/VERALLIA-1700-x-500-1024x301.jpg 1024w, https:\/\/enolife.com.ar\/es\/wp-content\/uploads\/2021\/04\/VERALLIA-1700-x-500-768x226.jpg 768w, https:\/\/enolife.com.ar\/es\/wp-content\/uploads\/2021\/04\/VERALLIA-1700-x-500-1536x452.jpg 1536w, https:\/\/enolife.com.ar\/es\/wp-content\/uploads\/2021\/04\/VERALLIA-1700-x-500-1170x344.jpg 1170w, https:\/\/enolife.com.ar\/es\/wp-content\/uploads\/2021\/04\/VERALLIA-1700-x-500-585x172.jpg 585w\" sizes=\"auto, (max-width: 1700px) 100vw, 1700px\" width=\"1700\" height=\"500\"   \/><\/a>\n\n\n<div style=\"height:45px\" aria-hidden=\"true\" class=\"wp-block-spacer\"><\/div>\n\n\n\n<p><strong>Vendimia en las Bodegas<\/strong>&nbsp;naci\u00f3 en 2021, un formato de espect\u00e1culo reducido a ra\u00edz de la imposibilidad de realizar la Fiesta de la Vendimia Departamental con asistencia de p\u00fablico masivo, por las restricciones impuestas por la pandemia de coronavirus. <\/p>\n\n\n\n<div style=\"height:20px\" aria-hidden=\"true\" class=\"wp-block-spacer\"><\/div>\n\n\n\n<figure class=\"wp-block-gallery aligncenter columns-2 is-cropped wp-block-gallery-1 is-layout-flex wp-block-gallery-is-layout-flex\"><ul class=\"blocks-gallery-grid\"><li class=\"blocks-gallery-item\"><figure><img decoding=\"async\" src=\"https:\/\/lujandecuyo.gob.ar\/wp-content\/uploads\/2022\/03\/Flyer-Vendimia-en-las-Bodegas-2022.jpg\" alt=\"Se viene una nueva edici\u00f3n de Vendimia en las Bodegas\"\/><\/figure><\/li><li class=\"blocks-gallery-item\"><figure><img decoding=\"async\" src=\"https:\/\/lujandecuyo.gob.ar\/wp-content\/uploads\/2022\/03\/Establecimientos-participantes.jpg\" alt=\"Se viene una nueva edici\u00f3n de Vendimia en las Bodegas\"\/><\/figure><\/li><\/ul><\/figure>\n\n\n\n<div style=\"height:20px\" aria-hidden=\"true\" class=\"wp-block-spacer\"><\/div>\n\n\n\n<p>La idea, dise\u00f1ada por el intendente <strong>Sebasti\u00e1n Bragagnolo<\/strong> junto a su equipo de la <strong>Secretar\u00eda de Turismo y Cultura<\/strong> departamental, fue apoyada con inter\u00e9s por la <strong>Asociaci\u00f3n Empresaria Hotelero Gastron\u00f3mica y Afines (Aehga)<\/strong>, por <strong>la Asociaci\u00f3n Mendocina de Agencias de Viajes y Turismo (Amavyt)<\/strong>, por <strong>Bodegas de Argentina<\/strong> y por la <strong>C\u00e1mara de Turismo<\/strong> de la provincia. As\u00ed, se prosigue con esta atractiva oferta de entretenimiento para los visitantes locales y turistas: replicar el espect\u00e1culo vendimial de la celebraci\u00f3n en peque\u00f1os n\u00fameros art\u00edsticos, distribuidos en diferentes bodegas de <strong>Luj\u00e1n de Cuyo.<\/strong><\/p>\n\n\n\n<div style=\"height:25px\" aria-hidden=\"true\" class=\"wp-block-spacer\"><\/div>\n\n\n\n<figure class=\"wp-block-embed-youtube aligncenter wp-block-embed is-type-video is-provider-youtube wp-embed-aspect-4-3 wp-has-aspect-ratio\"><div class=\"wp-block-embed__wrapper\">\n<iframe loading=\"lazy\" title=\"Vendimia en las Bodegas - Resumen\" width=\"1170\" height=\"878\" src=\"https:\/\/www.youtube.com\/embed\/CyEDwGlBIS8?feature=oembed\" frameborder=\"0\" allow=\"accelerometer; autoplay; clipboard-write; encrypted-media; gyroscope; picture-in-picture\" allowfullscreen><\/iframe>\n<\/div><\/figure>\n\n\n\n<div style=\"height:31px\" aria-hidden=\"true\" class=\"wp-block-spacer\"><\/div>\n\n\n\n<p>La buena respuesta de p\u00fablico y prensa determin\u00f3 que el programa quede instalado en la agenda cultural departamental. En efecto, adem\u00e1s de haber realizado en este 2022 la <strong>Fiesta de la Vendimia de Luj\u00e1n<\/strong> y el tradicional encuentro de 4 d\u00edas <strong>Feriagro 2022<\/strong>, la Municipalidad de Luj\u00e1n llevar\u00e1 adelante este viernes 18 y s\u00e1bado 19 de marzo la&nbsp;<strong>Vendimia en las Bodegas<\/strong>&nbsp;en 12 bodegas del departamento:<\/p>\n\n\n\n<ul class=\"wp-block-list\"><li>A-16<\/li><li>Belasco de Baquedano<\/li><li>Bressia<\/li><li>Chandon<\/li><li>Foster Lorca<\/li><li>Kaiken<\/li><li>Lamadrid Estate Wines<\/li><li>Ojo de Agua<\/li><li>Rosell Boher Lodge<\/li><li>Terrazas de Los Andes<\/li><li>Viamonte Winery<\/li><li>Zolo Wines<\/li><\/ul>\n\n\n\n<p>Adem\u00e1s de los espect\u00e1culos art\u00edsticos que brindar\u00e1 cada bodega, los presentes podr\u00e1n disfrutar de diversas variedades de vinos y atractivas propuestas culinarias. Las entradas ya est\u00e1n a la venta en el portal <strong>web:&nbsp;<a href=\"http:\/\/travel.lujandecuyo.gob.ar\/\" target=\"_blank\" rel=\"noreferrer noopener\">travel.lujandecuyo.gob.ar<\/a><\/strong><\/p>\n\n\n\n<div style=\"height:20px\" aria-hidden=\"true\" class=\"wp-block-spacer\"><\/div>\n\n\n\n<div style=\"height:20px\" aria-hidden=\"true\" class=\"wp-block-spacer\"><\/div>\n\n\n\n<div style=\"height:32px\" aria-hidden=\"true\" class=\"wp-block-spacer\"><\/div>\n","protected":false},"excerpt":{"rendered":"<p>La Municipalidad del departamento cuyo lema es \u00abTierra del Malbec\u00bb vuelve a poner en escena&hellip;<\/p>\n","protected":false},"author":3,"featured_media":56478,"comment_status":"open","ping_status":"open","sticky":false,"template":"","format":"standard","meta":{"footnotes":""},"categories":[47],"tags":[],"class_list":["post-56265","post","type-post","status-publish","format-standard","has-post-thumbnail","hentry","category-agenda"],"_links":{"self":[{"href":"https:\/\/enolife.com.ar\/es\/wp-json\/wp\/v2\/posts\/56265","targetHints":{"allow":["GET"]}}],"collection":[{"href":"https:\/\/enolife.com.ar\/es\/wp-json\/wp\/v2\/posts"}],"about":[{"href":"https:\/\/enolife.com.ar\/es\/wp-json\/wp\/v2\/types\/post"}],"author":[{"embeddable":true,"href":"https:\/\/enolife.com.ar\/es\/wp-json\/wp\/v2\/users\/3"}],"replies":[{"embeddable":true,"href":"https:\/\/enolife.com.ar\/es\/wp-json\/wp\/v2\/comments?post=56265"}],"version-history":[{"count":0,"href":"https:\/\/enolife.com.ar\/es\/wp-json\/wp\/v2\/posts\/56265\/revisions"}],"wp:featuredmedia":[{"embeddable":true,"href":"https:\/\/enolife.com.ar\/es\/wp-json\/wp\/v2\/media\/56478"}],"wp:attachment":[{"href":"https:\/\/enolife.com.ar\/es\/wp-json\/wp\/v2\/media?parent=56265"}],"wp:term":[{"taxonomy":"category","embeddable":true,"href":"https:\/\/enolife.com.ar\/es\/wp-json\/wp\/v2\/categories?post=56265"},{"taxonomy":"post_tag","embeddable":true,"href":"https:\/\/enolife.com.ar\/es\/wp-json\/wp\/v2\/tags?post=56265"}],"curies":[{"name":"wp","href":"https:\/\/api.w.org\/{rel}","templated":true}]}}