{"id":56207,"date":"2022-03-11T14:10:59","date_gmt":"2022-03-11T14:10:59","guid":{"rendered":"http:\/\/enolife.com.ar\/es\/?p=56207"},"modified":"2022-03-15T15:19:21","modified_gmt":"2022-03-15T15:19:21","slug":"mendoza-tendra-us11-millones-para-la-lucha-contra-incendios-y-radares-de-contingencias-climaticas","status":"publish","type":"post","link":"https:\/\/enolife.com.ar\/es\/mendoza-tendra-us11-millones-para-la-lucha-contra-incendios-y-radares-de-contingencias-climaticas\/","title":{"rendered":"Mendoza tendr\u00e1 U$S11 millones para la lucha contra incendios y radares de contingencias clim\u00e1ticas"},"content":{"rendered":"\n<h4 class=\"wp-block-heading\"><em><strong>Durante su visita a Mendoza, en el contexto de vendimia, el ministro de Agricultura, Ganader\u00eda, Pesca de la Naci\u00f3n, Juli\u00e1n Dom\u00ednguez se reuni\u00f3 con el ministro de Econom\u00eda y Energ\u00eda de Mendoza, Enrique Vaqui\u00e9. Entre los temas expuestos se incluyeron el pedido de m\u00e1s fondos para la lucha contra la polilla de la vid, fin del IVA al seguro agr\u00edcola y fondos del&nbsp;Programa de Gesti\u00f3n Integral de los Riesgos en el Sistema Agroindustrial Rural (Grisar). En cuanto al \u00faltimo punto Dom\u00ednguez se comprometi\u00f3 a otorgar U$S 11 millones para lucha contra incendios, la modernizaci\u00f3n el canal Chimbas y radares de Contingencias Clim\u00e1ticas.<\/strong><\/em><\/h4>\n\n\n\n<div style=\"height:20px\" aria-hidden=\"true\" class=\"wp-block-spacer\"><\/div>\n\n\n<a href=\"https:\/\/www.linkedin.com\/company\/agrinet-sa\/?originalSubdomain=ar\" aria-label=\"1700X500\"><img loading=\"lazy\" decoding=\"async\" src=\"https:\/\/enolife.com.ar\/es\/wp-content\/uploads\/2021\/11\/1700X500.gif\" alt=\"\"  width=\"1700\" height=\"500\"   \/><\/a>\n\n\n<div style=\"height:68px\" aria-hidden=\"true\" class=\"wp-block-spacer\"><\/div>\n\n\n\n<p>Durante la semana de la vendimia 2022, el <strong>ministro de Agricultura, Ganader\u00eda, Pesca y Alimentaci\u00f3n de la Naci\u00f3n, Juli\u00e1n Dom\u00ednguez<\/strong>, mantuvo reuniones con diferentes funcionarios, instituciones y empresas mendocinas, a partir de las cuales surgieron diferentes convenios y compromisos.<\/p>\n\n\n\n<p>Una de ellas fue con el <strong>ministro de Econom\u00eda y Energ\u00eda de Mendoza, Enrique Vaqui\u00e9<\/strong>, quien detall\u00f3 que Mendoza tendr\u00e1 US$11 millones de Grisar, con un programa que quedar\u00e1 vigente a partir de la firma del decreto del  gobernador Rodolfo Su\u00e1rez. De ese monto, US$4,5 millones ser\u00e1n destinados a la modernizaci\u00f3n del canal Rama Chimba, en San Mart\u00edn, que beneficiar\u00e1 5.000 hect\u00e1reas de riego y m\u00e1s de 700 productores.<\/p>\n\n\n\n<p>Otros US$4,5 millones ir\u00e1n a un fondo para combatir incendios, y US$2 millones se utilizar\u00e1n para la mejora y modernizaci\u00f3n de los radares que posee Contingencias Clim\u00e1ticas, que ayudan a focalizar la lucha antigranizo y a prevenir p\u00e9rdidas en las cosechas.<\/p>\n\n\n\n<div style=\"height:20px\" aria-hidden=\"true\" class=\"wp-block-spacer\"><\/div>\n\n\n\n<div class=\"wp-block-image\"><figure class=\"aligncenter size-large is-resized\"><img loading=\"lazy\" decoding=\"async\" src=\"https:\/\/enolife.com.ar\/es\/wp-content\/uploads\/2022\/03\/dominguez-2.jpg\" alt=\"\" class=\"wp-image-56218\" width=\"565\" height=\"387\" srcset=\"https:\/\/enolife.com.ar\/es\/wp-content\/uploads\/2022\/03\/dominguez-2.jpg 730w, https:\/\/enolife.com.ar\/es\/wp-content\/uploads\/2022\/03\/dominguez-2-300x205.jpg 300w, https:\/\/enolife.com.ar\/es\/wp-content\/uploads\/2022\/03\/dominguez-2-585x401.jpg 585w\" sizes=\"auto, (max-width: 565px) 100vw, 565px\" \/><figcaption><strong><em>Enrique Vaqui\u00e9 y Juli\u00e1n Dom\u00ednguez<\/em><\/strong><\/figcaption><\/figure><\/div>\n\n\n\n<div style=\"height:20px\" aria-hidden=\"true\" class=\"wp-block-spacer\"><\/div>\n\n\n\n<p>Vaqui\u00e9 present\u00f3 adem\u00e1s estudios del Iscamen que detallan los fondos necesarios para combatir plenamente la plaga Lobesia Botrana, conocida como \u201cPolilla de la Vid\u201d. <em>\u201cMendoza necesitar\u00eda $2.007 millones este a\u00f1o para combatir plenamente y lograr reducir la plaga, a lo que hay que sumarle un tercio m\u00e1s para San Juan\u201d<\/em>, detall\u00f3 el ministro.<\/p>\n\n\n\n<p>Por lo pronto, ambas provincias cuentan para este a\u00f1o con un fondo de $960 millones, por lo que Dom\u00ednguez se comprometi\u00f3 a \u201cbuscar alg\u00fan financiamiento internacional\u201d y seguir con las reuniones de trabajo sobre el tema.<\/p>\n\n\n\n<div style=\"height:20px\" aria-hidden=\"true\" class=\"wp-block-spacer\"><\/div>\n\n\n\n<p class=\"has-medium-font-size\"><strong>Fin del IVA para el Seguro Agr\u00edcola<\/strong><\/p>\n\n\n\n<p>Vaqui\u00e9 tambi\u00e9n llev\u00f3 un reclamo de Mendoza realizado por el gobernador Rodolfo Su\u00e1rez en 2021 para que no se cobre el IVA sobre el Seguro Agr\u00edcola, de ese modo ese dinero se puede destinar, por ejemplo, al combate de la plaga polilla de la vid.<\/p>\n\n\n\n<p><em>\u201cEl a\u00f1o que viene vamos a terminar pagando $300 millones de IVA sobre el Seguro Agr\u00edcola, cuando podr\u00edamos destinarlos a otros programas agr\u00edcolas o a reforzar la lucha contra la Polilla de la Vid\u201d<\/em>, remarc\u00f3 Vaqui\u00e9.<em> \u201cEse dinero podr\u00edamos destinarlo a productores\u201d<\/em>, asegur\u00f3.<\/p>\n\n\n\n<p>Dom\u00ednguez detall\u00f3 que por el ajuste fiscal y el acuerdo con el FMI es \u201cdif\u00edcil\u201d realizar modificaciones impositivas, pero tambi\u00e9n se comprometi\u00f3 a buscar opciones alternativas, como una partida extra, para que la provincia pueda contar al menos con la mitad que destina a impuestos nacionales para programas de desarrollo, ayuda y mitigaci\u00f3n de da\u00f1os en la agricultura local.<\/p>\n","protected":false},"excerpt":{"rendered":"<p>Durante su visita a Mendoza, en el contexto de vendimia, el ministro de Agricultura, Ganader\u00eda,&hellip;<\/p>\n","protected":false},"author":3,"featured_media":56222,"comment_status":"open","ping_status":"open","sticky":false,"template":"","format":"standard","meta":{"footnotes":""},"categories":[14],"tags":[],"class_list":["post-56207","post","type-post","status-publish","format-standard","has-post-thumbnail","hentry","category-news"],"_links":{"self":[{"href":"https:\/\/enolife.com.ar\/es\/wp-json\/wp\/v2\/posts\/56207","targetHints":{"allow":["GET"]}}],"collection":[{"href":"https:\/\/enolife.com.ar\/es\/wp-json\/wp\/v2\/posts"}],"about":[{"href":"https:\/\/enolife.com.ar\/es\/wp-json\/wp\/v2\/types\/post"}],"author":[{"embeddable":true,"href":"https:\/\/enolife.com.ar\/es\/wp-json\/wp\/v2\/users\/3"}],"replies":[{"embeddable":true,"href":"https:\/\/enolife.com.ar\/es\/wp-json\/wp\/v2\/comments?post=56207"}],"version-history":[{"count":0,"href":"https:\/\/enolife.com.ar\/es\/wp-json\/wp\/v2\/posts\/56207\/revisions"}],"wp:featuredmedia":[{"embeddable":true,"href":"https:\/\/enolife.com.ar\/es\/wp-json\/wp\/v2\/media\/56222"}],"wp:attachment":[{"href":"https:\/\/enolife.com.ar\/es\/wp-json\/wp\/v2\/media?parent=56207"}],"wp:term":[{"taxonomy":"category","embeddable":true,"href":"https:\/\/enolife.com.ar\/es\/wp-json\/wp\/v2\/categories?post=56207"},{"taxonomy":"post_tag","embeddable":true,"href":"https:\/\/enolife.com.ar\/es\/wp-json\/wp\/v2\/tags?post=56207"}],"curies":[{"name":"wp","href":"https:\/\/api.w.org\/{rel}","templated":true}]}}