{"id":56198,"date":"2022-04-30T14:39:09","date_gmt":"2022-04-30T14:39:09","guid":{"rendered":"http:\/\/enolife.com.ar\/es\/?p=56198"},"modified":"2022-05-03T19:48:26","modified_gmt":"2022-05-03T19:48:26","slug":"avances-en-equipos-para-la-industria-vitivinicola-del-14-al-17-2-23-en-la-feria-enomaq-de-zaragoza","status":"publish","type":"post","link":"https:\/\/enolife.com.ar\/es\/avances-en-equipos-para-la-industria-vitivinicola-del-14-al-17-2-23-en-la-feria-enomaq-de-zaragoza\/","title":{"rendered":"Avances en equipos para la industria vitivin\u00edcola, del 14 al 17\/2\/23 en la Feria Enomaq de Zaragoza"},"content":{"rendered":"\n<h4 class=\"wp-block-heading\"><em><strong>Los organizadores del Sal\u00f3n Internacional de Maquinaria, T\u00e9cnicas y Equipos -que engloba las ferias relacionadas con los sectores del vino, el aceite y la cerveza- confirmaron que la Feria de Zaragoza celebrar\u00e1 su pr\u00f3xima edici\u00f3n del&nbsp;14 al 17 de febrero de 2023. Habr\u00e1 premios para las empresas que presenten los mejores proyectos de Investigaci\u00f3n y Desarrollo (I+D). Ya est\u00e1 abierta la inscripci\u00f3n. Los interesados en participar pueden ingresar a la p\u00e1gina web del Sal\u00f3n: https:\/\/www.feriazaragoza.es\/enomaq-20.<\/strong><\/em><\/h4>\n\n\n\n<div style=\"height:20px\" aria-hidden=\"true\" class=\"wp-block-spacer\"><\/div>\n\n\n<a href=\"https:\/\/www.parsecsrl.net\/es\/extraccion-selectiva-tintos\/\" aria-label=\"banner1700x500-rev-9\"><img loading=\"lazy\" decoding=\"async\" src=\"https:\/\/enolife.com.ar\/es\/wp-content\/uploads\/2022\/04\/banner1700x500-rev-9.gif\" alt=\"\"  width=\"1700\" height=\"500\"   \/><\/a>\n\n\n<div style=\"height:64px\" aria-hidden=\"true\" class=\"wp-block-spacer\"><\/div>\n\n\n\n<p>El 25 de noviembre de 2021, tras una reuni\u00f3n por internet de las empresas, organismos y asociaciones que componen el <strong>Comit\u00e9 Organizador de la Feria de Zaragoza, Espa\u00f1a,<\/strong> se dio inicio formal a la pr\u00f3xima edici\u00f3n, abriendo el proceso de registro para participar e incorpor\u00e1ndola en el calendario internacional de ferias.<\/p>\n\n\n\n<div style=\"height:20px\" aria-hidden=\"true\" class=\"wp-block-spacer\"><\/div>\n\n\n\n<div class=\"wp-block-image\"><figure class=\"aligncenter is-resized\"><img loading=\"lazy\" decoding=\"async\" src=\"https:\/\/agrotecnica.online\/wp-content\/uploads\/2021\/03\/NP-ENOMAQ2023web.jpg\" alt=\"Enomaq traslada su celebraci\u00f3n a febrero de 2023 - AgroTecnica\" width=\"572\" height=\"257\"\/><\/figure><\/div>\n\n\n\n<div style=\"height:20px\" aria-hidden=\"true\" class=\"wp-block-spacer\"><\/div>\n\n\n\n<p>En el marco de esta reuni\u00f3n, se destac\u00f3 la importancia de la&nbsp;digitalizaci\u00f3n de los procesos&nbsp;y tr\u00e1mites para registrarse en el sal\u00f3n y se expuso la necesidad de seguir apostando por la&nbsp;innovaci\u00f3n, la&nbsp;tecnolog\u00eda&nbsp;y el&nbsp;conocimiento&nbsp;aplicado a los profesionales del sector.<\/p>\n\n\n\n<p>Otro de los aspectos relevantes de la organizaci\u00f3n de esta cita internacional es poner en valor el desarrollo de nuevos equipos y t\u00e9cnicas punteras que facilitan los procesos de fabricaci\u00f3n, comercializaci\u00f3n y\/o distribuci\u00f3n de estos productos. <\/p>\n\n\n\n<div style=\"height:20px\" aria-hidden=\"true\" class=\"wp-block-spacer\"><\/div>\n\n\n\n<h4 class=\"has-vivid-red-color has-text-color wp-block-heading\">Se convocar\u00e1n nuevamente a distintos premios y distinciones que pongan el acento en la innovaci\u00f3n, como el <strong>Concurso de Novedades T\u00e9cnicas<\/strong>, y la gesti\u00f3n, mediante el <strong>Premio Excelencia<\/strong>. <\/h4>\n\n\n\n<div style=\"height:20px\" aria-hidden=\"true\" class=\"wp-block-spacer\"><\/div>\n\n\n\n<p>Empresas expositoras, bodegas y almazaras tienen una oportunidad inmejorable para dar a conocer algunos de los proyectos que est\u00e1n gestionando con el fin de mejorar la calidad, la seguridad, el respeto al medio ambiente o el incremento de la I+D+i.<\/p>\n\n\n\n<div style=\"height:20px\" aria-hidden=\"true\" class=\"wp-block-spacer\"><\/div>\n\n\n\n<div class=\"wp-block-image\"><figure class=\"aligncenter size-large is-resized\"><img loading=\"lazy\" decoding=\"async\" src=\"https:\/\/enolife.com.ar\/es\/wp-content\/uploads\/2022\/04\/enomaq-2023-foto-comite.jpeg\" alt=\"ENOMAQ prepara su edici\u00f3n m\u00e1s esperada\" class=\"wp-image-60401\" width=\"564\" height=\"293\" srcset=\"https:\/\/enolife.com.ar\/es\/wp-content\/uploads\/2022\/04\/enomaq-2023-foto-comite.jpeg 900w, https:\/\/enolife.com.ar\/es\/wp-content\/uploads\/2022\/04\/enomaq-2023-foto-comite-300x156.jpeg 300w, https:\/\/enolife.com.ar\/es\/wp-content\/uploads\/2022\/04\/enomaq-2023-foto-comite-768x399.jpeg 768w, https:\/\/enolife.com.ar\/es\/wp-content\/uploads\/2022\/04\/enomaq-2023-foto-comite-585x304.jpeg 585w\" sizes=\"auto, (max-width: 564px) 100vw, 564px\" \/><figcaption><em><strong>Comit\u00e9 organizador<\/strong><\/em><\/figcaption><\/figure><\/div>\n\n\n\n<div style=\"height:20px\" aria-hidden=\"true\" class=\"wp-block-spacer\"><\/div>\n\n\n\n<p>Durante cuatro jornadas, los asistentes tendr\u00e1n la oportunidad de conocer los avances y propuestas de tres \u00e1reas que se vinculan en sinergias y cuya producci\u00f3n involucra procesos y t\u00e9cnicas comunes, hasta el punto de compartir espacios y negocios.<\/p>\n\n\n\n<p>Dentro de <strong>Enomaq<\/strong>, se encontrar\u00e1n salones destinados a cada producto: Enomaq, Oleomaq, Tecnovid y Oleotec. En 2019, cuando se celebr\u00f3 la \u00faltima edici\u00f3n, se sum\u00f3 tambi\u00e9n el E-beer, un certamen centrado en la industria de la cerveza, en el que participaron 31 pa\u00edses, con una presencia de 28.000 asistentes.<\/p>\n\n\n\n<p>Con la celebraci\u00f3n de este <strong>Sal\u00f3n Internacional de Maquinaria, T\u00e9cnicas y Equipos, Feria de Zaragoza<\/strong> muestra su compromiso con el desarrollo de la enolog\u00eda, la viticultura y la olivicultura, al tiempo que conecta a los profesionales con la industria cervecera.<\/p>\n\n\n\n<div style=\"height:34px\" aria-hidden=\"true\" class=\"wp-block-spacer\"><\/div>\n","protected":false},"excerpt":{"rendered":"<p>Los organizadores del Sal\u00f3n Internacional de Maquinaria, T\u00e9cnicas y Equipos -que engloba las ferias relacionadas&hellip;<\/p>\n","protected":false},"author":3,"featured_media":60405,"comment_status":"open","ping_status":"open","sticky":false,"template":"","format":"standard","meta":{"footnotes":""},"categories":[10],"tags":[],"class_list":["post-56198","post","type-post","status-publish","format-standard","has-post-thumbnail","hentry","category-ferias"],"_links":{"self":[{"href":"https:\/\/enolife.com.ar\/es\/wp-json\/wp\/v2\/posts\/56198","targetHints":{"allow":["GET"]}}],"collection":[{"href":"https:\/\/enolife.com.ar\/es\/wp-json\/wp\/v2\/posts"}],"about":[{"href":"https:\/\/enolife.com.ar\/es\/wp-json\/wp\/v2\/types\/post"}],"author":[{"embeddable":true,"href":"https:\/\/enolife.com.ar\/es\/wp-json\/wp\/v2\/users\/3"}],"replies":[{"embeddable":true,"href":"https:\/\/enolife.com.ar\/es\/wp-json\/wp\/v2\/comments?post=56198"}],"version-history":[{"count":0,"href":"https:\/\/enolife.com.ar\/es\/wp-json\/wp\/v2\/posts\/56198\/revisions"}],"wp:featuredmedia":[{"embeddable":true,"href":"https:\/\/enolife.com.ar\/es\/wp-json\/wp\/v2\/media\/60405"}],"wp:attachment":[{"href":"https:\/\/enolife.com.ar\/es\/wp-json\/wp\/v2\/media?parent=56198"}],"wp:term":[{"taxonomy":"category","embeddable":true,"href":"https:\/\/enolife.com.ar\/es\/wp-json\/wp\/v2\/categories?post=56198"},{"taxonomy":"post_tag","embeddable":true,"href":"https:\/\/enolife.com.ar\/es\/wp-json\/wp\/v2\/tags?post=56198"}],"curies":[{"name":"wp","href":"https:\/\/api.w.org\/{rel}","templated":true}]}}