{"id":5614,"date":"2019-12-07T02:38:36","date_gmt":"2019-12-07T02:38:36","guid":{"rendered":"http:\/\/enolife.com.ar\/es\/?p=5614"},"modified":"2019-12-12T18:40:25","modified_gmt":"2019-12-12T18:40:25","slug":"el-ritual-tupungatino-de-cristobal-sola-merlot-chivito-amigos-y-montana","status":"publish","type":"post","link":"https:\/\/enolife.com.ar\/es\/el-ritual-tupungatino-de-cristobal-sola-merlot-chivito-amigos-y-montana\/","title":{"rendered":"El ritual tupungatino de Crist\u00f3bal Sola: merlot, chivito, amigos y monta\u00f1a"},"content":{"rendered":"\n<h4 class=\"wp-block-heading\"><em><strong>Escritor, agr\u00f3nomo, celebrante de la vida, el vino y la naturaleza, el conductor de Vivero Mercier nos entrega otra de sus postales sobre la Mendoza profunda, all\u00e1 donde cada palabra tiene su eco en el Cord\u00f3n del Plata<\/strong><\/em><strong><em>.  <\/em><\/strong><\/h4>\n\n\n\n<div style=\"height:35px\" aria-hidden=\"true\" class=\"wp-block-spacer\"><\/div>\n\n\n\n<p class=\"has-medium-font-size\"><strong>Diciembre en La Carrera<\/strong><\/p>\n\n\n\n<p>Al subir por la conocida picada a&nbsp;<strong>Tupungato<\/strong>&nbsp;es inevitable disfrutar de la imponente belleza de la Cordillera de los Andes. En cada tramo o en cada recodo de&nbsp;<strong>Los Cerrillos<\/strong>&nbsp;cambia la perspectiva de las cumbres que, a pesar de lo avanzado de diciembre, est\u00e1n cubiertas de nieve. <\/p>\n\n\n\n<p>En&nbsp;<strong>San Jos\u00e9<\/strong>&nbsp;tomamos el camino enripiado al oeste, dirigi\u00e9ndonos a&nbsp;<strong>La Carrera<\/strong>; all\u00ed nos esperan, vamos a cumplir con un ritual tupungatino: chivito con vino tinto.<\/p>\n\n\n\n<p>En la galer\u00eda de la casa de Mar\u00eda Lorine, amiga sincera, sentados en los antiguos sillones de mimbre, acomodamos las copas en la mesa baja. Una botella de&nbsp;<strong>merlot<\/strong>&nbsp;cosecha del 2000 sin etiquetar, mostrando su hechura artesanal, nos espera pacientemente para ser descorchada. Extremamos los cuidados, ya que este vino no ha sido filtrado y quiz\u00e1s alguna&nbsp;<em>borrita<\/em>&nbsp;a\u00fan est\u00e9 acunada en la botella.<\/p>\n\n\n\n<p>Delante de nosotros, el&nbsp;<strong>Cerro El Plata<\/strong>&nbsp;se levanta imponente con sus faldeos todav\u00eda cubiertos de nieve. Contra este fondo levantamos la copa que deja traslucir un rojo intenso atravesado por la filigrana de crestas, filos, glaciares y valles.<\/p>\n\n\n\n<p>Los aromas evocando ciruelas y cerezas maduras, nos animan a empinar las copas. Con ese ritual gesto de cabeza levantada y copa sostenida con delicadeza por su base,&nbsp;dejamos avanzar el contenido a la boca, y la lengua se regodea paladeando las sensaciones perdurables.<\/p>\n\n\n\n<p>En la parilla, un chivito gordo se asa lentamente, desgrasando la ri\u00f1onada gota a gota, dando se\u00f1ales claras que a\u00fan hay tiempo de recorrer la vi\u00f1a.<\/p>\n\n\n\n<p>En el vi\u00f1edo, los&nbsp;<em>p\u00e1mpanos<\/em>&nbsp;se despliegan ayudados por las gu\u00edas de los alambres, se\u00f1alando con los&nbsp;<em>zarcillos<\/em>&nbsp;pr\u00f3ximos al&nbsp;<em>\u00e1pice<\/em>&nbsp;la plenitud del crecimiento. Se ha terminado la <em>cruzada<\/em>, tarea casi ritual que acomoda los&nbsp;<em>brotes<\/em>&nbsp;del a\u00f1o en el espaldero, emprolijando la vi\u00f1a, tan del gusto mendocino,&nbsp;y a su vez exponiendo apenas los racimos a las caricias del sol.&nbsp;Los racimos, un poco desgarbados en el&nbsp;merlot, empiezan a llenarse.<\/p>\n\n\n\n<p>Mi compadre Trist\u00e1n, invitado especial para la ocasi\u00f3n, apura el paso y apura la vida: volvemos al \u00abchalet\u00bb, como le dicen a la casa patronal. La claridad de la ma\u00f1ana da paso a las primeras nubes que emergen colosales tras la cordillera. El ojo avezado de los lugare\u00f1os les permite distinguir cuando esas nubes pueden traer el da\u00f1ino&nbsp;<em>granizo<\/em>. La primera botella reposa en la mesa, ya extinto su contenido. Antes que llegue el chivo a las brasas, habr\u00e1 que descorchar la segunda.<\/p>\n\n\n\n<div style=\"height:20px\" aria-hidden=\"true\" class=\"wp-block-spacer\"><\/div>\n\n\n\n<p class=\"has-medium-font-size\"><strong>Notas<\/strong>:<\/p>\n\n\n\n<p><strong>Diciembre&nbsp;<\/strong>: La plenitud del verano se hace sentir. Los brotes del a\u00f1o deben cruzarse para mantenerlos erguidos en el espaldero o vi\u00f1a baja, y envolverlos a los alambres de soporte en los parrales. No se escatima el agua en esta \u00e9poca cuando el vi\u00f1edo alcanza su m\u00e1xima expresi\u00f3n. Tambi\u00e9n es la \u00e9poca de hacer una sulfatada, curaci\u00f3n propia para prevenir los da\u00f1inos efectos de la peron\u00f3spora. El granizo puede darnos una sorpresa, es el mes en que ocurre con m\u00e1s frecuencia y ferocidad.<\/p>\n\n\n\n<p><strong>Merlot :<\/strong>&nbsp;Es el cepaje caracter\u00edstico de los vi\u00f1edos de Saint Emilion, Pomerol y el Medoc en Francia. A partir del prestigio de los vinos que se obtienen en estas regiones, se ha difundido por todas las regiones vit\u00edcolas del mundo de clima templado. Ya mencionado en el siglo XVIII, reci\u00e9n a mediados del siglo XIX se describe e identifica definitivamente diferenci\u00e1ndolo de otros cepajes tintos similares. Las confusiones perduraron a\u00fan en&nbsp;&nbsp;nuestros tiempos;&nbsp;&nbsp;en Chile, hasta hace pocos a\u00f1os,&nbsp;&nbsp;se lo cultivaba confundido con la variedad Carmenere. En Argentina, se difundi\u00f3 a la par que se extendieron las corrientes migratorias de principio del siglo XX, y tom\u00f3 fuerte impulso como varietal en la d\u00e9cada del 90. El \u00faltimo censo indica que existen 5.000 has., de las cuales 4.500 se encuentran en Mendoza.<\/p>\n\n\n\n<div style=\"height:20px\" aria-hidden=\"true\" class=\"wp-block-spacer\"><\/div>\n\n\n\n<p class=\"has-medium-font-size\"><strong>Toponimia<\/strong>:<\/p>\n\n\n\n<p><strong>Cerro El Plata:<\/strong>&nbsp;Cerro con nieves eternas, es la m\u00e1xima cumbre del Cord\u00f3n del Plata, con sus 6.130 m.s.n.m, en el Departamento de Luj\u00e1n de Cuyo. Sus vertientes orientales vuelcan sus aguas al Valle de Uco, y las occidentales al R\u00edo Mendoza.<\/p>\n\n\n\n<p><strong>La Carrera<\/strong><strong>:&nbsp;<\/strong>Distrito del Departamento de Tupungato; constituye un dilatado pedemonte que se funde en el pie del Cord\u00f3n del Plata. Se caracteriza por sus producciones de papa y ganader\u00eda vacuna de cr\u00eda.<\/p>\n\n\n\n<p><strong>Tupungato:&nbsp;<\/strong>Departamento del Valle de Uco, y nombre del Volc\u00e1n dominante en esta regi\u00f3n de los Andes, de 6.800 m.s.n.m. Diversas versiones ruedan acerca del origen de esta palabra de clara etimolog\u00eda milcayac; la m\u00e1s corriente le da el sentido de&nbsp;<em>Mirador<\/em>.&nbsp;Otra versi\u00f3n citada por Dionisio Chaca, afirma que el origen es una voz huarpe que proviene por transposici\u00f3n de&nbsp;<em>Putun Catu<\/em>, y significa la punta del techo, haciendo referencia a la altura del Volc\u00e1n Tupungato.<\/p>\n\n\n\n<p><strong>Los Cerrillos:<\/strong>&nbsp;Paraje entre los departamentos de Luj\u00e1n de Cuyo y Tupungato,&nbsp;&nbsp;conformado por cerrilladas bajas que separan el Valle de Uco del Valle del R\u00edo Mendoza.<\/p>\n\n\n\n<p><strong>San Jos\u00e9:&nbsp;<\/strong>Distrito del Departamento de Tupungato, tradicional zona de cultivo de nogales y cerezos.<\/p>\n\n\n\n<div style=\"height:20px\" aria-hidden=\"true\" class=\"wp-block-spacer\"><\/div>\n\n\n\n<p class=\"has-medium-font-size\"><strong>Glosario<\/strong><\/p>\n\n\n\n<p><em><strong>\u00e1pice<\/strong><\/em><strong><em>:<\/em>&nbsp;<\/strong>Se denomina as\u00ed al extremo de un brote en crecimiento. Lleva primordios de las hojas, zarcillos y el delgado tallo que las soporta.<\/p>\n\n\n\n<p><em><strong>brotes<\/strong><\/em>: Cada v\u00e1stago originado en una yema, mientras se mantenga en estado herb\u00e1ceo, recibe el nombre de brote o p\u00e1mpano.<\/p>\n\n\n\n<p><em><strong>borrita<\/strong><\/em><strong><em>:<\/em><\/strong>&nbsp;En los vinos, particularmente los tintos, suelen precipitarse sustancias impregnadas de materia colorante que se depositan en el fondo de la botella o en el cuerpo si han sido guardadas acostadas, a las que se les llama borras. Es m\u00e1s frecuente en vinos de varios a\u00f1os de embotellado o que no han sido sometidos a procesos de filtraci\u00f3n. Cuando la cantidad es m\u00ednima se la llama borrita.<\/p>\n\n\n\n<p><em><strong>cruzada<\/strong><\/em><strong><em>:<\/em><\/strong>&nbsp;&nbsp;En los vi\u00f1edos apoyados, una vez que los p\u00e1mpanos han crecido suficiente,&nbsp;&nbsp;se los gu\u00eda entre los alambres de soporte. La forma mas f\u00e1cil de hacer esta tarea es cruzando esos p\u00e1mpanos flexibles entre alambres paralelos, para que no sea necesario atarlos.&nbsp;&nbsp;Los mismos zarcillos terminan de hacer el trabajo enroll\u00e1ndose en los alambres.<\/p>\n\n\n\n<p><em><strong>granizo<\/strong><\/em><strong><em>:<\/em><\/strong>&nbsp;&nbsp;En el verano, nubes que se forman en la cordillera suelen descargarse bajo la forma de granizo, que es el agua de lluvia convertida en hielo. Cuando alcanza los cultivos, el da\u00f1o es terrible.<\/p>\n\n\n\n<p><em><strong>p\u00e1mpanos<\/strong><\/em><strong><em>:<\/em><\/strong>&nbsp;&nbsp;Brotes del a\u00f1o en estado herb\u00e1ceo. Llevan las hojas, zarcillos&nbsp;&nbsp;y racimos.<\/p>\n\n\n\n<p><em><strong>zarcillos<\/strong><\/em><strong><em>:<\/em><\/strong>&nbsp;&nbsp;Formas prensiles que se encuentran en los nudos de un brote, generalmente en posici\u00f3n opuesta a una hoja o racimo, y le permiten al brote asirse de los soportes.<\/p>\n\n\n\n<p><br><\/p>\n","protected":false},"excerpt":{"rendered":"<p>Escritor, agr\u00f3nomo, celebrante de la vida, el vino y la naturaleza, el conductor de Vivero&hellip;<\/p>\n","protected":false},"author":3,"featured_media":5624,"comment_status":"open","ping_status":"open","sticky":false,"template":"","format":"standard","meta":{"footnotes":""},"categories":[34],"tags":[],"class_list":["post-5614","post","type-post","status-publish","format-standard","has-post-thumbnail","hentry","category-cultura1"],"_links":{"self":[{"href":"https:\/\/enolife.com.ar\/es\/wp-json\/wp\/v2\/posts\/5614","targetHints":{"allow":["GET"]}}],"collection":[{"href":"https:\/\/enolife.com.ar\/es\/wp-json\/wp\/v2\/posts"}],"about":[{"href":"https:\/\/enolife.com.ar\/es\/wp-json\/wp\/v2\/types\/post"}],"author":[{"embeddable":true,"href":"https:\/\/enolife.com.ar\/es\/wp-json\/wp\/v2\/users\/3"}],"replies":[{"embeddable":true,"href":"https:\/\/enolife.com.ar\/es\/wp-json\/wp\/v2\/comments?post=5614"}],"version-history":[{"count":0,"href":"https:\/\/enolife.com.ar\/es\/wp-json\/wp\/v2\/posts\/5614\/revisions"}],"wp:featuredmedia":[{"embeddable":true,"href":"https:\/\/enolife.com.ar\/es\/wp-json\/wp\/v2\/media\/5624"}],"wp:attachment":[{"href":"https:\/\/enolife.com.ar\/es\/wp-json\/wp\/v2\/media?parent=5614"}],"wp:term":[{"taxonomy":"category","embeddable":true,"href":"https:\/\/enolife.com.ar\/es\/wp-json\/wp\/v2\/categories?post=5614"},{"taxonomy":"post_tag","embeddable":true,"href":"https:\/\/enolife.com.ar\/es\/wp-json\/wp\/v2\/tags?post=5614"}],"curies":[{"name":"wp","href":"https:\/\/api.w.org\/{rel}","templated":true}]}}