{"id":56043,"date":"2022-03-10T01:05:33","date_gmt":"2022-03-10T01:05:33","guid":{"rendered":"http:\/\/enolife.com.ar\/es\/?p=56043"},"modified":"2022-03-11T22:00:08","modified_gmt":"2022-03-11T22:00:08","slug":"solo-el-50-de-los-vinateros-cooperativos-tiene-internet-en-mendoza-y-el-60-lo-califica-como-malo","status":"publish","type":"post","link":"https:\/\/enolife.com.ar\/es\/solo-el-50-de-los-vinateros-cooperativos-tiene-internet-en-mendoza-y-el-60-lo-califica-como-malo\/","title":{"rendered":"S\u00f3lo el 50% de los vi\u00f1ateros cooperativos tiene internet en Mendoza y el 60% lo califica como malo"},"content":{"rendered":"\n<h4 class=\"wp-block-heading\"><em><strong>Seg\u00fan un relevamiento realizado por el Observatorio de&nbsp;la Asociaci\u00f3n de Cooperativas Vitivin\u00edcolas (Acovi), gran parte de los productores a los que agrupa tiene una mala conectividad a internet y\/o un servicio de telefon\u00eda celular irregular. Con el objetivo de revertir este problema, la entidad firm\u00f3 un acuerdo con el Ente Nacional de Comunicaciones (Enacom). As\u00ed, mediante la futura incorporaci\u00f3n de tecnolog\u00eda 4.0, se podr\u00edan reducir costos y aumentar la productividad.<\/strong><\/em><\/h4>\n\n\n\n<div style=\"height:50px\" aria-hidden=\"true\" class=\"wp-block-spacer\"><\/div>\n\n\n\n\n\n<div style=\"height:66px\" aria-hidden=\"true\" class=\"wp-block-spacer\"><\/div>\n\n\n\n<p>En el contexto de la <strong>Fiesta de la Vendimi<\/strong>a, el pasado 5\/3, la <strong>Asociaci\u00f3n de Cooperativas Vitivin\u00edcolas de Argentina (Acovi)<\/strong> y el <strong>Ente Nacional de Comunicaciones (Enacom)<\/strong> firmaron un convenio con el objetivo de generar mayor conectividad en las zonas rurales y trabajar en actividades que tiendan a crear condiciones estables de mercado, para as\u00ed garantizar el acceso a todos los ciudadanos localizados en los oasis vitivin\u00edcolas del territorio nacional a los servicios de internet, telefon\u00eda fija y m\u00f3vil, radio, televisi\u00f3n y servicios postales. En suma, trabajar en un proceso de convergencia tecnol\u00f3gica.<\/p>\n\n\n\n<div style=\"height:20px\" aria-hidden=\"true\" class=\"wp-block-spacer\"><\/div>\n\n\n\n<blockquote class=\"wp-block-quote is-layout-flow wp-block-quote-is-layout-flow\"><p>Esto tambi\u00e9n abre la posibilidad a que se incorporen j\u00f3venes a la actividad, mediante plataformas digitales de manejo remoto de ciertas tareas agr\u00edcolas en la finca.&nbsp;La conectividad es una necesidad b\u00e1sica para el desarrollo de la producci\u00f3n y el desarrollo local\u00bb.<\/p><cite><strong>Nicol\u00e1s Vicchi, subgerente de Acovi<\/strong><\/cite><\/blockquote>\n\n\n\n<div style=\"height:20px\" aria-hidden=\"true\" class=\"wp-block-spacer\"><\/div>\n\n\n\n<p>Para conocer la problem\u00e1tica, Acovi realiz\u00f3 un relevamiento sobre la conectividad en la ruralidad y los resultados fueron los siguientes:<\/p>\n\n\n\n<ul class=\"wp-block-list\"><li>El 93% utiliza o utilizar\u00eda la telefon\u00eda celular para reportar un accidente o emergencia en su finca o vivienda rural.<\/li><li>El 94% piensa que con el uso de la tecnolog\u00eda puede mejorar la productividad y\/o disminuir los costos.<\/li><li>El 89% considera que la conectividad es indispensable para la continuidad de los hijos en la actividad vitivin\u00edcola.<\/li><li>Solo el 50% de los relevados respondieron que tienen actualmente acceso a internet en la zona donde se ubica la finca<\/li><li>Solo el 13% de los encuestados califican el servicio de internet como \u00abmuy bueno\u00bb<\/li><li>El 82% respondi\u00f3 que s\u00ed existe cobertura de telefon\u00eda celular. Sin embargo, m\u00e1s de la mitad de los consultados plantean que el servicio de telefon\u00eda celular es irregular.<\/li><li>El 40% respondi\u00f3 que no puede utilizar el servicio de datos m\u00f3viles provisto por la empresa de telefon\u00eda celular en su finca y un 26% respondi\u00f3 que si bien puede utilizarlo, lo puede hacer s\u00f3lo en algunos lugares y\/o de manera intermitente. Asociado con lo anterior casi la mitad (48%) de los consultados si bien respondieron que puede mandar y recibir correos electr\u00f3nicos, whatsapp desde su finca, no lo pueden hacer desde todas las ubicaciones de la misma, mientras que el 22% respondi\u00f3 que no puede hacer ninguna de las acciones planteadas.<\/li><\/ul>\n\n\n\n<div style=\"height:20px\" aria-hidden=\"true\" class=\"wp-block-spacer\"><\/div>\n\n\n\n<div class=\"wp-block-image\"><figure class=\"aligncenter is-resized\"><img loading=\"lazy\" decoding=\"async\" src=\"http:\/\/www.acovi.com.ar\/principal\/wp-content\/uploads\/2022\/03\/image.png\" alt=\"\" width=\"707\" height=\"453\"\/><figcaption><em><strong>Solo el 55% de los relevados respondieron que tienen actualmente acceso a internet en la zona donde se ubica la finca.<br><\/strong><\/em><\/figcaption><\/figure><\/div>\n\n\n\n<div style=\"height:20px\" aria-hidden=\"true\" class=\"wp-block-spacer\"><\/div>\n\n\n\n<p>El convenio fue firmado por <strong>Eduardo Sancho<\/strong>, presidente de Acovi; <strong>Ra\u00fal Quilodr\u00e1n<\/strong>, director del Enacom y <strong>Juli\u00e1n Dom\u00ednguez<\/strong>, ministro de Agricultura, Ganader\u00eda y Pesca de la Naci\u00f3n.<\/p>\n\n\n\n<div style=\"height:20px\" aria-hidden=\"true\" class=\"wp-block-spacer\"><\/div>\n\n\n\n<div class=\"wp-block-image\"><figure class=\"aligncenter size-large is-resized\"><img loading=\"lazy\" decoding=\"async\" src=\"https:\/\/enolife.com.ar\/es\/wp-content\/uploads\/2022\/03\/WhatsApp-Image-2022-03-06-at-19.04.16-2-1024x654-1.jpeg\" alt=\"\" class=\"wp-image-56149\" width=\"575\" height=\"351\" srcset=\"https:\/\/enolife.com.ar\/es\/wp-content\/uploads\/2022\/03\/WhatsApp-Image-2022-03-06-at-19.04.16-2-1024x654-1.jpeg 818w, https:\/\/enolife.com.ar\/es\/wp-content\/uploads\/2022\/03\/WhatsApp-Image-2022-03-06-at-19.04.16-2-1024x654-1-300x183.jpeg 300w, https:\/\/enolife.com.ar\/es\/wp-content\/uploads\/2022\/03\/WhatsApp-Image-2022-03-06-at-19.04.16-2-1024x654-1-768x469.jpeg 768w, https:\/\/enolife.com.ar\/es\/wp-content\/uploads\/2022\/03\/WhatsApp-Image-2022-03-06-at-19.04.16-2-1024x654-1-585x358.jpeg 585w\" sizes=\"auto, (max-width: 575px) 100vw, 575px\" \/><figcaption><em><strong>Eduardo Sancho, Ra\u00fal Quilodr\u00e1n y Juli\u00e1n Dom\u00ednguez al firmar el convenio.<\/strong><\/em><\/figcaption><\/figure><\/div>\n\n\n\n<div style=\"height:20px\" aria-hidden=\"true\" class=\"wp-block-spacer\"><\/div>\n\n\n\n<p>Al respecto <strong>Eduardo Sancho<\/strong>, explic\u00f3:&nbsp;<em>\u00abHay una gran necesidad de generar arraigo en la ruralidad, por ende la firma de este acuerdo es un avance para lograr el objetivo. Lo que firmamos es un compromiso para trabajar en conjunto, insistiremos e intentaremos terminar de una vez por todas con la desconectividad en las ruralidad\u00bb<\/em>.<\/p>\n\n\n\n<p>Por su parte,<strong>&nbsp;Nicol\u00e1s Vicchi<\/strong>, subgerente de la entidad, resalt\u00f3 la importancia de una buena conectividad para un mejor desarrollo del sector:&nbsp;<em>\u00abLa generaci\u00f3n de mayor conectividad en las zonas rurales va a permitir que la ruralidad sea una opci\u00f3n de vida&nbsp;y que tambi\u00e9n se pueda incorporar la tecnolog\u00eda para la industria 4.0, lo que har\u00e1 que los productores puedan aumentar la productividad entre la tecnificaci\u00f3n y la reducci\u00f3n de costos\u00bb<\/em>. Y agreg\u00f3 el dirigente: <em>\u00abEsto tambi\u00e9n abre la posibilidad a que se incorporen j\u00f3venes a la actividad, mediante plataformas digitales de manejo remoto de ciertas acciones agr\u00edcolas de la finca.&nbsp;La conectividad es una necesidad b\u00e1sica para el desarrollo de la producci\u00f3n y el desarrollo local\u00bb<\/em>.<\/p>\n\n\n\n<div style=\"height:59px\" aria-hidden=\"true\" class=\"wp-block-spacer\"><\/div>\n","protected":false},"excerpt":{"rendered":"<p>Seg\u00fan un relevamiento realizado por el Observatorio de&nbsp;la Asociaci\u00f3n de Cooperativas Vitivin\u00edcolas (Acovi), gran parte&hellip;<\/p>\n","protected":false},"author":3,"featured_media":56153,"comment_status":"open","ping_status":"open","sticky":false,"template":"","format":"standard","meta":{"footnotes":""},"categories":[14],"tags":[],"class_list":["post-56043","post","type-post","status-publish","format-standard","has-post-thumbnail","hentry","category-news"],"_links":{"self":[{"href":"https:\/\/enolife.com.ar\/es\/wp-json\/wp\/v2\/posts\/56043","targetHints":{"allow":["GET"]}}],"collection":[{"href":"https:\/\/enolife.com.ar\/es\/wp-json\/wp\/v2\/posts"}],"about":[{"href":"https:\/\/enolife.com.ar\/es\/wp-json\/wp\/v2\/types\/post"}],"author":[{"embeddable":true,"href":"https:\/\/enolife.com.ar\/es\/wp-json\/wp\/v2\/users\/3"}],"replies":[{"embeddable":true,"href":"https:\/\/enolife.com.ar\/es\/wp-json\/wp\/v2\/comments?post=56043"}],"version-history":[{"count":0,"href":"https:\/\/enolife.com.ar\/es\/wp-json\/wp\/v2\/posts\/56043\/revisions"}],"wp:featuredmedia":[{"embeddable":true,"href":"https:\/\/enolife.com.ar\/es\/wp-json\/wp\/v2\/media\/56153"}],"wp:attachment":[{"href":"https:\/\/enolife.com.ar\/es\/wp-json\/wp\/v2\/media?parent=56043"}],"wp:term":[{"taxonomy":"category","embeddable":true,"href":"https:\/\/enolife.com.ar\/es\/wp-json\/wp\/v2\/categories?post=56043"},{"taxonomy":"post_tag","embeddable":true,"href":"https:\/\/enolife.com.ar\/es\/wp-json\/wp\/v2\/tags?post=56043"}],"curies":[{"name":"wp","href":"https:\/\/api.w.org\/{rel}","templated":true}]}}