{"id":5600,"date":"2019-12-05T13:13:28","date_gmt":"2019-12-05T13:13:28","guid":{"rendered":"http:\/\/enolife.com.ar\/es\/?p=5600"},"modified":"2019-12-11T14:56:36","modified_gmt":"2019-12-11T14:56:36","slug":"premiaran-a-los-conductor-designado-en-la-expo-vinos-2019","status":"publish","type":"post","link":"https:\/\/enolife.com.ar\/es\/premiaran-a-los-conductor-designado-en-la-expo-vinos-2019\/","title":{"rendered":"Premiar\u00e1n a los conductores designados en la Expo Vinos 2019"},"content":{"rendered":"\n<h4 class=\"wp-block-heading\"><em><strong>Durante la muestra, cata y venta de vinos organizada por la agrupaci\u00f3n Peque\u00f1os Bodegueros de Mendoza, que se realizar\u00e1 el pr\u00f3ximo viernes 13\/12 en la Enoteca, se les entregar\u00e1 un precinto a quienes sus amigos hayan designado como conductor responsable. Al final del evento, el que no tome tendr\u00e1 su recompensa para degustar en casa. La acci\u00f3n forma parte de un programa para fomentar el consumo moderado.<\/strong><\/em><\/h4>\n\n\n\n<div style=\"height:20px\" aria-hidden=\"true\" class=\"wp-block-spacer\"><\/div>\n\n\n\n<p>El viernes 13 de diciembre se realizar\u00e1 la Expo Vinos Peque\u00f1os Bodegueros en La Enoteca (Peltier 611, Mendoza, Capital), desde las 19 hs. En esta oportunidad, adem\u00e1s de todas las propuestas que tendr\u00e1 la sexta edici\u00f3n del evento, se sumar\u00e1 una&nbsp;novedosa acci\u00f3n con el eje puesto en el consumo responsable.<\/p>\n\n\n\n<p>Como parte de las acciones para promocionar el consumo moderado,&nbsp;se les entregar\u00e1 un precinto a quienes su grupo de amigos hayan designado como conductor responsable. Finalizado el evento habr\u00e1 un stand para que puedan retirar su premio: un vino de los peque\u00f1os bodegueros de Mendoza.<\/p>\n\n\n\n<p>La iniciativa se da en el marco del programa \u201cMe lo llevo a casa\u201d, &nbsp;lanzado por el&nbsp;Fondo Vitivin\u00edcola y la Asociaci\u00f3n Empresaria Hotelero Gastron\u00f3mica y Afines de Mendoza, para formalizar el compromiso con la seguridad vial a trav\u00e9s de convenios de trabajo conjunto con la Agencia Nacional de Seguridad Vial y el Programa Amigos de la Movilidad Sustentable -a nivel nacional-, y la Secretar\u00eda de Relaciones Institucionales del Ministerio de Seguridad de Mendoza.<\/p>\n\n\n\n<p>\u201cPodemos armonizar perfectamente el consumo moderado del vino y la conducci\u00f3n responsable\u201d, asegur\u00f3 Luz Fiochetta, una de las organizadoras de la Expo.<\/p>\n\n\n\n<div style=\"height:20px\" aria-hidden=\"true\" class=\"wp-block-spacer\"><\/div>\n\n\n\n<p class=\"has-medium-font-size\"><strong>Acerca de la Expo Vinos<\/strong><\/p>\n\n\n\n<div style=\"height:20px\" aria-hidden=\"true\" class=\"wp-block-spacer\"><\/div>\n\n\n\n<p>El Gobierno de Mendoza, a trav\u00e9s del Fondo Vitivin\u00edcola, ejecuta el programa Peque\u00f1os Bodegueros de Mendoza, con el que busca acompa\u00f1ar a las bodegas en la promoci\u00f3n y comercializaci\u00f3n de sus vinos.<\/p>\n\n\n\n<p>Desde su puesta en marcha, m\u00e1s de 150 bodegas y elaboradores de vino casero y artesanal lograron posicionar en forma conjunta sus productos en el mercado nacional. Adem\u00e1s, concretaron la elaboraci\u00f3n de una marca paraguas, una campa\u00f1a de comunicaci\u00f3n, promoci\u00f3n gen\u00e9rica y el desarrollo de numerosas acciones comerciales por cada bodega anclada a la estrategia general del programa.<\/p>\n\n\n\n<div style=\"height:20px\" aria-hidden=\"true\" class=\"wp-block-spacer\"><\/div>\n","protected":false},"excerpt":{"rendered":"<p>Durante la muestra, cata y venta de vinos organizada por la agrupaci\u00f3n Peque\u00f1os Bodegueros de&hellip;<\/p>\n","protected":false},"author":3,"featured_media":5605,"comment_status":"open","ping_status":"open","sticky":false,"template":"","format":"standard","meta":{"footnotes":""},"categories":[14],"tags":[],"class_list":["post-5600","post","type-post","status-publish","format-standard","has-post-thumbnail","hentry","category-news"],"_links":{"self":[{"href":"https:\/\/enolife.com.ar\/es\/wp-json\/wp\/v2\/posts\/5600","targetHints":{"allow":["GET"]}}],"collection":[{"href":"https:\/\/enolife.com.ar\/es\/wp-json\/wp\/v2\/posts"}],"about":[{"href":"https:\/\/enolife.com.ar\/es\/wp-json\/wp\/v2\/types\/post"}],"author":[{"embeddable":true,"href":"https:\/\/enolife.com.ar\/es\/wp-json\/wp\/v2\/users\/3"}],"replies":[{"embeddable":true,"href":"https:\/\/enolife.com.ar\/es\/wp-json\/wp\/v2\/comments?post=5600"}],"version-history":[{"count":0,"href":"https:\/\/enolife.com.ar\/es\/wp-json\/wp\/v2\/posts\/5600\/revisions"}],"wp:featuredmedia":[{"embeddable":true,"href":"https:\/\/enolife.com.ar\/es\/wp-json\/wp\/v2\/media\/5605"}],"wp:attachment":[{"href":"https:\/\/enolife.com.ar\/es\/wp-json\/wp\/v2\/media?parent=5600"}],"wp:term":[{"taxonomy":"category","embeddable":true,"href":"https:\/\/enolife.com.ar\/es\/wp-json\/wp\/v2\/categories?post=5600"},{"taxonomy":"post_tag","embeddable":true,"href":"https:\/\/enolife.com.ar\/es\/wp-json\/wp\/v2\/tags?post=5600"}],"curies":[{"name":"wp","href":"https:\/\/api.w.org\/{rel}","templated":true}]}}