{"id":55952,"date":"2022-03-09T16:48:58","date_gmt":"2022-03-09T16:48:58","guid":{"rendered":"http:\/\/enolife.com.ar\/es\/?p=55952"},"modified":"2022-03-11T14:11:27","modified_gmt":"2022-03-11T14:11:27","slug":"la-fiesta-de-la-cosecha-recaudo-5-tn-de-alimentos-y-utiles-para-comedores-infantiles-de-mendoza","status":"publish","type":"post","link":"https:\/\/enolife.com.ar\/es\/la-fiesta-de-la-cosecha-recaudo-5-tn-de-alimentos-y-utiles-para-comedores-infantiles-de-mendoza\/","title":{"rendered":"La Fiesta de la Cosecha recaud\u00f3 5 tn de alimentos y \u00fatiles para comedores  infantiles de Mendoza"},"content":{"rendered":"\n<h4 class=\"wp-block-heading\"><em><strong>Gracias al aporte del p\u00fablico por el canje de las entradas, la Fiesta de la Cosecha, que se realiz\u00f3 el 5\/3 en el Aeropuerto de Mendoza, junt\u00f3 m\u00e1s de 4.000 kilos de alimentos, m\u00e1s de 9.000 art\u00edculos de higiene y limpieza y m\u00e1s de 1.000 \u00fatiles escolares que fueron entregados a comedores y merenderos de Las Heras y otros departamentos de la provincia.<\/strong><\/em><\/h4>\n\n\n\n<div style=\"height:28px\" aria-hidden=\"true\" class=\"wp-block-spacer\"><\/div>\n\n\n<a href=\"https:\/\/estanciamendoza.com.ar\/es\/\" aria-label=\"Copia de BEM &#8211; Banner adaptaciones diario digital_BEM &#8211; Banner Enolife &#8211; 1700&#215;500\"><img loading=\"lazy\" decoding=\"async\" src=\"https:\/\/enolife.com.ar\/es\/wp-content\/uploads\/2019\/07\/Copia-de-BEM-Banner-adaptaciones-diario-digital_BEM-Banner-Enolife-1700x500-1.jpg\" alt=\"\"  srcset=\"https:\/\/enolife.com.ar\/es\/wp-content\/uploads\/2019\/07\/Copia-de-BEM-Banner-adaptaciones-diario-digital_BEM-Banner-Enolife-1700x500-1.jpg 1700w, https:\/\/enolife.com.ar\/es\/wp-content\/uploads\/2019\/07\/Copia-de-BEM-Banner-adaptaciones-diario-digital_BEM-Banner-Enolife-1700x500-1-300x88.jpg 300w, https:\/\/enolife.com.ar\/es\/wp-content\/uploads\/2019\/07\/Copia-de-BEM-Banner-adaptaciones-diario-digital_BEM-Banner-Enolife-1700x500-1-1024x301.jpg 1024w, https:\/\/enolife.com.ar\/es\/wp-content\/uploads\/2019\/07\/Copia-de-BEM-Banner-adaptaciones-diario-digital_BEM-Banner-Enolife-1700x500-1-768x226.jpg 768w, https:\/\/enolife.com.ar\/es\/wp-content\/uploads\/2019\/07\/Copia-de-BEM-Banner-adaptaciones-diario-digital_BEM-Banner-Enolife-1700x500-1-1536x452.jpg 1536w, https:\/\/enolife.com.ar\/es\/wp-content\/uploads\/2019\/07\/Copia-de-BEM-Banner-adaptaciones-diario-digital_BEM-Banner-Enolife-1700x500-1-1170x344.jpg 1170w, https:\/\/enolife.com.ar\/es\/wp-content\/uploads\/2019\/07\/Copia-de-BEM-Banner-adaptaciones-diario-digital_BEM-Banner-Enolife-1700x500-1-585x172.jpg 585w\" sizes=\"auto, (max-width: 1700px) 100vw, 1700px\" width=\"1700\" height=\"500\"   \/><\/a>\n\n\n<div style=\"height:68px\" aria-hidden=\"true\" class=\"wp-block-spacer\"><\/div>\n\n\n\n<p>Este a\u00f1o 2022, como en cada una de las 21 ediciones desde la primera en 2011, la Fiesta de la Cosecha demostr\u00f3 que adem\u00e1s de ser&nbsp;un espect\u00e1culo destacado por su calidad art\u00edstica y su organizaci\u00f3n, es una muestra de solidaridad de parte del p\u00fablico mendocino. Es que las m\u00e1s de 13.000 personas que presenciaron la Fiesta en el vi\u00f1edo del Aeropuerto aportaron alrededor de 4.000 kilos de &nbsp;alimentos, m\u00e1s de 1.000 \u00fatiles escolares y unos 9.000 elementos de higiene y limpieza.<\/p>\n\n\n\n<div style=\"height:20px\" aria-hidden=\"true\" class=\"wp-block-spacer\"><\/div>\n\n\n\n<h4 class=\"has-vivid-red-color has-text-color wp-block-heading\">Las 13.000 personas que asistieron a la Fiesta de la Cosecha entregaron, a cambio de sus entradas, 4.000 kg de alimentos, 1.000 \u00fatiles escolares y 9.000 elementos de higiene y limpieza, que ya fueron donados a comedores infantiles.<\/h4>\n\n\n\n<div style=\"height:20px\" aria-hidden=\"true\" class=\"wp-block-spacer\"><\/div>\n\n\n\n<p>El presidente del Fondo Vitivin\u00edcola, <strong>Bernardo Lanzilotta<\/strong>; el intendente de Las Heras,<strong> Daniel Orozco<\/strong>; la ministra de Cultura y Turismo de Mendoza, <strong>Nora Vicario<\/strong> y el representante de bodega Estancia Mendoza, <strong>Marcelo Federici<\/strong>, fueron los encargados de formalizar la entrega de lo recaudado en la edici\u00f3n 12 de la Fiesta de la Cosecha en el Aeropuerto.<\/p>\n\n\n\n<p>\u00ab<em>Como organizadores de la ya tradicional Fiesta de la Cosecha, es una enorme satisfacci\u00f3n entregar todas estas donaciones. Esto confirma el sentido solidario que tiene la Fiesta. Agradecemos a quienes trajeron sus donaciones porque esa generosidad y empat\u00eda retroalimenta el c\u00edrculo virtuoso de la Fiesta de la Cosecha<\/em>\u00ab, resalt\u00f3 Lanzilotta.<\/p>\n\n\n\n<div style=\"height:20px\" aria-hidden=\"true\" class=\"wp-block-spacer\"><\/div>\n\n\n\n<div class=\"wp-block-image\"><figure class=\"aligncenter size-large\"><img loading=\"lazy\" decoding=\"async\" width=\"808\" height=\"500\" src=\"https:\/\/enolife.com.ar\/es\/wp-content\/uploads\/2022\/03\/DSC_5924.jpg\" alt=\"\" class=\"wp-image-56093\" srcset=\"https:\/\/enolife.com.ar\/es\/wp-content\/uploads\/2022\/03\/DSC_5924.jpg 808w, https:\/\/enolife.com.ar\/es\/wp-content\/uploads\/2022\/03\/DSC_5924-300x186.jpg 300w, https:\/\/enolife.com.ar\/es\/wp-content\/uploads\/2022\/03\/DSC_5924-768x475.jpg 768w, https:\/\/enolife.com.ar\/es\/wp-content\/uploads\/2022\/03\/DSC_5924-585x362.jpg 585w\" sizes=\"auto, (max-width: 808px) 100vw, 808px\" \/><figcaption><em><strong>Los equipos del Fondo Vitivin\u00edcola, la Municipalidad de Las Heras y el Ministerio de Turismo y Cultura de Mendoza, junto a las ONG que recibieron las donaciones<\/strong><\/em><\/figcaption><\/figure><\/div>\n\n\n\n<div style=\"height:20px\" aria-hidden=\"true\" class=\"wp-block-spacer\"><\/div>\n\n\n\n<p>Por su parte, el intendente Orozco destac\u00f3: \u00ab<em>El trabajo del Fondo Vitivin\u00edcola para llevar adelante esta celebraci\u00f3n es muy importante, no s\u00f3lo por el valor cultural sino por su sentido social. Nosotros como municipio estamos agradecidos, y cada nueva edici\u00f3n de la Fiesta de la Cosecha nos compromete a seguir llevando adelante acciones solidarias<\/em>\u00ab.<\/p>\n\n\n\n<div style=\"height:20px\" aria-hidden=\"true\" class=\"wp-block-spacer\"><\/div>\n\n\n\n<blockquote class=\"wp-block-quote is-layout-flow wp-block-quote-is-layout-flow\"><p>Las donaciones son parte del esp\u00edritu de Vendimia; nuestra cultura es una fuerza para el reencuentro y para salir adelante juntos\u00bb.<\/p><cite>Nora Vicario, ministra de Cultura y Turismo de Mendoza<\/cite><\/blockquote>\n\n\n\n<div style=\"height:20px\" aria-hidden=\"true\" class=\"wp-block-spacer\"><\/div>\n\n\n\n<p>La ministra Vicario, a su turno, puso en valor el aporte solidario en la Fiesta de la Cosecha: \u00ab<em>Hoy estamos entregando estas valiosas donaciones que son parte del esp\u00edritu que hemos compartido en Vendimia: nuestra cultura como una fuerza para el reencuentro y para salir adelante juntos<\/em>\u00ab. Tambi\u00e9n subray\u00f3 la importancia de \u00ab<em>haber podido celebrar nuestra fiesta mayor con un calendario de Vendimia a pleno, en todos sus escenarios. Quiero agradecerles a mendocinos y turistas haber sido parte de esto que fue un logro de todos<\/em>\u00ab.<\/p>\n\n\n\n<p>En su edici\u00f3n n\u00fameroo 21, la Fiesta de la Cosecha congreg\u00f3 a m\u00e1s de 13.000 personas con un espect\u00e1culo que se inici\u00f3 al atardecer, con un Patio Malbec con m\u00fasica en vivo -Nolocepa y el DJ Sim\u00f3n P\u00e9ndola-, bodegas y propuestas gastron\u00f3micas. Luego, con transmisi\u00f3n en directo para toda Argentina y muchas naciones del mundo a trav\u00e9s de la <strong>TV P\u00fablica<\/strong> (el canal de televisi\u00f3n oficial del gobierno argentino) y tambi\u00e9n v\u00eda streaming por el canal de Youtube de <strong>El Vino Nos Une<\/strong>, la Fiesta de la Cosecha entreg\u00f3 un concierto atractivo con el rockero <strong>David Lebon<\/strong> como invitado especial, junto a <strong>Lisandro Aristimu\u00f1o<\/strong> y <strong>Mateo Sujatovich<\/strong>. <\/p>\n\n\n\n<div style=\"height:20px\" aria-hidden=\"true\" class=\"wp-block-spacer\"><\/div>\n\n\n\n<div class=\"wp-block-image\"><figure class=\"aligncenter\"><img decoding=\"async\" src=\"https:\/\/www.hcdmza.gob.ar\/site\/images\/Noticias\/2022\/03-marzo\/WhatsApp_Image_2022-03-02_at_225421.jpeg\" alt=\"Vendimia 2022: Abed y Lombardi participaron de la Fiesta de la Cosecha\"\/><figcaption><em><strong>David Leb\u00f3n y la Orquesta Filarm\u00f3nica de Mendoza, dirigida por el maestro Luis Gorelik en acci\u00f3n<\/strong><\/em><\/figcaption><\/figure><\/div>\n\n\n\n<div style=\"height:20px\" aria-hidden=\"true\" class=\"wp-block-spacer\"><\/div>\n\n\n\n<p>La <strong>Orquesta Filarm\u00f3nica de Mendoza<\/strong>, dirigida por el maestro <strong>Luis Gorelik<\/strong>, realiz\u00f3 una notable performance de los temas cl\u00e1sicos elegidos para la apertura y luego acompa\u00f1ando a los cantantes. En ese rubro, se destacaron las voces de <strong>Anal\u00eda Garcetti<\/strong>, <strong>Celeste Fredes<\/strong> y <strong>Cynthia Lozada<\/strong>. <\/p>\n\n\n\n<p>Por su parte, los m\u00fasicos <strong>Mat\u00edas Gorordo, Sebasti\u00e1n Narv\u00e1ez, Javier Guajardo, Luca Pinto y Dany \u00c1vila<\/strong> completaron un elenco de primer nivel con un repertorio con arreglos orquestales a cargo de <strong>Polo Mart\u00ed, Joaqu\u00edn Guevara y Juan Emilio Cucchiarelli<\/strong>.<\/p>\n\n\n\n<div style=\"height:56px\" aria-hidden=\"true\" class=\"wp-block-spacer\"><\/div>\n\n\n\n<p>&nbsp;<\/p>\n\n\n\n<p><\/p>\n","protected":false},"excerpt":{"rendered":"<p>Gracias al aporte del p\u00fablico por el canje de las entradas, la Fiesta de la&hellip;<\/p>\n","protected":false},"author":3,"featured_media":56092,"comment_status":"open","ping_status":"open","sticky":false,"template":"","format":"standard","meta":{"footnotes":""},"categories":[14],"tags":[],"class_list":["post-55952","post","type-post","status-publish","format-standard","has-post-thumbnail","hentry","category-news"],"_links":{"self":[{"href":"https:\/\/enolife.com.ar\/es\/wp-json\/wp\/v2\/posts\/55952","targetHints":{"allow":["GET"]}}],"collection":[{"href":"https:\/\/enolife.com.ar\/es\/wp-json\/wp\/v2\/posts"}],"about":[{"href":"https:\/\/enolife.com.ar\/es\/wp-json\/wp\/v2\/types\/post"}],"author":[{"embeddable":true,"href":"https:\/\/enolife.com.ar\/es\/wp-json\/wp\/v2\/users\/3"}],"replies":[{"embeddable":true,"href":"https:\/\/enolife.com.ar\/es\/wp-json\/wp\/v2\/comments?post=55952"}],"version-history":[{"count":0,"href":"https:\/\/enolife.com.ar\/es\/wp-json\/wp\/v2\/posts\/55952\/revisions"}],"wp:featuredmedia":[{"embeddable":true,"href":"https:\/\/enolife.com.ar\/es\/wp-json\/wp\/v2\/media\/56092"}],"wp:attachment":[{"href":"https:\/\/enolife.com.ar\/es\/wp-json\/wp\/v2\/media?parent=55952"}],"wp:term":[{"taxonomy":"category","embeddable":true,"href":"https:\/\/enolife.com.ar\/es\/wp-json\/wp\/v2\/categories?post=55952"},{"taxonomy":"post_tag","embeddable":true,"href":"https:\/\/enolife.com.ar\/es\/wp-json\/wp\/v2\/tags?post=55952"}],"curies":[{"name":"wp","href":"https:\/\/api.w.org\/{rel}","templated":true}]}}