{"id":5585,"date":"2019-12-07T12:21:07","date_gmt":"2019-12-07T12:21:07","guid":{"rendered":"http:\/\/enolife.com.ar\/es\/?p=5585"},"modified":"2019-12-12T21:14:35","modified_gmt":"2019-12-12T21:14:35","slug":"la-sitevi-enfoca-en-los-nuevos-habitos-de-consumo-de-cara-a-su-edicion-argentina-en-mayo-2020","status":"publish","type":"post","link":"https:\/\/enolife.com.ar\/es\/la-sitevi-enfoca-en-los-nuevos-habitos-de-consumo-de-cara-a-su-edicion-argentina-en-mayo-2020\/","title":{"rendered":"La Sitevi enfoca en los nuevos h\u00e1bitos de consumo de cara a su edici\u00f3n argentina en mayo 2020"},"content":{"rendered":"\n<h4 class=\"wp-block-heading\"><em><strong>El prestigioso sal\u00f3n internacional de negocios y exposici\u00f3n de equipos y know-how para productores vitivin\u00edcolas, oliv\u00edcolas y frutihort\u00edcolas tuvo su \u00faltima edici\u00f3n del 26 al 28 de noviembre en Montpellier, Francia, con la presencia de empresas de 73 pa\u00edses y m\u00e1s de 58.000 visitantes. <\/strong><\/em><\/h4>\n\n\n\n<hr class=\"wp-block-separator\"\/>\n\n\n\n<h4 class=\"wp-block-heading\"><em><strong>La Feria, que ahora se trasladar\u00e1 a Mendoza del 27 al 29 de mayo de 2020, se ha convertido en una cita de referencia global para que las empresas conozcan los cambios en los patrones de consumo y puedan satisfacer los requerimientos de nuevos insumos y tecnolog\u00eda<\/strong><\/em><strong>.<\/strong><\/h4>\n\n\n\n<div style=\"height:42px\" aria-hidden=\"true\" class=\"wp-block-spacer\"><\/div>\n\n\n\n<p>La \u00faltima edici\u00f3n de la Sitevi se desarroll\u00f3 del 26 al 28 de noviembre en Montpellier, Francia. Durante esos 3 d\u00edas, la expo registr\u00f3 58.000 visitas de profesionales de todo el mundo, superando los registros de la anterior edici\u00f3n, en 2017. Los visitantes llegaron de 73 pa\u00edses, frente a los 65 pa\u00edses de la edici\u00f3n 2017. Del lado expositor, se presentaron 1.100 empresas de 25 pa\u00edses, con la nota saliente de que 186 de ellos acud\u00edan por primera vez al sal\u00f3n.<\/p>\n\n\n\n<p>En t\u00e9rminos del sector vitivin\u00edcola, la Feria permiti\u00f3 conocer las novedades y avances tecnol\u00f3gicos, tanto en maquinaria como en servicios. Posibilit\u00f3 acceder a novedades de inter\u00e9s para todo el proceso de elaboraci\u00f3n del vino, desde maquinarias para vi\u00f1edo y preparaci\u00f3n de suelos, hasta servicios tecnol\u00f3gicos, pasando por la planta de vid, equipos de vendimia, de vinificaci\u00f3n e instalaciones para bodega.<\/p>\n\n\n\n<p>En la Feria se otorgaron los Premios a la Innovaci\u00f3n a las novedades que permiten observar la consolidaci\u00f3n de tendencias tales como la tecnolog\u00eda digital y sus aplicaciones. Tambi\u00e9n los avances en la protecci\u00f3n sanitaria del vi\u00f1edo y del vino, mediante productos o procesos que permiten minimizar el uso de qu\u00edmicos. Asimismo, se conocieron y divulgaron las tendencias a la diferenciaci\u00f3n en el mercado a trav\u00e9s de <em>packaging <\/em>innovador, o nuevas herramientas de presentaci\u00f3n.<\/p>\n\n\n\n<p>Sitevi tambi\u00e9n se convirti\u00f3 en un foro de intercambio de conocimiento, con m\u00e1s de 55 conferencias y talleres programados, una atractiva zona de degustaci\u00f3n, que acogi\u00f3 22 clases magistrales y el <em>Tasting Corner<\/em>, y un \u00e1rea dedicada a empresas emergentes o <em>start ups<\/em>.<\/p>\n\n\n\n<p class=\"has-background has-luminous-vivid-amber-background-color\"><strong>La maquinaria organizativa de Sitevi ya trabaja en la edici\u00f3n Argentina de Sitevinitech 2020, que tendr\u00e1 lugar del  27 al 29 de mayo en la Nave Cultural y Universitaria de la Provincia de Mendoza.<\/strong><\/p>\n\n\n\n<div style=\"height:34px\" aria-hidden=\"true\" class=\"wp-block-spacer\"><\/div>\n\n\n\n<p class=\"has-small-font-size\"><em><strong>Fuente: La Semana Vitivin\u00edcola, Espa\u00f1a<\/strong><\/em><\/p>\n\n\n\n<div style=\"height:43px\" aria-hidden=\"true\" class=\"wp-block-spacer\"><\/div>\n\n\n\n<p><\/p>\n","protected":false},"excerpt":{"rendered":"<p>El prestigioso sal\u00f3n internacional de negocios y exposici\u00f3n de equipos y know-how para productores vitivin\u00edcolas,&hellip;<\/p>\n","protected":false},"author":3,"featured_media":5617,"comment_status":"open","ping_status":"open","sticky":false,"template":"","format":"standard","meta":{"footnotes":""},"categories":[10],"tags":[],"class_list":["post-5585","post","type-post","status-publish","format-standard","has-post-thumbnail","hentry","category-ferias"],"_links":{"self":[{"href":"https:\/\/enolife.com.ar\/es\/wp-json\/wp\/v2\/posts\/5585","targetHints":{"allow":["GET"]}}],"collection":[{"href":"https:\/\/enolife.com.ar\/es\/wp-json\/wp\/v2\/posts"}],"about":[{"href":"https:\/\/enolife.com.ar\/es\/wp-json\/wp\/v2\/types\/post"}],"author":[{"embeddable":true,"href":"https:\/\/enolife.com.ar\/es\/wp-json\/wp\/v2\/users\/3"}],"replies":[{"embeddable":true,"href":"https:\/\/enolife.com.ar\/es\/wp-json\/wp\/v2\/comments?post=5585"}],"version-history":[{"count":0,"href":"https:\/\/enolife.com.ar\/es\/wp-json\/wp\/v2\/posts\/5585\/revisions"}],"wp:featuredmedia":[{"embeddable":true,"href":"https:\/\/enolife.com.ar\/es\/wp-json\/wp\/v2\/media\/5617"}],"wp:attachment":[{"href":"https:\/\/enolife.com.ar\/es\/wp-json\/wp\/v2\/media?parent=5585"}],"wp:term":[{"taxonomy":"category","embeddable":true,"href":"https:\/\/enolife.com.ar\/es\/wp-json\/wp\/v2\/categories?post=5585"},{"taxonomy":"post_tag","embeddable":true,"href":"https:\/\/enolife.com.ar\/es\/wp-json\/wp\/v2\/tags?post=5585"}],"curies":[{"name":"wp","href":"https:\/\/api.w.org\/{rel}","templated":true}]}}