{"id":55782,"date":"2022-03-07T17:26:47","date_gmt":"2022-03-07T17:26:47","guid":{"rendered":"http:\/\/enolife.com.ar\/es\/?p=55782"},"modified":"2022-03-10T17:43:39","modified_gmt":"2022-03-10T17:43:39","slug":"las-fotos-del-trabajo-en-la-vina-premiadas-por-enolife-y-avm-en-una-muestra-en-la-enoteca","status":"publish","type":"post","link":"https:\/\/enolife.com.ar\/es\/las-fotos-del-trabajo-en-la-vina-premiadas-por-enolife-y-avm-en-una-muestra-en-la-enoteca\/","title":{"rendered":"Las fotos del trabajo en la vi\u00f1a premiadas por Enolife y AVM, en una muestra en La Enoteca"},"content":{"rendered":"\n<h4 class=\"wp-block-heading\"><em><strong>Previo al lanzamiento de la 2da edici\u00f3n del concurso fotogr\u00e1fico \u00abTiempo de cosecha\u00bb, en el que en 2021 participaron 115 trabajadores de la vi\u00f1a y fot\u00f3grafos profesionales, las imagenes ganadoras est\u00e1n expuestas en La Enoteca durante todo el mes de marzo. Este certamen, organizado por este diario y la Asociaci\u00f3n de Vi\u00f1ateros de Mendoza (AVM), tiene como objetivo mostrar y difundir la importancia del trabajo durante la vendimia, la dedicaci\u00f3n, el esfuerzo y el amor a la tierra y los frutos que luego llegan a nuestra mesa y llenan nuestras copas. <\/strong><\/em><\/h4>\n\n\n\n<div style=\"height:20px\" aria-hidden=\"true\" class=\"wp-block-spacer\"><\/div>\n\n\n<a href=\"https:\/\/enolife.com.ar\/es\/category\/vino\/\" aria-label=\"banner-el-vino-las-une\"><img loading=\"lazy\" decoding=\"async\" src=\"https:\/\/enolife.com.ar\/es\/wp-content\/uploads\/2021\/12\/banner-el-vino-las-une.gif\" alt=\"\"  width=\"1700\" height=\"500\"   \/><\/a>\n\n\n<div style=\"height:64px\" aria-hidden=\"true\" class=\"wp-block-spacer\"><\/div>\n\n\n\n<p>Durante el mes de marzo, <strong>Enolife <\/strong>y la <strong>Asociaci\u00f3n de Vi\u00f1ateros de Mendoza<\/strong> <strong>(AVM)<\/strong> invitan a <strong>La Enoteca<\/strong> a conocer las fotos ganadoras del concurso <strong>\u00abTiempo de Cosecha\u00bb <\/strong>que se llev\u00f3 a cabo entre marzo y mayo del 2021. Se trata de las 5 fotos seleccionadas por un jurado conformado por miembros de ambas entidades, fot\u00f3grafos profesionales y votos en redes sociales.<\/p>\n\n\n\n<div style=\"height:20px\" aria-hidden=\"true\" class=\"wp-block-spacer\"><\/div>\n\n\n\n<p class=\"has-background has-very-light-gray-background-color\"><strong>Fotos ganadoras concurso \u00abTiempo de Cosecha\u00bb 2021<\/strong><\/p>\n\n\n\n<ol class=\"wp-block-list\"><li><strong>Emanuel Nino (Tupungato): <\/strong>\u00abRetrato de vendimia, entre sacrificio y pasi\u00f3n\u00bb.<\/li><li><strong>Jimena Soledad Gallego (San Mart\u00edn): <\/strong>\u00abRecompensa\u00bb.<\/li><li><strong>Yamila Peralta (San Mart\u00edn): <\/strong>\u00abFamilia del coraz\u00f3n\u00bb<\/li><li><strong>Florencia S\u00e1nchez (San Mart\u00edn)<\/strong>: \u00abPies polvorientos\u00bb.<\/li><li><strong>Nicol\u00e1s Latorre (Godoy Cruz):<\/strong> \u00abHorizonte\u00bb.<\/li><\/ol>\n\n\n\n<div style=\"height:20px\" aria-hidden=\"true\" class=\"wp-block-spacer\"><\/div>\n\n\n\n<p>La presentaci\u00f3n se hace en el contexto de las actividades y festejos de Vendimia, para que turistas y vecinos puedan disfrutar del talento de los participantes ganadores. Se puede disfrutar, en el marco de las visitas a <strong>La Enoteca, de lunes a viernes de 10 a 17 hs en Av. Peltier 611<\/strong>, <strong>Ciudad de Mendoza<\/strong>. Es una buena oportunidad para conocer el Centro Tem\u00e1tico del Vino, donde funcion\u00f3 la primer escuela de enolog\u00eda y agronom\u00eda de la provincia. Es un paseo gratuito para los mendocinos.<\/p>\n\n\n\n<p>En cuanto a la 2da edici\u00f3n del concurso \u00abTiempo de Cosecha\u00bb 2022, su lanzamiento, detalles y reglamento ser\u00e1n comunicados en los pr\u00f3ximos d\u00edas. Esperamos contar con la participaci\u00f3n de los vi\u00f1ateros que est\u00e1n en plena actividad en este momento, para que puedan mostrar con un clic la hermosa experiencia del trabajar nuestra tierra y sus frutos, y de los fot\u00f3grafos aficionados o profesionales que pueden poner arte en esos cuadros maravillosos.<\/p>\n\n\n\n<p>De este modo, desde Enolife y AVM, apostamos a fomentar los valores positivos de la actividad vitivin\u00edcola de Mendoza, y enaltecer la cultura del trabajo en las fincas.<\/p>\n\n\n\n<p class=\"has-background has-very-light-gray-background-color\">Agradecemos el <strong>apoyo del Fondo Vitivin\u00edcola<\/strong>, como as\u00ed tambi\u00e9n a todos los integrantes de <strong>La Enoteca,<\/strong> por disponer del espacio f\u00edsico para la difusi\u00f3n de la muestra fotogr\u00e1fica. <\/p>\n\n\n\n<div style=\"height:36px\" aria-hidden=\"true\" class=\"wp-block-spacer\"><\/div>\n","protected":false},"excerpt":{"rendered":"<p>Previo al lanzamiento de la 2da edici\u00f3n del concurso fotogr\u00e1fico \u00abTiempo de cosecha\u00bb, en el&hellip;<\/p>\n","protected":false},"author":3,"featured_media":55809,"comment_status":"open","ping_status":"open","sticky":false,"template":"","format":"standard","meta":{"footnotes":""},"categories":[14],"tags":[],"class_list":["post-55782","post","type-post","status-publish","format-standard","has-post-thumbnail","hentry","category-news"],"_links":{"self":[{"href":"https:\/\/enolife.com.ar\/es\/wp-json\/wp\/v2\/posts\/55782","targetHints":{"allow":["GET"]}}],"collection":[{"href":"https:\/\/enolife.com.ar\/es\/wp-json\/wp\/v2\/posts"}],"about":[{"href":"https:\/\/enolife.com.ar\/es\/wp-json\/wp\/v2\/types\/post"}],"author":[{"embeddable":true,"href":"https:\/\/enolife.com.ar\/es\/wp-json\/wp\/v2\/users\/3"}],"replies":[{"embeddable":true,"href":"https:\/\/enolife.com.ar\/es\/wp-json\/wp\/v2\/comments?post=55782"}],"version-history":[{"count":0,"href":"https:\/\/enolife.com.ar\/es\/wp-json\/wp\/v2\/posts\/55782\/revisions"}],"wp:featuredmedia":[{"embeddable":true,"href":"https:\/\/enolife.com.ar\/es\/wp-json\/wp\/v2\/media\/55809"}],"wp:attachment":[{"href":"https:\/\/enolife.com.ar\/es\/wp-json\/wp\/v2\/media?parent=55782"}],"wp:term":[{"taxonomy":"category","embeddable":true,"href":"https:\/\/enolife.com.ar\/es\/wp-json\/wp\/v2\/categories?post=55782"},{"taxonomy":"post_tag","embeddable":true,"href":"https:\/\/enolife.com.ar\/es\/wp-json\/wp\/v2\/tags?post=55782"}],"curies":[{"name":"wp","href":"https:\/\/api.w.org\/{rel}","templated":true}]}}