{"id":55686,"date":"2022-03-06T17:46:03","date_gmt":"2022-03-06T17:46:03","guid":{"rendered":"http:\/\/enolife.com.ar\/es\/?p=55686"},"modified":"2022-03-09T02:25:03","modified_gmt":"2022-03-09T02:25:03","slug":"el-gobernador-de-jujuy-invito-a-bodegueros-mendocinos-a-invertir-en-su-provincia","status":"publish","type":"post","link":"https:\/\/enolife.com.ar\/es\/el-gobernador-de-jujuy-invito-a-bodegueros-mendocinos-a-invertir-en-su-provincia\/","title":{"rendered":"El gobernador de Jujuy invit\u00f3 a bodegueros mendocinos a invertir en su provincia"},"content":{"rendered":"\n<h4 class=\"wp-block-heading\"><em><strong>El viernes 4\/3, el gobernador de la norte\u00f1a provincia argentina de Jujuy, Gerardo Morales, present\u00f3 en el Centro Tem\u00e1tico del Vino de la Capital mendocina, La Enoteca, una degustaci\u00f3n de vinos de&nbsp;8 bodegas&nbsp;de la Quebrada de Humahuaca y de los Valles&nbsp;juje\u00f1os ante productores de Mendoza y Argentina. Luego, durante el Desayuno de la Coviar, al d\u00eda siguiente, el mandatario radical invit\u00f3 a los en\u00f3logos y bodegueros a invertir en su provincia, ya que, asegur\u00f3, tienen un r\u00e9gimen de promoci\u00f3n que otorga cr\u00e9ditos a tasas del 14,5% para la producci\u00f3n vitivin\u00edcola, descuentos del 40% en el costo de la energ\u00eda y otros incentivos, como reintegros de IVA e impuesto a las ganancias<\/strong><\/em><\/h4>\n\n\n\n<div style=\"height:20px\" aria-hidden=\"true\" class=\"wp-block-spacer\"><\/div>\n\n\n<a href=\"https:\/\/instagram.com\/labelsolutions?igshid=YmMyMTA2M2Y=\" aria-label=\"Banner Palero 1700&#215;500\"><img loading=\"lazy\" decoding=\"async\" src=\"https:\/\/enolife.com.ar\/es\/wp-content\/uploads\/2021\/09\/Banner-Palero-1700x500-1.gif\" alt=\"\"  width=\"1700\" height=\"500\"   \/><\/a>\n\n\n<div style=\"height:68px\" aria-hidden=\"true\" class=\"wp-block-spacer\"><\/div>\n\n\n\n<p>El gobernador Gerardo Morales particip\u00f3 en diferentes actos del calendario vendimial mendocino. El viernes 4\/3 acompa\u00f1\u00f3 la degustaci\u00f3n de 8 bodegas y una destiler\u00eda juje\u00f1a de las zonas de la Quebrada y los Valles en el Centro Tem\u00e1tico del Vino, La Enoteca, donde adem\u00e1s presentaron la ruta del vino juje\u00f1o. Al encuentro asistieron funcionarios de ambas provincias, operadores tur\u00edsticos, bodegueros y la prensa.<\/p>\n\n\n\n<div style=\"height:20px\" aria-hidden=\"true\" class=\"wp-block-spacer\"><\/div>\n\n\n\n<figure class=\"wp-block-gallery columns-2 is-cropped wp-block-gallery-1 is-layout-flex wp-block-gallery-is-layout-flex\"><ul class=\"blocks-gallery-grid\"><li class=\"blocks-gallery-item\"><figure><img loading=\"lazy\" decoding=\"async\" width=\"720\" height=\"720\" src=\"https:\/\/enolife.com.ar\/es\/wp-content\/uploads\/2022\/03\/Imagen3-2.jpg\" alt=\"\" data-id=\"55696\" class=\"wp-image-55696\" srcset=\"https:\/\/enolife.com.ar\/es\/wp-content\/uploads\/2022\/03\/Imagen3-2.jpg 720w, https:\/\/enolife.com.ar\/es\/wp-content\/uploads\/2022\/03\/Imagen3-2-300x300.jpg 300w, https:\/\/enolife.com.ar\/es\/wp-content\/uploads\/2022\/03\/Imagen3-2-150x150.jpg 150w, https:\/\/enolife.com.ar\/es\/wp-content\/uploads\/2022\/03\/Imagen3-2-585x585.jpg 585w\" sizes=\"auto, (max-width: 720px) 100vw, 720px\" \/><\/figure><\/li><li class=\"blocks-gallery-item\"><figure><img loading=\"lazy\" decoding=\"async\" width=\"720\" height=\"720\" src=\"https:\/\/enolife.com.ar\/es\/wp-content\/uploads\/2022\/03\/Imagen4-3.jpg\" alt=\"\" data-id=\"55697\" class=\"wp-image-55697\" srcset=\"https:\/\/enolife.com.ar\/es\/wp-content\/uploads\/2022\/03\/Imagen4-3.jpg 720w, https:\/\/enolife.com.ar\/es\/wp-content\/uploads\/2022\/03\/Imagen4-3-300x300.jpg 300w, https:\/\/enolife.com.ar\/es\/wp-content\/uploads\/2022\/03\/Imagen4-3-150x150.jpg 150w, https:\/\/enolife.com.ar\/es\/wp-content\/uploads\/2022\/03\/Imagen4-3-585x585.jpg 585w\" sizes=\"auto, (max-width: 720px) 100vw, 720px\" \/><\/figure><\/li><\/ul><\/figure>\n\n\n\n<div style=\"height:20px\" aria-hidden=\"true\" class=\"wp-block-spacer\"><\/div>\n\n\n\n<p>En ese marco, el <strong>ministro de Cultura y Turismo de Jujuy, Federico Posadas<\/strong>, sostuvo: <em>\u00abEs<\/em> <em>un gran desaf\u00edo presentar nuestros productos juje\u00f1os en la provincia cuna del vino\u00bb. Y afirm\u00f3: \u00abEsta oportunidad ayuda a seguir afianzando lazos con Mendoza, referente vitivin\u00edcola a nivel mundial\u00bb.<\/em><\/p>\n\n\n\n<div style=\"height:20px\" aria-hidden=\"true\" class=\"wp-block-spacer\"><\/div>\n\n\n\n<p class=\"has-background has-very-light-gray-background-color\"><strong>Las bodegas juje\u00f1as que presentaron sus vinos<\/strong><br><br><strong>De los Valles juje\u00f1os: Bodega La Magdalena, Bodega El Molle y Finca Machuca<\/strong>.<br><strong>De la Quebrada de Humahuaca: Bodega Santa Rosa de Lima, Vi\u00f1edos Yacoraite, Bodega El Bayeh, Bodega Huichaira Vineyard, Bodega Amanecer Andino, Bodega Vi\u00f1as del Perchel, Bodega Tukma y Destiler\u00eda La Conversi\u00f3n.<\/strong><\/p>\n\n\n\n<div style=\"height:20px\" aria-hidden=\"true\" class=\"wp-block-spacer\"><\/div>\n\n\n\n<p>Al d\u00eda siguiente, Morales fue invitado al desayuno de la Corporaci\u00f3n Vitivin\u00edcola Argentina (Coviar) y en su discurso cont\u00f3 sobre el desarrollo de la industria vitivin\u00edcola de su provincia, en la cual, detall\u00f3, a partir de 2016, con un r\u00e9gimen de promoci\u00f3n a la inversi\u00f3n, lograron quintuplicar la producci\u00f3n, contando en la actualidad con 15 bodegas. Y grafic\u00f3 con una sonrisa: <em>\u00abClaro que el productor m\u00e1s grande tiene dos hect\u00e1reas, pero por ser peque\u00f1os no dejamos de ser importantes\u00bb.<\/em><\/p>\n\n\n\n<div style=\"height:20px\" aria-hidden=\"true\" class=\"wp-block-spacer\"><\/div>\n\n\n\n<div class=\"wp-block-image\"><figure class=\"aligncenter size-large is-resized\"><img loading=\"lazy\" decoding=\"async\" src=\"https:\/\/enolife.com.ar\/es\/wp-content\/uploads\/2022\/03\/Imagen.jpg\" alt=\"\" class=\"wp-image-55720\" width=\"569\" height=\"367\" srcset=\"https:\/\/enolife.com.ar\/es\/wp-content\/uploads\/2022\/03\/Imagen.jpg 909w, https:\/\/enolife.com.ar\/es\/wp-content\/uploads\/2022\/03\/Imagen-300x194.jpg 300w, https:\/\/enolife.com.ar\/es\/wp-content\/uploads\/2022\/03\/Imagen-768x496.jpg 768w, https:\/\/enolife.com.ar\/es\/wp-content\/uploads\/2022\/03\/Imagen-585x378.jpg 585w\" sizes=\"auto, (max-width: 569px) 100vw, 569px\" \/><figcaption><em><strong>Gerardo Morales durante su discurso en el Desayuno de la Coviar<\/strong><\/em>.<\/figcaption><\/figure><\/div>\n\n\n\n<div style=\"height:20px\" aria-hidden=\"true\" class=\"wp-block-spacer\"><\/div>\n\n\n\n<p>Morales dio las gracias a la Coviar \u00ab<em>por incorporarnos en este programa que financia del BID a trav\u00e9s del cual se podr\u00e1n elaborar  los estudios geomorfol\u00f3gicos para la caracterizaci\u00f3n del terroir, de acuerdo a lo que dicen los en\u00f3logos mendocinos que, por cierto est\u00e1n yendo mucho a Jujuy\u00bb. <\/em>Y continu\u00f3 diciendo: <em>\u00abQueremos ser importantes, tenemos vinos premiados y cada vez m\u00e1s apuntamos a mejorar la calidad de nuestros productos\u00bb<\/em>.<\/p>\n\n\n\n<p>Asimismo, agreg\u00f3 una invitaci\u00f3n a bodegueros y en\u00f3logos mendocinos a invertir en su provincia, explicando que <em>\u00abestamos dando cr\u00e9ditos a tasas del 14,5% para la producci\u00f3n vitivin\u00edcola, descuentos del 40% en el costo de la energ\u00eda y otros incentivos, tenemos una ley de promoci\u00f3n de inversiones, que reintegra IVA e impuesto a las ganancias\u00bb<\/em>.<\/p>\n\n\n\n<div style=\"height:20px\" aria-hidden=\"true\" class=\"wp-block-spacer\"><\/div>\n\n\n\n<p class=\"has-medium-font-size\"><strong>Los vinos juje\u00f1os<\/strong><\/p>\n\n\n\n<p>Jujuy se distingue por tener vinos oscuros, frutados, de acidez natural, equilibrados y profundos en boca, que revelan la potencia de la madre tierra. Y en esa provincia se distinguen dos regiones dedicadas a la producci\u00f3n de vinos, cada una de ellas con un terru\u00f1o especial:<\/p>\n\n\n\n<div style=\"height:20px\" aria-hidden=\"true\" class=\"wp-block-spacer\"><\/div>\n\n\n\n<div class=\"wp-block-image\"><figure class=\"aligncenter size-large is-resized\"><img loading=\"lazy\" decoding=\"async\" src=\"https:\/\/enolife.com.ar\/es\/wp-content\/uploads\/2022\/03\/image.png\" alt=\"\" class=\"wp-image-55751\" width=\"559\" height=\"358\" srcset=\"https:\/\/enolife.com.ar\/es\/wp-content\/uploads\/2022\/03\/image.png 940w, https:\/\/enolife.com.ar\/es\/wp-content\/uploads\/2022\/03\/image-300x193.png 300w, https:\/\/enolife.com.ar\/es\/wp-content\/uploads\/2022\/03\/image-768x493.png 768w, https:\/\/enolife.com.ar\/es\/wp-content\/uploads\/2022\/03\/image-585x376.png 585w\" sizes=\"auto, (max-width: 559px) 100vw, 559px\" \/><\/figure><\/div>\n\n\n\n<div style=\"height:20px\" aria-hidden=\"true\" class=\"wp-block-spacer\"><\/div>\n\n\n\n<p>En la presentaci\u00f3n realizada en La Enoteca, se degustaron diez etiquetass junto a otros productos de la gastronom\u00eda de esa provincia, y se present\u00f3 el plan enotur\u00edstico \u00abDestino Jujuy\u00bb. A continuaci\u00f3n detallamos cu\u00e1les son las bodegas que participaron y de qu\u00e9 regiones:<\/p>\n\n\n\n<div style=\"height:20px\" aria-hidden=\"true\" class=\"wp-block-spacer\"><\/div>\n\n\n\n<p class=\"has-medium-font-size\"><strong>Regi\u00f3n de Valles Templados<\/strong><\/p>\n\n\n\n<p><strong>Bodega La Magdalena<\/strong>: <br>En\u00f3logo: Mauricio Vegetti &#8211; Vinos: Malbec \/&nbsp;&nbsp;&nbsp; Cabernet &#8211; Merlot \/ Sauvignon Blanc &#8211; Torront\u00e9s.<\/p>\n\n\n\n<p><strong>Bodega El Molle<\/strong>:<br>En\u00f3logo: Mauricio Vergessi &#8211; Vinos: Vinos El Molle malbec y El Molle espumante torront\u00e9s.<\/p>\n\n\n\n<p><strong>Finca Machuca<\/strong>:<br>En\u00f3logo: Lucas Niven (por bodega Antropo) &#8211; Vinos: Cabernet Franc &#8211; Merlot. Cosecha 2021. Varietales: Pinot Noir, Malbec, Merlot y Cabernet Franc.<\/p>\n\n\n\n<div style=\"height:20px\" aria-hidden=\"true\" class=\"wp-block-spacer\"><\/div>\n\n\n\n<p class=\"has-medium-font-size\"><strong>Quebrada de Humahuaca<\/strong><\/p>\n\n\n\n<p><strong>Bodega Santa Rosa de Lima<\/strong><br>Elaborador: Dario Carlos Ducca &#8211; Vinos: Vino tinto \u00abBarrac\u00e1n\u00bb Cabernet Sauvignon. Vino blanco \u00abLindura\u00bb blend de Torront\u00e9s 70% y&nbsp; Moscatel 30%. Vino rosado \u00abLindaura&#8217; uvas criollas tintas.<\/p>\n\n\n\n<p><strong>Vi\u00f1edos Yacoraite<\/strong><br>En\u00f3logo: Lucas&nbsp; Niven<br>Vino: Mallku<\/p>\n\n\n\n<p><strong>Bodega El Bayeh<\/strong><br>Eno\u00f3logo : Mat\u00edas Michelini &#8211; Vinos: peque\u00f1os parceleros tinto de purmamarca &#8211; peque\u00f1os parceleros tinto de Maimar\u00e1 &#8211; peque\u00f1os Parceleros tinto de Tilcara<\/p>\n\n\n\n<p><strong>Bodega Huichaira Vineyard<\/strong><br>En\u00f3logo Col\u00f3 Sejanovich y Tana Bellincioni &#8211; Vinos: Cielo arriba<\/p>\n\n\n\n<p><strong>Bodega Amanecer Andino<\/strong><br>En\u00f3logo: Lucas Niven -Vinos: Malbec Amanecer Andino Reserva. Cabernet S.- Bonarda Amanecer Andino Reserva<\/p>\n\n\n\n<p><strong>Bodega Vi\u00f1as del Perchel<\/strong><br>En\u00f3loga: Gabriela Celeste &#8211; Vinos: Runa Blend: Syrah &#8211; Malbec &#8211; Canctus Tannat.&nbsp; Cactus&nbsp; Malbec.<\/p>\n\n\n\n<p><strong>Bodega Tukma<\/strong><br>En\u00f3logo: Jos\u00e9 Luis Mounier &#8211; Vinos:&nbsp; Tukma altura 2.670 snm. blanc 2020, Tukma altura 2.670 snm blend de tintas 2019.<\/p>\n\n\n\n<p><strong>Destiler\u00eda La Conversi\u00f3n<\/strong><br>Bromat\u00f3loga: Jimena Alfaro &#8211;  Grappa Cholita, Gin del Marqu\u00e9s<\/p>\n\n\n\n<div style=\"height:32px\" aria-hidden=\"true\" class=\"wp-block-spacer\"><\/div>\n","protected":false},"excerpt":{"rendered":"<p>El viernes 4\/3, el gobernador de la norte\u00f1a provincia argentina de Jujuy, Gerardo Morales, present\u00f3&hellip;<\/p>\n","protected":false},"author":3,"featured_media":55701,"comment_status":"open","ping_status":"open","sticky":false,"template":"","format":"standard","meta":{"footnotes":""},"categories":[14],"tags":[],"class_list":["post-55686","post","type-post","status-publish","format-standard","has-post-thumbnail","hentry","category-news"],"_links":{"self":[{"href":"https:\/\/enolife.com.ar\/es\/wp-json\/wp\/v2\/posts\/55686","targetHints":{"allow":["GET"]}}],"collection":[{"href":"https:\/\/enolife.com.ar\/es\/wp-json\/wp\/v2\/posts"}],"about":[{"href":"https:\/\/enolife.com.ar\/es\/wp-json\/wp\/v2\/types\/post"}],"author":[{"embeddable":true,"href":"https:\/\/enolife.com.ar\/es\/wp-json\/wp\/v2\/users\/3"}],"replies":[{"embeddable":true,"href":"https:\/\/enolife.com.ar\/es\/wp-json\/wp\/v2\/comments?post=55686"}],"version-history":[{"count":0,"href":"https:\/\/enolife.com.ar\/es\/wp-json\/wp\/v2\/posts\/55686\/revisions"}],"wp:featuredmedia":[{"embeddable":true,"href":"https:\/\/enolife.com.ar\/es\/wp-json\/wp\/v2\/media\/55701"}],"wp:attachment":[{"href":"https:\/\/enolife.com.ar\/es\/wp-json\/wp\/v2\/media?parent=55686"}],"wp:term":[{"taxonomy":"category","embeddable":true,"href":"https:\/\/enolife.com.ar\/es\/wp-json\/wp\/v2\/categories?post=55686"},{"taxonomy":"post_tag","embeddable":true,"href":"https:\/\/enolife.com.ar\/es\/wp-json\/wp\/v2\/tags?post=55686"}],"curies":[{"name":"wp","href":"https:\/\/api.w.org\/{rel}","templated":true}]}}