{"id":55674,"date":"2022-03-05T16:21:05","date_gmt":"2022-03-05T16:21:05","guid":{"rendered":"http:\/\/enolife.com.ar\/es\/?p=55674"},"modified":"2022-03-08T15:06:42","modified_gmt":"2022-03-08T15:06:42","slug":"martin-hinojosa-lanzo-proviar-ii-un-plan-de-financiacion-a-pymes-vitivinicolas-por-us-40-millones","status":"publish","type":"post","link":"https:\/\/enolife.com.ar\/es\/martin-hinojosa-lanzo-proviar-ii-un-plan-de-financiacion-a-pymes-vitivinicolas-por-us-40-millones\/","title":{"rendered":"Mart\u00edn Hinojosa lanz\u00f3 Proviar II, un plan de financiaci\u00f3n a pymes vitivin\u00edcolas por U$S 40 millones"},"content":{"rendered":"\n<h4 class=\"wp-block-heading\"><em><strong>Durante un encuentro el 4\/3\/22 en Maip\u00fa, Mendoza, que congreg\u00f3 a unos 600 productores, pol\u00edticos, funcionarios de gobierno, empresarios, referentes de la vitivinicultura y periodistas, los titulares del Instituto Nacional de Vitivinicultura (INV), del Ministerio de Agricultura de la Naci\u00f3n y de la Coviar realizaron un llamado a la integraci\u00f3n federal del sector y detallaron un programa de apoyo a peque\u00f1os y medianos productores financiado por el Banco Interamericano de Desarrollo (BID).<\/strong><\/em><\/h4>\n\n\n\n<hr class=\"wp-block-separator\"\/>\n\n\n\n<h4 class=\"wp-block-heading\"><em><strong>Mart\u00edn Hinojosa, titular del INV; el ministro de Agricultura, Ganader\u00eda y Pesca de la Naci\u00f3n, Juli\u00e1n Dom\u00ednguez y Jos\u00e9 Alberto \u00abPepe\u00bb Zuccardi, presidente de la Coviar, coincidieron en se\u00f1alar que \u00abArgentina puede venderle al mundo todo lo que produce\u00bb, por lo que, aseguraron, el gobierno incrementar\u00e1 su impulso para el desarrollo industrial del pa\u00eds. Los fondos del Proviar II ser\u00e1n administrados por el INV, con acuerdo de la Coviar y otros entes estatales y privados de Argentina. <\/strong><\/em><\/h4>\n\n\n\n<div style=\"height:34px\" aria-hidden=\"true\" class=\"wp-block-spacer\"><\/div>\n\n\n\n\n\n<div style=\"height:49px\" aria-hidden=\"true\" class=\"wp-block-spacer\"><\/div>\n\n\n\n<p>En una reuni\u00f3n de amplia convocatoria, productores vitivin\u00edcolas, en\u00f3logos, empresarios, y representantes de la agricultura de toda <strong>Argentina<\/strong>, los l\u00edderes de las instituciones vitivin\u00edcolas oficiales realizaron un llamado a la uni\u00f3n del sector y anunciaron medidas de apoyo a los peque\u00f1os y medianos productores.<\/p>\n\n\n\n<p>En este marco, se reconoci\u00f3 la trayectoria de <strong>25 pioneros y desarrolladores del sector vitivin\u00edcola (ver lista m\u00e1s abajo)<\/strong>. Asimismo, durante la jornada se realiz\u00f3 la <strong>40\u00b0 Reuni\u00f3n del Consejo Federal Agropecuario (CFA)<\/strong> en la provincia de <strong>Mendoza <\/strong>y se present\u00f3 en detalle el programa <strong>Proviar II<\/strong>.<\/p>\n\n\n\n<div style=\"height:20px\" aria-hidden=\"true\" class=\"wp-block-spacer\"><\/div>\n\n\n\n<div class=\"wp-block-image\"><figure class=\"aligncenter size-large is-resized\"><img loading=\"lazy\" decoding=\"async\" src=\"https:\/\/enolife.com.ar\/es\/wp-content\/uploads\/2022\/03\/vendimiainv2_2-1024x683.jpg\" alt=\"\" class=\"wp-image-55744\" width=\"569\" height=\"379\" srcset=\"https:\/\/enolife.com.ar\/es\/wp-content\/uploads\/2022\/03\/vendimiainv2_2-1024x683.jpg 1024w, https:\/\/enolife.com.ar\/es\/wp-content\/uploads\/2022\/03\/vendimiainv2_2-300x200.jpg 300w, https:\/\/enolife.com.ar\/es\/wp-content\/uploads\/2022\/03\/vendimiainv2_2-768x512.jpg 768w, https:\/\/enolife.com.ar\/es\/wp-content\/uploads\/2022\/03\/vendimiainv2_2-1536x1024.jpg 1536w, https:\/\/enolife.com.ar\/es\/wp-content\/uploads\/2022\/03\/vendimiainv2_2-1170x780.jpg 1170w, https:\/\/enolife.com.ar\/es\/wp-content\/uploads\/2022\/03\/vendimiainv2_2-585x390.jpg 585w, https:\/\/enolife.com.ar\/es\/wp-content\/uploads\/2022\/03\/vendimiainv2_2.jpg 1620w\" sizes=\"auto, (max-width: 569px) 100vw, 569px\" \/><figcaption><em><strong>Mart\u00edn Hinojosa junto a un productor<\/strong><\/em><\/figcaption><\/figure><\/div>\n\n\n\n<div style=\"height:20px\" aria-hidden=\"true\" class=\"wp-block-spacer\"><\/div>\n\n\n\n<p>El presidente del Instituto Nacional de Vitivinicultura (INV), <strong>Mart\u00edn Hinojosa<\/strong>, junto al Ministro de Agricultura, Ganader\u00eda y Pesca de la Rep\u00fablica Argentina, <strong>Juli\u00e1n Dom\u00ednguez<\/strong>, participaron del almuerzo y entrega de diplomas al <strong>\u00abReconocimiento a la trayectoria vitivin\u00edcola\u00bb.<\/strong><br>En ese contexto, durante la ma\u00f1ana del viernes 4\/3\/22, se realiz\u00f3 tambi\u00e9n la reuni\u00f3n del Consejo Federal Agropecuario, organizada entre el INV y el Ministerio de Agricultura de la Naci\u00f3n. <\/p>\n\n\n\n<div style=\"height:20px\" aria-hidden=\"true\" class=\"wp-block-spacer\"><\/div>\n\n\n\n<blockquote class=\"wp-block-quote is-layout-flow wp-block-quote-is-layout-flow\"><p>El sector necesita vender m\u00e1s y para ello es fundamental la innovaci\u00f3n en procesos, productos, envases y canales de venta&#8230; Tambi\u00e9n necesitamos mejorar la productividad y rentabilidad del sector primario, tenemos una deuda pendiente con el productor\u00bb.<\/p><cite>Mart\u00edn Hinojosa, presidente del INV<\/cite><\/blockquote>\n\n\n\n<div style=\"height:20px\" aria-hidden=\"true\" class=\"wp-block-spacer\"><\/div>\n\n\n\n<p>Mart\u00edn Hinojosa abri\u00f3 el encuentro agradeciendo la presencia del ministro Juli\u00e1n Dom\u00ednguez en una \u00e9poca tan significativa para el sector como es Vendimia, y los invit\u00f3 a pensar en pol\u00edticas que beneficien a la vitivinicultura en su conjunto y a generar espacios en donde se pueden impulsar cambios. <\/p>\n\n\n\n<p>\u00ab<em>El sector necesita vender m\u00e1s, necesita poder festejar grandes cosechas y para ello es fundamental la innovaci\u00f3n en procesos, productos, envases y canales de venta<\/em>\u00ab, arranc\u00f3 Hinojosa. Y continu\u00f3: \u00ab<em>El vino, como Bebida Nacional, tiene que volver a ser una bebida de consumo general, y esto implica tener nuevas y accesibles propuestas para consumidores de distintas edades que permitan recuperar momentos de consumo perdidos frente a otras bebidas<\/em>\u00ab.<\/p>\n\n\n\n<p>Para lograr esos objetivos, el titular del INV agreg\u00f3: \u00ab<em>Necesitamos mejorar la productividad y rentabilidad del sector primario y equilibrar la rentabilidad de todos los actores de la cadena vitivin\u00edcola. Tenemos una deuda pendiente con el productor<\/em>\u00ab.<\/p>\n\n\n\n<div style=\"height:20px\" aria-hidden=\"true\" class=\"wp-block-spacer\"><\/div>\n\n\n\n<p class=\"has-medium-font-size\"><strong>El programa para impulsar y fortalecer a la vitivinicultura<\/strong><\/p>\n\n\n\n<p>En la jornada tambi\u00e9n se present\u00f3 la segunda edici\u00f3n del <strong>Programa de Apoyo a Peque\u00f1os Productores Vitivin\u00edcolas en Argentina (Proviar II) <\/strong>que tiene por objetivo fortalecer la sostenibilidad ambiental, social y productiva del sector vitivin\u00edcola. Esta l\u00ednea cuenta con un financiamiento del Banco Interamericano de Desarrollo por un monto total de <strong>40 millones de d\u00f3lares<\/strong> para realizar inversiones en tres ejes principales: Modernizaci\u00f3n tecnol\u00f3gica y planes integrados de negocios vitivin\u00edcolas; Est\u00edmulos a la creaci\u00f3n y fortalecimiento del sector de servicios; y Fortalecimiento de la capacidad y articulaci\u00f3n institucional.<\/p>\n\n\n\n<div style=\"height:20px\" aria-hidden=\"true\" class=\"wp-block-spacer\"><\/div>\n\n\n\n<blockquote class=\"wp-block-quote is-layout-flow wp-block-quote-is-layout-flow\"><p>Argentina puede venderle al mundo todo lo que produce, y para nosotros debe ser un desaf\u00edo el aumento de la productividad, con el trabajo articulado en las instituciones de gobierno y los productores\u00bb<em>.<\/em><\/p><cite>Juli\u00e1n Dom\u00ednguez, ministro de Agricultura, Ganader\u00eda y Pesca de Argentina<\/cite><\/blockquote>\n\n\n\n<div style=\"height:28px\" aria-hidden=\"true\" class=\"wp-block-spacer\"><\/div>\n\n\n\n<p>En este sentido, el ministro Juli\u00e1n Dom\u00ednguez afirm\u00f3: \u00ab<em>El Proviar II es una respuesta a la demanda de los productores, de financiamiento e impulso para aumentar nuestra productividad<\/em>\u00ab. Y continu\u00f3: \u00ab<em>Si un mensaje podemos darles a nuestros empresarios, a nuestros inversores, a la dirigencia pol\u00edtica, es que Argentina puede venderle al mundo todo lo que produce y para nosotros tiene que ser un desaf\u00edo de aumento de productividad, con el trabajo articulado de Naci\u00f3n, las provincias, el INTA, el Senasa, las universidades y los colegios agropecuarios<\/em>\u00ab.<\/p>\n\n\n\n<p>Sobre la administraci\u00f3n de los fondos del Proviar II, Hinojosa destac\u00f3: \u00ab<em>Hoy me toca asumir una gran responsabilidad, que es conducir los destinos de un programa financiado por el BID para el sector vitivin\u00edcola. Quiero ser justo con el gobierno nacional, es la \u00fanica econom\u00eda regional del pa\u00eds que va a recibir un pr\u00e9stamo con estas caracter\u00edsticas, pr\u00e9stamo que el sector viene pidiendo y este gobierno est\u00e1 concretando. Es una gran oportunidad para cambiar aquello que entendemos que debe mejorar en la vitivinicultura y para que productores, bodegas y entidades representativas del sector podamos trabajar en conjunto<\/em>\u00ab.<\/p>\n\n\n\n<div style=\"height:20px\" aria-hidden=\"true\" class=\"wp-block-spacer\"><\/div>\n\n\n\n<p class=\"has-medium-font-size\"><strong>Entrega de reconocimientos a la trayectoria<\/strong><\/p>\n\n\n\n<p>Dom\u00ednguez e Hinojosa, junto a <strong>Jos\u00e9 Zuccardi, titular de la Corporaci\u00f3n Vitivin\u00edcola Argentina (Coviar)<\/strong>, y a otros dirigentes presentes, entregaron un reconocimiento a la trayectoria a productores, bodegueros, en\u00f3logos e investigadores que han contribuido al crecimiento de la vitivinicultura argentina.<\/p>\n\n\n\n<div style=\"height:20px\" aria-hidden=\"true\" class=\"wp-block-spacer\"><\/div>\n\n\n\n<div class=\"wp-block-image\"><figure class=\"aligncenter size-large is-resized\"><img loading=\"lazy\" decoding=\"async\" src=\"https:\/\/enolife.com.ar\/es\/wp-content\/uploads\/2022\/03\/premio-gabriela-olea.jpg\" alt=\"\" class=\"wp-image-55738\" width=\"573\" height=\"390\" srcset=\"https:\/\/enolife.com.ar\/es\/wp-content\/uploads\/2022\/03\/premio-gabriela-olea.jpg 734w, https:\/\/enolife.com.ar\/es\/wp-content\/uploads\/2022\/03\/premio-gabriela-olea-300x204.jpg 300w, https:\/\/enolife.com.ar\/es\/wp-content\/uploads\/2022\/03\/premio-gabriela-olea-585x399.jpg 585w\" sizes=\"auto, (max-width: 573px) 100vw, 573px\" \/><figcaption><em><strong>Juli\u00e1n Dom\u00ednguez, Gabriela Olea, Mart\u00edn Hinojosa, Anabel Fern\u00e1ndez Sagasti y Nicol\u00e1s Vicchi<\/strong><\/em><\/figcaption><\/figure><\/div>\n\n\n\n<div style=\"height:20px\" aria-hidden=\"true\" class=\"wp-block-spacer\"><\/div>\n\n\n\n<p class=\"has-background has-very-light-gray-background-color\"><strong>Para conocer el listado de las personalidades distinguidas, clickear <a href=\"https:\/\/www.argentina.gob.ar\/sites\/default\/files\/reconocimientos_a_la_trayectoria_vitivinicola.pdf\">AQU\u00cd <\/a><\/strong><\/p>\n\n\n\n<div style=\"height:20px\" aria-hidden=\"true\" class=\"wp-block-spacer\"><\/div>\n\n\n\n<p class=\"has-medium-font-size\"><strong>Impulso a la Denominaci\u00f3n de Origen \u00abPatagonia Argentina\u00bb<\/strong><\/p>\n\n\n\n<p>Los representantes argentinos del sector en el mundo analizaron, junto a ministros provinciales, el escenario de la producci\u00f3n argentina frente a la compleja coyuntura geopol\u00edtica. Adem\u00e1s, se acord\u00f3 avanzar en una declaraci\u00f3n conjunta del CFA para impulsar la <strong>Denominaci\u00f3n de Origen \u00abPatagonia Argentina\u00bb.<\/strong><\/p>\n\n\n\n<div style=\"height:20px\" aria-hidden=\"true\" class=\"wp-block-spacer\"><\/div>\n\n\n\n<h4 class=\"has-vivid-red-color has-text-color wp-block-heading\">En la reuni\u00f3n del Consejo Federal Agropecuario participaron los agregados agr\u00edcolas de las embajadas argentinas ante Rusia, la Uni\u00f3n Europea, Estados Unidos, Brasil, China e India. Analizaron la coyuntura geopol\u00edtica en el escenario global.<\/h4>\n\n\n\n<div style=\"height:20px\" aria-hidden=\"true\" class=\"wp-block-spacer\"><\/div>\n\n\n\n<p>En la <strong>40\u00b0 Reuni\u00f3n del Consejo Federal Agropecuario (CFA)<\/strong> celebrada durante el encuentro en <strong>Maip\u00fa, Mendoza<\/strong>, participaron representantes de todas las provincias argentinas y los titulares de las Consejer\u00edas Agr\u00edcolas en Rusia, la Uni\u00f3n Europea, Estados Unidos, Brasil, China e India. La organizaci\u00f3n fue responsabilidad del INV, organismo descentralizado del Ministerio de Agricultura, que tiene su sede central en Mendoza.<\/p>\n\n\n\n<div style=\"height:20px\" aria-hidden=\"true\" class=\"wp-block-spacer\"><\/div>\n\n\n\n<div class=\"wp-block-image\"><figure class=\"aligncenter size-large is-resized\"><img loading=\"lazy\" decoding=\"async\" src=\"https:\/\/enolife.com.ar\/es\/wp-content\/uploads\/2022\/03\/vendimiainv2_1.jpg\" alt=\"\" class=\"wp-image-55741\" width=\"562\" height=\"304\" srcset=\"https:\/\/enolife.com.ar\/es\/wp-content\/uploads\/2022\/03\/vendimiainv2_1.jpg 923w, https:\/\/enolife.com.ar\/es\/wp-content\/uploads\/2022\/03\/vendimiainv2_1-300x163.jpg 300w, https:\/\/enolife.com.ar\/es\/wp-content\/uploads\/2022\/03\/vendimiainv2_1-768x416.jpg 768w, https:\/\/enolife.com.ar\/es\/wp-content\/uploads\/2022\/03\/vendimiainv2_1-585x317.jpg 585w\" sizes=\"auto, (max-width: 562px) 100vw, 562px\" \/><figcaption><em><strong>Mart\u00edn Hinojosa y Juli\u00e1n Dom\u00ednguez junto a los agregados agr\u00edcolas de otros pa\u00edses<\/strong><\/em><\/figcaption><\/figure><\/div>\n\n\n\n<div style=\"height:20px\" aria-hidden=\"true\" class=\"wp-block-spacer\"><\/div>\n\n\n\n<p>\u00ab<em>Este encuentro tiene la caracter\u00edstica particular que se da en el marco de un escenario global que nos involucra de lleno a nosotros como pa\u00eds productor de alimentos. Tenemos siete destinos donde la Argentina defini\u00f3, como pol\u00edtica de estado, tener agregados agr\u00edcolas. Su presencia debe servirnos a todos, es la representaci\u00f3n de los negocios del sector agroindustrial en el exterior, y es muy importante que los ministros provinciales cuenten con su visi\u00f3n<\/em>\u00ab, sostuvo Juli\u00e1n Dom\u00ednguez.<\/p>\n\n\n\n<p>Y agreg\u00f3: \u00ab<em>Frente al cambio clim\u00e1tico y al nuevo contexto mundial, la autonom\u00eda estrat\u00e9gica es lo que constituye nuestra fortaleza. Estamos poniendo a nuestros mejores representantes y t\u00e9cnicos a repensar por donde podemos alentar nuestras inversiones y nuestras capacidades nacionales\u00bb. Y a\u00f1adi\u00f3: \u00abArgentina debe avanzar en la certificaci\u00f3n de su producci\u00f3n, en el agregado de valor, la incorporaci\u00f3n de tecnolog\u00eda y de desarrollo cient\u00edfico para ampliar mercados en todo el mundo<\/em>\u00ab.<\/p>\n\n\n\n<p>Por su parte, el presidente del Instituto Nacional de Vitivinicultura (INV), Martin Hinojosa, se\u00f1al\u00f3 que \u00ab<em>la presencia de las provincias junto a los agregados agr\u00edcolas en el mundo, es una oportunidad sumamente importante para plantear temas que no solamente hacen a la vitivinicultura sino a esta necesidad que venimos viendo hace muchos a\u00f1os que es el sistema h\u00eddrico. Vamos a tener la posibilidad de analizar c\u00f3mo nos tenemos que preparar y cu\u00e1les son los desaf\u00edos que se desprenden de esta situaci\u00f3n internacional<\/em>\u00ab.<\/p>\n\n\n\n<div style=\"height:20px\" aria-hidden=\"true\" class=\"wp-block-spacer\"><\/div>\n\n\n\n<p class=\"has-background has-very-light-gray-background-color\"><strong>En defensa de la DOC Patagonia Argentina<\/strong><br><br>En la reuni\u00f3n, el Consejo Federal Agropecuario se comprometi\u00f3 en trabajar en la elaboraci\u00f3n de una declaraci\u00f3n conjunta para impulsar la Denominaci\u00f3n de Origen \u00abPatagonia Argentina\u00bb para todas las producciones agroalimentarias de esa regi\u00f3n del pa\u00eds.<\/p>\n\n\n\n<div style=\"height:20px\" aria-hidden=\"true\" class=\"wp-block-spacer\"><\/div>\n\n\n\n<p>Al respecto, Dom\u00ednguez sostuvo que \u00ab<em>la Patagonia es geopol\u00edticamente estrat\u00e9gica para la Argentina\u00bb y afirm\u00f3 que \u00abavanzar en la certificaci\u00f3n de origen es darle valor a la producci\u00f3n de esa regi\u00f3n y su carta de presentaci\u00f3n ante el mundo<\/em>\u00ab.<\/p>\n\n\n\n<p>Hinojosa agreg\u00f3 que el INV est\u00e1 fuertemente comprometido en proteger a los numerosos productores vitivin\u00edcolas que solicitan reiteradamente el leg\u00edtimo derecho al uso de la de la denominaci\u00f3n Patagonia para vi\u00f1edos y bodegas radicados en esa \u00e1rea geogr\u00e1fica.<\/p>\n\n\n\n<div style=\"height:50px\" aria-hidden=\"true\" class=\"wp-block-spacer\"><\/div>\n","protected":false},"excerpt":{"rendered":"<p>Durante un encuentro el 4\/3\/22 en Maip\u00fa, Mendoza, que congreg\u00f3 a unos 600 productores, pol\u00edticos,&hellip;<\/p>\n","protected":false},"author":3,"featured_media":55743,"comment_status":"open","ping_status":"open","sticky":false,"template":"","format":"standard","meta":{"footnotes":""},"categories":[14],"tags":[],"class_list":["post-55674","post","type-post","status-publish","format-standard","has-post-thumbnail","hentry","category-news"],"_links":{"self":[{"href":"https:\/\/enolife.com.ar\/es\/wp-json\/wp\/v2\/posts\/55674","targetHints":{"allow":["GET"]}}],"collection":[{"href":"https:\/\/enolife.com.ar\/es\/wp-json\/wp\/v2\/posts"}],"about":[{"href":"https:\/\/enolife.com.ar\/es\/wp-json\/wp\/v2\/types\/post"}],"author":[{"embeddable":true,"href":"https:\/\/enolife.com.ar\/es\/wp-json\/wp\/v2\/users\/3"}],"replies":[{"embeddable":true,"href":"https:\/\/enolife.com.ar\/es\/wp-json\/wp\/v2\/comments?post=55674"}],"version-history":[{"count":0,"href":"https:\/\/enolife.com.ar\/es\/wp-json\/wp\/v2\/posts\/55674\/revisions"}],"wp:featuredmedia":[{"embeddable":true,"href":"https:\/\/enolife.com.ar\/es\/wp-json\/wp\/v2\/media\/55743"}],"wp:attachment":[{"href":"https:\/\/enolife.com.ar\/es\/wp-json\/wp\/v2\/media?parent=55674"}],"wp:term":[{"taxonomy":"category","embeddable":true,"href":"https:\/\/enolife.com.ar\/es\/wp-json\/wp\/v2\/categories?post=55674"},{"taxonomy":"post_tag","embeddable":true,"href":"https:\/\/enolife.com.ar\/es\/wp-json\/wp\/v2\/tags?post=55674"}],"curies":[{"name":"wp","href":"https:\/\/api.w.org\/{rel}","templated":true}]}}