{"id":5567,"date":"2019-12-04T15:52:47","date_gmt":"2019-12-04T15:52:47","guid":{"rendered":"http:\/\/enolife.com.ar\/es\/?p=5567"},"modified":"2019-12-07T14:59:15","modified_gmt":"2019-12-07T14:59:15","slug":"sin-aviones-antigranizo-el-valle-de-uco-pide-al-gobierno-colocar-mas-difusores-de-yoduro-de-plata","status":"publish","type":"post","link":"https:\/\/enolife.com.ar\/es\/sin-aviones-antigranizo-el-valle-de-uco-pide-al-gobierno-colocar-mas-difusores-de-yoduro-de-plata\/","title":{"rendered":"Sin aviones antigranizo, el Valle de Uco pide al gobierno colocar m\u00e1s difusores de yoduro de plata"},"content":{"rendered":"\n<h4 class=\"wp-block-heading\"><em><strong>En San Carlos, Tunuy\u00e1n y Tupungato, por razones de seguridad a causa de la topograf\u00eda monta\u00f1osa, la empresa que realiza los vuelos no opera desde 2005, cuando cay\u00f3 un avi\u00f3n y murieron los dos pilotos. Ante esta carencia, tras la \u00faltima tormenta de granizo, la Sociedad Rural requiri\u00f3 a funcionarios ampliar al doble la red de 10 generadores de superficie que existe actualmente.<\/strong><\/em><strong><em> <\/em><\/strong><\/h4>\n\n\n\n<div style=\"height:31px\" aria-hidden=\"true\" class=\"wp-block-spacer\"><\/div>\n\n\n\n<p>El pasado lunes 2\/11 por la noche -como lo anticiparon los pron\u00f3sticos-, una fuerte tormenta con granizo cay\u00f3 en varias zonas del Valle de Uco. Los lugares m\u00e1s afectados fueron varios distritos de San Carlos -La Consulta, El Cepillo y Eugenio Bustos principalmente-, algunas zonas de Tunuy\u00e1n, y Gualtallary, en Tupungato.<\/p>\n\n\n\n<p>Tras la tormenta, funcionarios de Agricultura del gobierno provincial, junto a t\u00e9cnicos de la Direcci\u00f3n de Contingencias Clim\u00e1ticas y del Consejo Nacional de Investigaciones Cient\u00edficas y T\u00e9cnicas (Conicet) se trasladaron a la sede de la Sociedad Rural del Valle de Uco, en San Carlos, para evaluar junto a los productores los da\u00f1os y las distintas acciones que se encarar\u00e1n para mitigarlos, tales como <strong>asistencia financiera<\/strong> y <strong>gesti\u00f3n de seguros<\/strong> contra inclemencias clim\u00e1ticas. <\/p>\n\n\n\n<p>Adem\u00e1s, uno de los temas m\u00e1s importantes que se trat\u00f3 fue la necesidad de <strong>sumar en la zona m\u00e1s generadores de superficie<\/strong> -equipos que difunden a la atm\u00f3sfera <strong>yoduro de plata<\/strong>, la sustancia que puede disipar las concentraciones de granizo en las nubes. <\/p>\n\n\n\n<p>Es que, tras <strong>un desgraciado accidente que ocurri\u00f3 el 7 de febrero de 2005, <\/strong>cuando un avi\u00f3n de la lucha antigranizo se estrell\u00f3 muriendo los dos pilotos, los vuelos en el Valle de Uco quedaron suspendidos, y nunca se reanudaron por cuestiones de seguridad en la dif\u00edcil zona monta\u00f1osa donde se generan las nubes graniceras. De manera que los difusores -junto a los quemadores de bengalas- son el instrumento principal para combatir del da\u00f1ino fen\u00f3meno.   <\/p>\n\n\n\n<div style=\"height:33px\" aria-hidden=\"true\" class=\"wp-block-spacer\"><\/div>\n\n\n\n<div class=\"wp-block-image\"><figure class=\"alignleft is-resized\"><img loading=\"lazy\" decoding=\"async\" src=\"https:\/\/enolife.com.ar\/es\/wp-content\/uploads\/2019\/12\/generador-576x1024.jpeg\" alt=\"\" class=\"wp-image-5572\" width=\"195\" height=\"348\"\/><\/figure><\/div>\n\n\n\n<p class=\"has-background has-very-light-gray-background-color\"><strong>Qu\u00e9 es un generador de superficie<\/strong><br><br>El llamado \u00abGenerador de Superficie de n\u00facleos de AgI (yoduro de plata)\u00bb es un dispositivo instalado a nivel del suelo, dise\u00f1ado con el prop\u00f3sito de emitir a la atm\u00f3sfera n\u00facleos de congelaci\u00f3n en la zona de formaci\u00f3n y g\u00e9nesis de tormentas del Valle de Uco. Debido a que las operaciones a\u00e9reas en el Valle de Uco se encuentran suspendidas por razones de seguridad, queda m\u00e1s de un 80% de este oasis cultivado fuera de las actuaciones de siembra con aviones. De este modo, la siembra de nubes por Generadores de Superficie es un complemento a la siembra de nubes por aviones con el objetivo de lograr una mejor cobertura. Los Generadores de Superficie en Mendoza fueron instalados en posiciones fijas, en la regi\u00f3n monta\u00f1osa ubicada a barlovento de la zona a proteger del Valle de Uco y Oeste de Luj\u00e1n (Zona de G\u00e9nesis de Tormentas), de manera tal que el viento y la turbulencia natural eleve el material de siembra, y ayuden a la dispersi\u00f3n hacia las nubes. <\/p>\n\n\n\n<div style=\"height:52px\" aria-hidden=\"true\" class=\"wp-block-spacer\"><\/div>\n\n\n\n<p>En el encuentro se record\u00f3 que, al inicio de la gesti\u00f3n del actual gobierno, en diciembre de 2015, en Tunuy\u00e1n, Tupungato y San Carlos hab\u00eda s\u00f3lo 2 generadores de superficie funcionando, y <strong>actualmente hay 10 activos.<\/strong> Esta red fue aumentada, precisamente, para compensar la carencia de los vuelos de aviones antigraniceros. <\/p>\n\n\n\n<p>Productores y funcionarios coincidieron en la necesidad de ampliar este sistema, en lo posible al doble de instalaciones, dado que las hect\u00e1reas cultivadas tambi\u00e9n se han incrementado. Por ello, al equipo de la direcci\u00f3n de Contingencias Clim\u00e1ticas del Valle de Uco que recorri\u00f3 la zona tambi\u00e9n se le sum\u00f3 el investigador del Conicet y asesor cient\u00edfico de la Direcci\u00f3n, Alejandro Latorre. La propuesta de aumentar el n\u00famero de instalaciones con generadores de superficie fue hecha en las instalaciones de la Sociedad Rural, en San Carlos. Se inici\u00f3 as\u00ed una etapa de evaluaci\u00f3n sobre este nuevo proyecto, que ampliar\u00e1 la cobertura notoriamente.<\/p>\n\n\n\n<div style=\"height:20px\" aria-hidden=\"true\" class=\"wp-block-spacer\"><\/div>\n\n\n\n<div class=\"wp-block-image\"><figure class=\"alignright\"><img loading=\"lazy\" decoding=\"async\" width=\"484\" height=\"300\" src=\"https:\/\/enolife.com.ar\/es\/wp-content\/uploads\/2019\/12\/image-7.png\" alt=\"\" class=\"wp-image-5581\" srcset=\"https:\/\/enolife.com.ar\/es\/wp-content\/uploads\/2019\/12\/image-7.png 484w, https:\/\/enolife.com.ar\/es\/wp-content\/uploads\/2019\/12\/image-7-300x186.png 300w\" sizes=\"auto, (max-width: 484px) 100vw, 484px\" \/><\/figure><\/div>\n\n\n\n<div style=\"height:20px\" aria-hidden=\"true\" class=\"wp-block-spacer\"><\/div>\n\n\n\n<p>Los funcionarios de la Subsecretar\u00eda de Agricultura del Gobierno de Mendoza recorrieron varias zonas afectadas junto a los productores locales nucleados en la Sociedad Rural del Valle de Uco. All\u00ed estuvieron el director de Contingencias Clim\u00e1ticas, Julio Eluani; el investigador del Conicet y asesor cient\u00edfico de Contingencias Clim\u00e1ticas, Alejandro Latorre; el presidente de la Sociedad Rural, Mario Leiva, miembros de la comisi\u00f3n directiva de esa entidad y productores.<\/p>\n\n\n\n<div style=\"height:77px\" aria-hidden=\"true\" class=\"wp-block-spacer\"><\/div>\n\n\n\n<p class=\"has-medium-font-size\"><strong>Desde hoy se pueden hacer denuncias de da\u00f1os a Contigencias Clim\u00e1ticas<\/strong><\/p>\n\n\n\n<div style=\"height:20px\" aria-hidden=\"true\" class=\"wp-block-spacer\"><\/div>\n\n\n\n<p>\u201cLamentablemente hemos tenido una fuerte tormenta que ha producido da\u00f1os en nuestros cultivos, principalmente de vid y frutales, por lo que nuestros t\u00e9cnicos est\u00e1n recorriendo la zona. La medida m\u00e1s importante que tenemos ahora es abrir el registro de denuncias, en donde comienza a operar el Seguro Agr\u00edcola, el Fondo Compensador Agr\u00edcola, y podemos empezar a emitir certificados de emergencias y desastres seg\u00fan corresponda, para que los productores puedan protegerse ante la situaci\u00f3n\u201d, explic\u00f3 Eluani.<\/p>\n\n\n\n<p>El funcionario destac\u00f3 que \u201cel Gobierno provincial busca a trav\u00e9s de estos mecanismos ayudar al productor. Por ello, ya a partir del mi\u00e9rcoles -por hoy 4\/12\/19- pueden dirigirse a las delegaciones de la Direcci\u00f3n de Contingencias Clim\u00e1ticas o a las oficinas de la Sociedad Rural del Valle de Uco para hacer las denuncias correspondientes\u201d.<\/p>\n\n\n\n<p> Las actividades finalizaron en Tupungato, y por la tarde junto a autoridades de ese municipio se recorrieron tambi\u00e9n las zonas afectadas.  <\/p>\n\n\n\n<p class=\"has-small-font-size\"><em><strong>Fuente: Gobierno de Mendoza<\/strong><\/em><\/p>\n\n\n\n<div style=\"height:20px\" aria-hidden=\"true\" class=\"wp-block-spacer\"><\/div>\n","protected":false},"excerpt":{"rendered":"<p>En San Carlos, Tunuy\u00e1n y Tupungato, por razones de seguridad a causa de la topograf\u00eda&hellip;<\/p>\n","protected":false},"author":3,"featured_media":5584,"comment_status":"open","ping_status":"open","sticky":false,"template":"","format":"standard","meta":{"footnotes":""},"categories":[14],"tags":[],"class_list":["post-5567","post","type-post","status-publish","format-standard","has-post-thumbnail","hentry","category-news"],"_links":{"self":[{"href":"https:\/\/enolife.com.ar\/es\/wp-json\/wp\/v2\/posts\/5567","targetHints":{"allow":["GET"]}}],"collection":[{"href":"https:\/\/enolife.com.ar\/es\/wp-json\/wp\/v2\/posts"}],"about":[{"href":"https:\/\/enolife.com.ar\/es\/wp-json\/wp\/v2\/types\/post"}],"author":[{"embeddable":true,"href":"https:\/\/enolife.com.ar\/es\/wp-json\/wp\/v2\/users\/3"}],"replies":[{"embeddable":true,"href":"https:\/\/enolife.com.ar\/es\/wp-json\/wp\/v2\/comments?post=5567"}],"version-history":[{"count":0,"href":"https:\/\/enolife.com.ar\/es\/wp-json\/wp\/v2\/posts\/5567\/revisions"}],"wp:featuredmedia":[{"embeddable":true,"href":"https:\/\/enolife.com.ar\/es\/wp-json\/wp\/v2\/media\/5584"}],"wp:attachment":[{"href":"https:\/\/enolife.com.ar\/es\/wp-json\/wp\/v2\/media?parent=5567"}],"wp:term":[{"taxonomy":"category","embeddable":true,"href":"https:\/\/enolife.com.ar\/es\/wp-json\/wp\/v2\/categories?post=5567"},{"taxonomy":"post_tag","embeddable":true,"href":"https:\/\/enolife.com.ar\/es\/wp-json\/wp\/v2\/tags?post=5567"}],"curies":[{"name":"wp","href":"https:\/\/api.w.org\/{rel}","templated":true}]}}