{"id":55495,"date":"2022-03-03T16:46:13","date_gmt":"2022-03-03T16:46:13","guid":{"rendered":"http:\/\/enolife.com.ar\/es\/?p=55495"},"modified":"2022-03-04T12:23:14","modified_gmt":"2022-03-04T12:23:14","slug":"la-coviar-mostrara-los-resultados-del-1er-ano-del-pevi-2030-en-el-tradicional-desayuno-vendimial","status":"publish","type":"post","link":"https:\/\/enolife.com.ar\/es\/la-coviar-mostrara-los-resultados-del-1er-ano-del-pevi-2030-en-el-tradicional-desayuno-vendimial\/","title":{"rendered":"La Coviar mostrar\u00e1 los resultados del 1er a\u00f1o del PEVI 2030 en el tradicional desayuno vendimial"},"content":{"rendered":"\n<h4 class=\"wp-block-heading\"><em><strong>El s\u00e1bado 5\/3 se llevar\u00e1 a cabo una nueva edici\u00f3n del desayuno de la Corporaci\u00f3n Vitivin\u00edcola Argentina (Coviar) en el marco del calendario de Vendimia 2022. Un a\u00f1o despu\u00e9s del lanzamiento del Plan Estrat\u00e9gico Vitivin\u00edcola (PEVI) al 2030, se presentar\u00e1n los principales avances de gesti\u00f3n vinculados a los ejes centrales del Plan: Mercado Externo, Mercado Interno, Turismo del Vino, Producci\u00f3n Primaria y Sostenibilidad. El Desayuno se realizar\u00e1 el hotel Park Hyatt Mendoza y adem\u00e1s se transmitir\u00e1 en vivo por el&nbsp;<a href=\"https:\/\/www.youtube.com\/c\/CoviarVideos\" target=\"_blank\" rel=\"noreferrer noopener\">canal de YouTube de COVIAR<\/a>&nbsp;y podr\u00e1 seguirse en redes sociales.<\/strong><\/em><\/h4>\n\n\n\n<div style=\"height:20px\" aria-hidden=\"true\" class=\"wp-block-spacer\"><\/div>\n\n\n\n\n\n<div style=\"height:51px\" aria-hidden=\"true\" class=\"wp-block-spacer\"><\/div>\n\n\n\n<p>En el a\u00f1o 2004 se puso en marcha el <strong>Plan Estrat\u00e9gico Vitivin\u00edcola (PEVI) al 2020<\/strong>, junto a la creaci\u00f3n de la Corporaci\u00f3n Vitivin\u00edcola Argentina (Coviar) a trav\u00e9s de la Ley Nacional 25.849. Pasados los 20 a\u00f1os, en el 2021 se present\u00f3, en el desayuno vendimial de la entidad el siguiente plan, <strong>PEVI 2030<\/strong> que incluye nuevos aportes en la visi\u00f3n, misi\u00f3n, ejes y objetivos estrat\u00e9gicos para el desarrollo de los pr\u00f3ximos 10 a\u00f1os de una actividad presente hoy en 18 provincias del pa\u00eds.<\/p>\n\n\n\n<p>A un a\u00f1o del lanzamiento del Plan, la Coviar presentar\u00e1, el 5\/3 en el hotel Park Hyatt de Mendoza, los avances de la gesti\u00f3n y resultados obtenidos, en el tradicional <strong>Desayuno de la Coviar<\/strong>, con la participaci\u00f3n de autoridades nacionales, funcionarios nacionales, provinciales y municipales, junto a empresarios, dirigentes, periodistas y actores clave para la vitivinicultura argentina.<\/p>\n\n\n\n<div style=\"height:20px\" aria-hidden=\"true\" class=\"wp-block-spacer\"><\/div>\n\n\n\n<p class=\"has-background has-very-light-gray-background-color\"><strong>Para aquellos que no puedan asistir, podr\u00e1n participar a trav\u00e9s de la transmisi\u00f3n por televisi\u00f3n abierta y streaming en: <a href=\"https:\/\/www.youtube.com\/c\/CoviarVideos\" target=\"_blank\" rel=\"noreferrer noopener\">canal de YouTube de COVIAR<\/a><\/strong><\/p>\n\n\n\n<div style=\"height:20px\" aria-hidden=\"true\" class=\"wp-block-spacer\"><\/div>\n\n\n\n<p>Los anfitriones ser\u00e1n  el gobernador de Mendoza, <strong>Rodolfo Su\u00e1rez<\/strong>, y el presidente de Coviar, <strong>Jos\u00e9 Alberto Zuccardi<\/strong>, y se espera la visita a Mendoza del ministro de Agricultura, Ganader\u00eda y Pesca, <strong>Juli\u00e1n Dom\u00ednguez<\/strong>, su par de Desarrollo Productivo, <strong>Mat\u00edas Kulfas<\/strong>, la secretaria de Promoci\u00f3n Tur\u00edstica de la Naci\u00f3n, <strong>Yanina Mart\u00ednez<\/strong>, gobernadores provinciales, dirigentes nacionales, legisladores y empresarios.<\/p>\n\n\n\n<p>La tem\u00e1tica de este encuentro estar\u00e1 focalizada en los ejes centrales del Plan y sus resultados a un a\u00f1o de su puesta en marcha:&nbsp;<strong>Mercado Externo<\/strong>,&nbsp;<strong>Mercado Interno<\/strong>,&nbsp;<strong>Turismo del Vino<\/strong>,&nbsp;<strong>Producci\u00f3n Primaria<\/strong>&nbsp;y&nbsp;<strong>Sostenibilidad<\/strong>. <\/p>\n\n\n\n<p>Al respecto, desde la Coviar ha elaborado un detalle en el que comunican cu\u00e1les fueron los logros en cada uno de los ejes, y que detallamos a continuaci\u00f3n.<\/p>\n\n\n\n<div style=\"height:20px\" aria-hidden=\"true\" class=\"wp-block-spacer\"><\/div>\n\n\n\n<p class=\"has-background has-very-light-gray-background-color\"><strong>Mercado Externo<\/strong><\/p>\n\n\n\n<ul class=\"wp-block-list\"><li>Argentina&nbsp;alcanz\u00f3 su mayor valor en la historia para&nbsp;las exportaciones de vinos fraccionados con <strong>U$S 888,5 millones y U$S1.006 millones<\/strong> en exportaciones entre vinos fraccionados, a granel y mosto.<\/li><li>En alianza con Wine Folly, se cre\u00f3 la <strong>Gu\u00eda Digital de Argentina<\/strong> de la que participaron de forma gratuita y voluntaria 341 bodegas con 1.339&nbsp;de sus vinos cargados.<\/li><li>Se cre\u00f3 la unidad ejecutora de <strong>Pymes Exportadoras<\/strong> y desde ah\u00ed junto con el <strong>Consejo Federal de Inversiones (CFI)<\/strong>, en alianza con los gobiernos provinciales se realizaron capacitaciones gratuitas para bodegas pymes de todo el pa\u00eds.<\/li><li>Se <strong>eliminaron los derechos de exportaci\u00f3n para todas las bodegas pymes <\/strong>que al a\u00f1o exporten por hasta U$S500.000, <strong>beneficiando a 364 exportadores<\/strong> que representan el 80% del total; y una reducci\u00f3n a la mitad para los que venden hasta U$S1 mill\u00f3n por a\u00f1o, alivi\u00e1ndole la carga a otros 26 establecimientos.<\/li><li>Se logr\u00f3 que un producto con gran potencial exportador como el <strong>vermut<\/strong> tenga derechos de exportaci\u00f3n cero (Tasa 0%).<\/li><\/ul>\n\n\n\n<div style=\"height:20px\" aria-hidden=\"true\" class=\"wp-block-spacer\"><\/div>\n\n\n\n<p class=\"has-background has-medium-font-size has-very-light-gray-background-color\"><strong>Mercado Interno<\/strong><\/p>\n\n\n\n<ul class=\"wp-block-list\"><li>El <strong>71%<\/strong> de todo el vino que se produce en el pa\u00eds se vendi\u00f3 y consumi\u00f3 en el mercado interno. <\/li><li><strong>Se renov\u00f3 la campa\u00f1a<\/strong> de promoci\u00f3n gen\u00e9rica <strong>Vino Argentino<\/strong> que desde 2005 coordina el Fondo Vitivin\u00edcola, haciendo foco en la diversidad de propuestas con las que el vino se vincula con sus consumidores, especialmente con los m\u00e1s j\u00f3venes.<\/li><li>Se ampli\u00f3 el calendario de celebraci\u00f3n del Vino Argentino con la <strong>Semana del Bonarda<\/strong>, la uva tinta m\u00e1s cultivada, que se une a la del Malbec y la del Torront\u00e9s.<\/li><li>Se form\u00f3 parte del proyecto liderado por los gobiernos de la Ciudad Aut\u00f3noma de Buenos Aires y Mendoza para crear \u201cEl distrito del Vino\u201d, un espacio para la actividad de las provincias productoras de vino en la Ciudad de Buenos Aires.<\/li><li>Junto con el Ministerio de Econom\u00eda, Mendoza Fiduciaria y ProMendoza, se acompa\u00f1\u00f3 el armado de un operativo de compra con cupo asegurado de <strong>1,5 millones de botellas<\/strong> para beneficiar a 35 bodegas en una operatoria que super\u00f3 los <strong>$45 millones<\/strong>.<\/li><\/ul>\n\n\n\n<div style=\"height:20px\" aria-hidden=\"true\" class=\"wp-block-spacer\"><\/div>\n\n\n\n<p class=\"has-background has-medium-font-size has-very-light-gray-background-color\"><strong>Turismo del Vino<\/strong><\/p>\n\n\n\n<p>El turismo es uno de los motores del crecimiento de la vitivinicultura argentina. Con m\u00e1s de 300 bodegas abiertas en 16 destinos distintos a nivel pa\u00eds, que atraen por a\u00f1o a m\u00e1s de 2 millones de visitantes, el turismo del vino es una actividad econ\u00f3mica integradora, generadora de inversiones y creadora de empleos que tom\u00f3 un decidido impulso para alcanzar un desarrollo federal e inclusivo.<\/p>\n\n\n\n<p>En 2021, y tras el duro impacto de la crisis del Covid se logr\u00f3:<\/p>\n\n\n\n<ul class=\"wp-block-list\"><li>Trabajar en alianza con el INPROTUR y la Universidad de Buenos Aires en el <strong>Observatorio Econ\u00f3mico de Turismo del Vino<\/strong>.<\/li><li>Coviar se incorpor\u00f3 como miembro de la <strong>Organizaci\u00f3n Mundial del Enoturismo<\/strong>.<\/li><li>En alianza con el Ministerio de Turismo y Deporte de la Naci\u00f3n nos se propuso actualizar el <strong>Plan de Marketing \u201cArgentina Tierra de Vinos\u201d<\/strong> para el mercado interno y para conocer la demanda post pandemia.<\/li><li><strong>Se lanz\u00f3 un Plan de Marketing Internacional del Turismo del Vino de Argentina<\/strong> para el mundo.<\/li><li>En Tucum\u00e1n se difundieron los destinos enotur\u00edsticos de Argentina y su oferta a los asistentes al Congreso Argentino de Empresas de Viajes y Turismo, y <strong>se formarona mujeres emprendedoras<\/strong> dentro del programa \u00abNosotras Tambi\u00e9n\u00bb.<\/li><\/ul>\n\n\n\n<div style=\"height:20px\" aria-hidden=\"true\" class=\"wp-block-spacer\"><\/div>\n\n\n\n<p class=\"has-background has-medium-font-size has-very-light-gray-background-color\"><strong>Producci\u00f3n Primaria y Sostenibilidad<\/strong><\/p>\n\n\n\n<p>En un entramado productivo diverso, la vitivinicultura argentina extiende su frontera a <strong>18 provincias productivas<\/strong> gracias al esfuerzo de m\u00e1s de <strong>17.000 productores<\/strong> que dan vida a <strong>23.699 vi\u00f1edos<\/strong> con <strong>214.798 hect\u00e1reas en producci\u00f3n<\/strong>, seg\u00fan datos del Instituto Nacional de Vitivinicultura (INV) al 2020. A su vez, la vitivinicultura argentina<strong> emplea a m\u00e1s de 385.000 personas, <\/strong>entre puestos de trabajo directos e indirectos.<\/p>\n\n\n\n<ul class=\"wp-block-list\"><li>Se firm\u00f3 un <strong>convenio con el Departamento General de Irrigaci\u00f3n de Mendoza<\/strong> para promover la eficiencia en el riego y uso de agua intrafinca.<\/li><li>Con el Ministerio de Agricultura de la Naci\u00f3n se desarroll\u00f3 <strong>una aplicaci\u00f3n<\/strong> de asesoramiento t\u00e9cnico en <strong>Buenas Pr\u00e1cticas Agr\u00edcolas (BPAs)<\/strong> para el beneficio de toda la producci\u00f3n frutihort\u00edcola de pa\u00eds.<\/li><li>Para promover la inversi\u00f3n, capacitaci\u00f3n, incorporaci\u00f3n de tecnolog\u00eda, capital de trabajo y la eficiencia en la producci\u00f3n, se trabaj\u00f3 con los Gobiernos Provinciales y el <strong>Consejo Federal de Inversiones<\/strong> (CFI) en la formulaci\u00f3n de 32 proyectos para acceder a un financiamiento total por <strong>$46 millones<\/strong> para Mendoza, San Juan y La Rioja.<\/li><li>Tambi\u00e9n con el CFI se lanz\u00f3 el <strong>programa \u201cBootcamp Ruta Sostenible<\/strong>\u201d que permiti\u00f3 trabajar con tres grupos de 23 productores y bodegueros para que apliquen la Gu\u00eda de la Sostenbilidad de COVIAR.<\/li><li>Se impuls\u00f3 el acceso a tecnolog\u00eda monitoreo por parte de los productores, instalando estaciones meteorol\u00f3gicas y oficinas t\u00e9cnicas en La Rioja, San Juan y en los oasis Sur, Este y Centro de Mendoza.<\/li><li>En articulaci\u00f3n con el Gobierno de San Juan y el INTA, se ampli\u00f3 la presencia territorial con la apertura de un nuevo <strong>Centro de Desarrollo Vit\u00edcola<\/strong> en San Mart\u00edn. Es el 14\u00ba que funciona en el pa\u00eds y brindar\u00e1 asistencia t\u00e9cnica y apoyo a 1.800 productores con 9.118 hect\u00e1reas distribuidas entre Albard\u00f3n, Angaco y San Mart\u00edn.<\/li><li>Se obtuvo financiamiento por <strong>$8,83 millones del CFI<\/strong> que permitir\u00e1 tener estudios de caracterizaci\u00f3n de todo el territorio vitivin\u00edcola de Argentina.<\/li><li>Se logr\u00f3 el aval y la priorizaci\u00f3n ante el <strong>Banco Interamericano de Desarrollo<\/strong> para llevar adelante el <strong>Proviar II<\/strong>, con un financiamiento estimado en <strong>U$S40 millones.<\/strong><\/li><\/ul>\n\n\n\n<p class=\"has-background has-very-light-gray-background-color\"><strong>M\u00e1s informaci\u00f3n sobre el PEVI2030 en <a href=\"http:\/\/www.pevi2030.com.ar\">www.pevi2030.com.ar<\/a><\/strong><\/p>\n\n\n\n<div style=\"height:33px\" aria-hidden=\"true\" class=\"wp-block-spacer\"><\/div>\n","protected":false},"excerpt":{"rendered":"<p>El s\u00e1bado 5\/3 se llevar\u00e1 a cabo una nueva edici\u00f3n del desayuno de la Corporaci\u00f3n&hellip;<\/p>\n","protected":false},"author":3,"featured_media":55499,"comment_status":"open","ping_status":"open","sticky":false,"template":"","format":"standard","meta":{"footnotes":""},"categories":[14],"tags":[],"class_list":["post-55495","post","type-post","status-publish","format-standard","has-post-thumbnail","hentry","category-news"],"_links":{"self":[{"href":"https:\/\/enolife.com.ar\/es\/wp-json\/wp\/v2\/posts\/55495","targetHints":{"allow":["GET"]}}],"collection":[{"href":"https:\/\/enolife.com.ar\/es\/wp-json\/wp\/v2\/posts"}],"about":[{"href":"https:\/\/enolife.com.ar\/es\/wp-json\/wp\/v2\/types\/post"}],"author":[{"embeddable":true,"href":"https:\/\/enolife.com.ar\/es\/wp-json\/wp\/v2\/users\/3"}],"replies":[{"embeddable":true,"href":"https:\/\/enolife.com.ar\/es\/wp-json\/wp\/v2\/comments?post=55495"}],"version-history":[{"count":0,"href":"https:\/\/enolife.com.ar\/es\/wp-json\/wp\/v2\/posts\/55495\/revisions"}],"wp:featuredmedia":[{"embeddable":true,"href":"https:\/\/enolife.com.ar\/es\/wp-json\/wp\/v2\/media\/55499"}],"wp:attachment":[{"href":"https:\/\/enolife.com.ar\/es\/wp-json\/wp\/v2\/media?parent=55495"}],"wp:term":[{"taxonomy":"category","embeddable":true,"href":"https:\/\/enolife.com.ar\/es\/wp-json\/wp\/v2\/categories?post=55495"},{"taxonomy":"post_tag","embeddable":true,"href":"https:\/\/enolife.com.ar\/es\/wp-json\/wp\/v2\/tags?post=55495"}],"curies":[{"name":"wp","href":"https:\/\/api.w.org\/{rel}","templated":true}]}}