{"id":5548,"date":"2019-12-03T22:57:41","date_gmt":"2019-12-03T22:57:41","guid":{"rendered":"http:\/\/enolife.com.ar\/es\/?p=5548"},"modified":"2019-12-05T13:15:18","modified_gmt":"2019-12-05T13:15:18","slug":"record-de-calor-deshielo-y-emision-de-co2-en-el-planeta-en-los-ultimos-10-anos","status":"publish","type":"post","link":"https:\/\/enolife.com.ar\/es\/record-de-calor-deshielo-y-emision-de-co2-en-el-planeta-en-los-ultimos-10-anos\/","title":{"rendered":"R\u00e9cord de calor, deshielo y emisi\u00f3n de CO2 en el planeta en los \u00faltimos 10 a\u00f1os"},"content":{"rendered":"\n<h4 class=\"wp-block-heading\"><em><strong>Seg\u00fan inform\u00f3 el l\u00edder de la Organizaci\u00f3n Meteorol\u00f3gica Mundial en la Cumbre mundial del Clima que se realiza en Madrid desde el 2 al 13 de diciembre, esta \u00faltima d\u00e9cada ha sido la peor en la historia del cambio clim\u00e1tico. Si seguimos as\u00ed, advirti\u00f3 Petteri Taalas, \u00abnos dirigimos a un aumento de 3\u00ba C para finales de siglo\u00bb.<\/strong><\/em><\/h4>\n\n\n\n<div style=\"height:35px\" aria-hidden=\"true\" class=\"wp-block-spacer\"><\/div>\n\n\n\n<p>La Organizaci\u00f3n Meteorol\u00f3gica Mundial present\u00f3 su informe anual en la Cumbre del Clima de Madrid y se\u00f1al\u00f3 a las emisiones de di\u00f3xido de Carbono (CO2) como principal detonante del cambio clim\u00e1tico que sufre el planeta. Esta contaminaci\u00f3n atmosf\u00e9rica produce el llamado \u00abefecto invernadero\u00bb y causa sobre la superficie terrestre un r\u00e9cord de altas temperaturas, deshielo y subida del nivel del mar. <\/p>\n\n\n\n<p>As\u00ed lo anunci\u00f3 hoy martes 3\/12\/19 la&nbsp;<strong>Organizaci\u00f3n Meteorol\u00f3gica Mundial&nbsp;<\/strong>en la Cumbre del Clima de Madrid, que present\u00f3 su informe anual&nbsp;<em>Estado del Clima Mundial.&nbsp;<\/em><\/p>\n\n\n\n<div style=\"height:20px\" aria-hidden=\"true\" class=\"wp-block-spacer\"><\/div>\n\n\n\n<div class=\"wp-block-image\"><figure class=\"aligncenter is-resized\"><img loading=\"lazy\" decoding=\"async\" src=\"https:\/\/www.lavanguardia.com\/r\/GODO\/LV\/p6\/WebSite\/2019\/12\/03\/Recortada\/1191619675_20191203102014-k5eB-U472040068749yZG-992x558@LaVanguardia-Web.jpg\" alt=\"Veredicto tajante: 2019 culmina la d\u00e9cada m\u00e1s calurosa de historia humana\" width=\"508\" height=\"286\"\/><\/figure><\/div>\n\n\n\n<div style=\"height:20px\" aria-hidden=\"true\" class=\"wp-block-spacer\"><\/div>\n\n\n\n<p>De hecho, seg\u00fan las estimaciones ofrecidas, este a\u00f1o podr\u00eda ser \u00abel segundo o tercer\u00bb m\u00e1s c\u00e1lido de los registros, con un promedio global de temperaturas de&nbsp;<strong>1,1\u00baC por encima del periodo preindustrial.&nbsp;<\/strong>Unas subidas de temperaturas que coinciden con una mayor concentraci\u00f3n de&nbsp;<strong>part\u00edculas de di\u00f3xido de carbono en la atm\u00f3sfera<\/strong>, alcanzando las 407,8 partes por mill\u00f3n en 2018 y aumentando en el siguiente a\u00f1o.<\/p>\n\n\n\n<div style=\"height:20px\" aria-hidden=\"true\" class=\"wp-block-spacer\"><\/div>\n\n\n\n<div class=\"wp-block-image\"><figure class=\"aligncenter is-resized\"><img loading=\"lazy\" decoding=\"async\" src=\"https:\/\/www.lavanguardia.com\/r\/GODO\/LV\/p6\/WebSite\/2019\/12\/03\/Recortada\/img_jelcacho_20191203-103800_imagenes_lv_terceros_omm_1-k5eB--656x372@LaVanguardia-Web.jpg\" alt=\"Evoluci\u00f3n de la temperaturas medias globales\" width=\"479\" height=\"271\"\/><figcaption><em><strong> Evoluci\u00f3n de la temperaturas medias globales (OMM)<\/strong><\/em><\/figcaption><\/figure><\/div>\n\n\n\n<div style=\"height:20px\" aria-hidden=\"true\" class=\"wp-block-spacer\"><\/div>\n\n\n\n<p class=\"has-medium-font-size\"><strong>El mar, m\u00e1s alto y m\u00e1s \u00e1cido<\/strong><\/p>\n\n\n\n<div style=\"height:20px\" aria-hidden=\"true\" class=\"wp-block-spacer\"><\/div>\n\n\n\n<p>En lo que se refiere a los oc\u00e9anos, el deshielo de los casquetes polares se ha acelerado, tal y como han detallado los expertos de la Organizaci\u00f3n Mundial de Meteorolog\u00eda, por lo que el nivel del mar ha incrementado notablemente desde 1993. Adem\u00e1s, el oc\u00e9ano ha actuado como una suerte de amortiguador de la contaminaci\u00f3n, ya que absorbe buena parte del calor y del di\u00f3xido de carbono que el ser humano emite. Esta situaci\u00f3n ha provocado que la temperatura del mar suba y, adem\u00e1s, se haya vuelto un 26% m\u00e1s \u00e1cida respecto a los niveles preindustriales, lo cual termina afectando de manera negativa en la biodiversidad acu\u00e1tica.&nbsp;<\/p>\n\n\n\n<p>As\u00ed las cosas, setiembre de&nbsp;<strong>2019 tuvo el segundo registro m\u00e1s bajo de las mediciones por sat\u00e9lite de la extensi\u00f3n de hielo marino<\/strong>. \u00abSi no tomamos medidas clim\u00e1ticas urgentes ahora, nos dirigimos a un aumento de la temperatura de m\u00e1s de 3\u00b0C para finales de siglo, con impactos cada vez m\u00e1s perjudiciales para el bienestar humano\u00bb, dijo el secretario general de la OMM, Petteri Taalas, que adem\u00e1s advirti\u00f3 de que \u00abno estamos cerca de alcanzar el objetivo del Acuerdo de Par\u00eds\u00bb.<\/p>\n\n\n\n<div style=\"height:20px\" aria-hidden=\"true\" class=\"wp-block-spacer\"><\/div>\n\n\n\n<div class=\"wp-block-image\"><figure class=\"aligncenter is-resized\"><img loading=\"lazy\" decoding=\"async\" src=\"https:\/\/estaticos.elperiodico.com\/resources\/jpg\/4\/1\/1574679697214.jpg\" alt=\"\" width=\"544\" height=\"343\"\/><figcaption><em><strong> Petteri Taalas,  secretario general de la OMM<\/strong><\/em><\/figcaption><\/figure><\/div>\n\n\n\n<div style=\"height:20px\" aria-hidden=\"true\" class=\"wp-block-spacer\"><\/div>\n\n\n\n<p>Adem\u00e1s, el informe de la&nbsp;<strong>OMM&nbsp;<\/strong>pone el foco en los fen\u00f3menos meteorol\u00f3gicos extremos, que evidencian la crisis clim\u00e1tica con cada vez m\u00e1s frecuencia. Ese es el caso de las inundaciones y las olas de calor, que en el pasado suced\u00edan cada cien a\u00f1os aproximadamente y en la actualidad se repiten varias veces al a\u00f1o. Buen ejemplo de ello son los pa\u00edses de se localizan en el Pac\u00edfico, desde Bahamas hasta Jap\u00f3n, en tanto que en el \u00faltimos a\u00f1os sufrieron&nbsp;<strong>los efectos devastadores de la crisis clim\u00e1tica<\/strong>.<\/p>\n\n\n\n<p>\u201cUno de los principales impactos del&nbsp;<strong>cambio clim\u00e1tico<\/strong>&nbsp;son los patrones de lluvia m\u00e1s err\u00e1ticos. Esto representa una amenaza para el rendimiento de los cultivos y, combinado con el aumento de la poblaci\u00f3n, significar\u00e1 desaf\u00edos considerables para la seguridad alimentaria de los pa\u00edses vulnerables en el futuro \u00ab, a\u00f1adi\u00f3 Taalas.<\/p>\n\n\n\n<p>Las olas de calor, que tambi\u00e9n se han convertido en hechos que se suceden con frecuencia, tiene efectos negativos en la salud humana. Tanto, que en 2018 se contabilizaron cerca de 220 millones de casos de personas vulnerables y mayores de 65 que tuvieron problemas por exponerse a&nbsp;<strong>este fen\u00f3meno meteorol\u00f3gico extremo<\/strong>.<\/p>\n\n\n\n<div style=\"height:20px\" aria-hidden=\"true\" class=\"wp-block-spacer\"><\/div>\n\n\n\n<div class=\"wp-block-image\"><figure class=\"aligncenter is-resized\"><img loading=\"lazy\" decoding=\"async\" src=\"https:\/\/www.lavanguardia.com\/r\/GODO\/LV\/p6\/WebSite\/2019\/12\/03\/Recortada\/img_jelcacho_20191203-103919_imagenes_lv_terceros_omm_3-k5eB--656x460@LaVanguardia-Web.jpg\" alt=\"Mapamundi de las temperaturas comparadas\" width=\"424\" height=\"297\"\/><figcaption><em><strong> Mapamundi de las temperaturas comparadas (OMM)<\/strong><\/em><\/figcaption><\/figure><\/div>\n\n\n\n<div style=\"height:20px\" aria-hidden=\"true\" class=\"wp-block-spacer\"><\/div>\n\n\n\n<p>Adem\u00e1s, el cambio clim\u00e1tico generado por el ser humano se ha convertido en un impulsor del hambre en el mundo que ha dejado a cerca de 820 millones de personas en situaci\u00f3n de vulnerabilidad por no tener suficientes alimentos. Como efecto de esta problem\u00e1tica, en el \u00faltimo a\u00f1o se registraron, seg\u00fan la OMM, 10 millones de nuevos desplazamientos por el clima, 7 millones de ellos provocados por fen\u00f3menos peligrosos como huracanes o inundaciones.<\/p>\n\n\n\n<div style=\"height:41px\" aria-hidden=\"true\" class=\"wp-block-spacer\"><\/div>\n\n\n\n<figure><iframe loading=\"lazy\" width=\"850\" height=\"315\" src=\"https:\/\/www.youtube.com\/embed\/MGu_KV77ANc\" allowfullscreen=\"\"><\/iframe><\/figure>\n\n\n\n<div style=\"height:64px\" aria-hidden=\"true\" class=\"wp-block-spacer\"><\/div>\n\n\n\n<p class=\"has-background has-luminous-vivid-amber-background-color\"><strong>\u00bfQu\u00e9 es la Organizaci\u00f3n Meteorol\u00f3gica Mundial (OMM)<\/strong><br><br>La&nbsp;<strong><a rel=\"noreferrer noopener\" href=\"https:\/\/www.wmo.int\/pages\/index_es.html\" target=\"_blank\">Organizaci\u00f3n Meteorol\u00f3gica Mundial (OMM)<\/a><\/strong>&nbsp;, en ingl\u00e9s&nbsp;<em><a rel=\"noreferrer noopener\" href=\"https:\/\/www.wmo.int\/pages\/index_en.html\" target=\"_blank\">WMO (World Meteorological Organization)<\/a><\/em>&nbsp;es una agencia especializada del sistema de Naciones Unidas, cuyo&nbsp;<strong>objetivo<\/strong>&nbsp;es promover e impulsar la meteorolog\u00eda, la hidrolog\u00eda y las ciencias geof\u00edsicas afines, as\u00ed como facilitar la cooperaci\u00f3n a escala mundial en este campo en beneficio de la humanidad.&nbsp;Como estructura de cooperaci\u00f3n, la OMM reemplaza&nbsp;a la antigua&nbsp;<strong>Organizaci\u00f3n Meteorol\u00f3gica Internacional (OMI)<\/strong>, creada en Viena en 1873, siendo por tanto la meteorolog\u00eda una de las actividades con m\u00e1s larga historia de cooperaci\u00f3n cient\u00edfica internacional organizada con fines sociales. Con sede en Ginebra y creada en 1947, la OMM, que en la actualidad cuenta con el brit\u00e1nico&nbsp;<strong><a rel=\"noreferrer noopener\" href=\"https:\/\/public.wmo.int\/es\/about-us\/governance\/david-grimes\" target=\"_blank\">David Grimes<\/a><\/strong>&nbsp;como Director General y el fin\u00e9s&nbsp;<strong><a rel=\"noreferrer noopener\" href=\"https:\/\/public.wmo.int\/es\/acerca-de-la-omm\/secretar%c3%ada\/petteri-taalas\" target=\"_blank\">Petteri Taalas<\/a><\/strong>&nbsp;en el cargo de&nbsp;Secretario General,&nbsp;inici\u00f3 efectivamente sus actividades en&nbsp;1951, a\u00f1o en el que Espa\u00f1a ratific\u00f3 el Convenio, y en la actualidad cuenta con 191 estados miembros, de los cuales 185 son Estados y 6 territorios. F<\/p>\n\n\n\n<p class=\"has-small-font-size\"><em><strong>Fuentes: El Pa\u00eds de Espa\u00f1a, P\u00e1gina 12 y Organizaci\u00f3n Meteorol\u00f3gica Mundial (OMM)<\/strong><\/em><\/p>\n\n\n\n<div style=\"height:100px\" aria-hidden=\"true\" class=\"wp-block-spacer\"><\/div>\n","protected":false},"excerpt":{"rendered":"<p>Seg\u00fan inform\u00f3 el l\u00edder de la Organizaci\u00f3n Meteorol\u00f3gica Mundial en la Cumbre mundial del Clima&hellip;<\/p>\n","protected":false},"author":3,"featured_media":5563,"comment_status":"open","ping_status":"open","sticky":false,"template":"","format":"standard","meta":{"footnotes":""},"categories":[14],"tags":[],"class_list":["post-5548","post","type-post","status-publish","format-standard","has-post-thumbnail","hentry","category-news"],"_links":{"self":[{"href":"https:\/\/enolife.com.ar\/es\/wp-json\/wp\/v2\/posts\/5548","targetHints":{"allow":["GET"]}}],"collection":[{"href":"https:\/\/enolife.com.ar\/es\/wp-json\/wp\/v2\/posts"}],"about":[{"href":"https:\/\/enolife.com.ar\/es\/wp-json\/wp\/v2\/types\/post"}],"author":[{"embeddable":true,"href":"https:\/\/enolife.com.ar\/es\/wp-json\/wp\/v2\/users\/3"}],"replies":[{"embeddable":true,"href":"https:\/\/enolife.com.ar\/es\/wp-json\/wp\/v2\/comments?post=5548"}],"version-history":[{"count":0,"href":"https:\/\/enolife.com.ar\/es\/wp-json\/wp\/v2\/posts\/5548\/revisions"}],"wp:featuredmedia":[{"embeddable":true,"href":"https:\/\/enolife.com.ar\/es\/wp-json\/wp\/v2\/media\/5563"}],"wp:attachment":[{"href":"https:\/\/enolife.com.ar\/es\/wp-json\/wp\/v2\/media?parent=5548"}],"wp:term":[{"taxonomy":"category","embeddable":true,"href":"https:\/\/enolife.com.ar\/es\/wp-json\/wp\/v2\/categories?post=5548"},{"taxonomy":"post_tag","embeddable":true,"href":"https:\/\/enolife.com.ar\/es\/wp-json\/wp\/v2\/tags?post=5548"}],"curies":[{"name":"wp","href":"https:\/\/api.w.org\/{rel}","templated":true}]}}