{"id":55461,"date":"2022-03-02T16:59:26","date_gmt":"2022-03-02T16:59:26","guid":{"rendered":"http:\/\/enolife.com.ar\/es\/?p=55461"},"modified":"2022-03-04T02:13:53","modified_gmt":"2022-03-04T02:13:53","slug":"vendimia-cual-sera-el-recorrido-de-los-carros-con-las-reinas-en-la-via-blanca-y-el-carrusel","status":"publish","type":"post","link":"https:\/\/enolife.com.ar\/es\/vendimia-cual-sera-el-recorrido-de-los-carros-con-las-reinas-en-la-via-blanca-y-el-carrusel\/","title":{"rendered":"Vendimia: cu\u00e1l ser\u00e1 el recorrido de los carros con las reinas en la V\u00eda Blanca y el Carrusel"},"content":{"rendered":"\n<h4 class=\"wp-block-heading\"><em><strong>El viernes 4 a la noche y el s\u00e1bado 5 de marzo a la ma\u00f1ana, las principales calles del centro de la Ciudad de Mendoza ser\u00e1n el escenario para el tradicional desfile de las soberanas vendimiales a bordo de los carros aleg\u00f3ricos de cada uno de los 18 departamentos de la provincia. Como es cl\u00e1sico, las acompa\u00f1ar\u00e1n murgas, gauchos a caballo, bandas de m\u00fasica, bailarines y elencos de colectividades. Enterate d\u00f3nde ubicarte para atajar las uvas, melones y regalos sorpresas que las candidatas tirar\u00e1n desde su trono arriba de los carros. \u00a1El m\u00fasculo vendimial entra en acci\u00f3n!<\/strong><\/em><\/h4>\n\n\n\n<div style=\"height:32px\" aria-hidden=\"true\" class=\"wp-block-spacer\"><\/div>\n\n\n<a href=\"https:\/\/estanciamendoza.com.ar\/es\/\" aria-label=\"Copia de BEM &#8211; Banner adaptaciones diario digital_BEM &#8211; Banner Enolife &#8211; 1700&#215;500\"><img loading=\"lazy\" decoding=\"async\" src=\"https:\/\/enolife.com.ar\/es\/wp-content\/uploads\/2019\/07\/Copia-de-BEM-Banner-adaptaciones-diario-digital_BEM-Banner-Enolife-1700x500-1.jpg\" alt=\"\"  srcset=\"https:\/\/enolife.com.ar\/es\/wp-content\/uploads\/2019\/07\/Copia-de-BEM-Banner-adaptaciones-diario-digital_BEM-Banner-Enolife-1700x500-1.jpg 1700w, https:\/\/enolife.com.ar\/es\/wp-content\/uploads\/2019\/07\/Copia-de-BEM-Banner-adaptaciones-diario-digital_BEM-Banner-Enolife-1700x500-1-300x88.jpg 300w, https:\/\/enolife.com.ar\/es\/wp-content\/uploads\/2019\/07\/Copia-de-BEM-Banner-adaptaciones-diario-digital_BEM-Banner-Enolife-1700x500-1-1024x301.jpg 1024w, https:\/\/enolife.com.ar\/es\/wp-content\/uploads\/2019\/07\/Copia-de-BEM-Banner-adaptaciones-diario-digital_BEM-Banner-Enolife-1700x500-1-768x226.jpg 768w, https:\/\/enolife.com.ar\/es\/wp-content\/uploads\/2019\/07\/Copia-de-BEM-Banner-adaptaciones-diario-digital_BEM-Banner-Enolife-1700x500-1-1536x452.jpg 1536w, https:\/\/enolife.com.ar\/es\/wp-content\/uploads\/2019\/07\/Copia-de-BEM-Banner-adaptaciones-diario-digital_BEM-Banner-Enolife-1700x500-1-1170x344.jpg 1170w, https:\/\/enolife.com.ar\/es\/wp-content\/uploads\/2019\/07\/Copia-de-BEM-Banner-adaptaciones-diario-digital_BEM-Banner-Enolife-1700x500-1-585x172.jpg 585w\" sizes=\"auto, (max-width: 1700px) 100vw, 1700px\" width=\"1700\" height=\"500\"   \/><\/a>\n\n\n<div style=\"height:53px\" aria-hidden=\"true\" class=\"wp-block-spacer\"><\/div>\n\n\n\n<p>Como todos los mendocinos sabemos y disfrutamos, la <strong>V\u00eda Blanca<\/strong> y el <strong>Carrusel<\/strong> son los desfiles de carros aleg\u00f3ricos que transportan y muestran a las reinas al p\u00fablico local y a los turistas. En ese recorrido circulan entre carro y carro personajes de la comunidad mendocina, como artistas callejeros, l\u00edderes barriales, gauchos a caballo, m\u00fasicos, orquestas militares, bailarines y hasta alg\u00fan \u00abloquito\u00bb que se cuela con sus carteles por la paz. En los palcos que se montan en las veredas de avenida <strong>San Mart\u00edn<\/strong>, la <strong>Direcci\u00f3n de Turismo<\/strong>, el <strong>diario Los Andes<\/strong> y el <strong>hotel Hyatt,<\/strong> funcionarios, empresarios, periodistas y figuretis aplauden el paso de las soberanas y tambi\u00e9n reciben, con gusto, alg\u00fan uvazo. Por supuesto, el acceso del p\u00fablico al desfile es libre y gratuito, salvo en los palcos de autoridades. Lo \u00fanico que hay que hacer es ir y soportar empujones y pisotones. Pero la fiesta est\u00e1 garantizada.<\/p>\n\n\n\n<div style=\"height:20px\" aria-hidden=\"true\" class=\"wp-block-spacer\"><\/div>\n\n\n\n<div class=\"wp-block-image\"><figure class=\"alignleft size-large is-resized\"><img loading=\"lazy\" decoding=\"async\" src=\"https:\/\/enolife.com.ar\/es\/wp-content\/uploads\/2022\/03\/Imagen2.jpg\" alt=\"\" class=\"wp-image-55471\" width=\"371\" height=\"371\" srcset=\"https:\/\/enolife.com.ar\/es\/wp-content\/uploads\/2022\/03\/Imagen2.jpg 720w, https:\/\/enolife.com.ar\/es\/wp-content\/uploads\/2022\/03\/Imagen2-300x300.jpg 300w, https:\/\/enolife.com.ar\/es\/wp-content\/uploads\/2022\/03\/Imagen2-150x150.jpg 150w, https:\/\/enolife.com.ar\/es\/wp-content\/uploads\/2022\/03\/Imagen2-585x585.jpg 585w\" sizes=\"auto, (max-width: 371px) 100vw, 371px\" \/><\/figure><\/div>\n\n\n\n<p class=\"has-background has-medium-font-size has-very-light-gray-background-color\"><strong>El recorrido de la V\u00eda Blanca<\/strong><\/p>\n\n\n\n<p class=\"has-background has-very-light-gray-background-color\">El desfile nocturno, la <strong>V\u00eda Blanca, ser\u00e1 el viernes 4 de marzo desde las 22 <\/strong>y contar\u00e1 con la participaci\u00f3n de las candidatas departamentales al cetro nacional, acompa\u00f1adas de sus cortes. Partir\u00e1 desde Avenida San Mart\u00edn y Jos\u00e9 Vicente Zapata, continuar\u00e1 por la avenida principal hasta Las Heras, de all\u00ed se dirigir\u00e1 hasta Chile, para continuar hasta Sarmiento. Desde Sarmiento, se desplazar\u00e1 hacia el oeste, hasta Belgrano, donde ser\u00e1 la desconcentraci\u00f3n.<\/p>\n\n\n\n<div style=\"height:20px\" aria-hidden=\"true\" class=\"wp-block-spacer\"><\/div>\n\n\n\n<div class=\"wp-block-image\"><figure class=\"alignleft size-large is-resized\"><img loading=\"lazy\" decoding=\"async\" src=\"https:\/\/enolife.com.ar\/es\/wp-content\/uploads\/2022\/03\/Imagen1-1.jpg\" alt=\"\" class=\"wp-image-55469\" width=\"363\" height=\"363\" srcset=\"https:\/\/enolife.com.ar\/es\/wp-content\/uploads\/2022\/03\/Imagen1-1.jpg 720w, https:\/\/enolife.com.ar\/es\/wp-content\/uploads\/2022\/03\/Imagen1-1-300x300.jpg 300w, https:\/\/enolife.com.ar\/es\/wp-content\/uploads\/2022\/03\/Imagen1-1-150x150.jpg 150w, https:\/\/enolife.com.ar\/es\/wp-content\/uploads\/2022\/03\/Imagen1-1-585x585.jpg 585w\" sizes=\"auto, (max-width: 363px) 100vw, 363px\" \/><\/figure><\/div>\n\n\n\n<p class=\"has-background has-medium-font-size has-very-light-gray-background-color\"><strong>El recorrido del Carrusel<\/strong><\/p>\n\n\n\n<p class=\"has-background has-very-light-gray-background-color\"><strong>El Carrusel tendr\u00e1 lugar al d\u00eda siguiente, el s\u00e1bado 5 y comenzar\u00e1 a las 10.<\/strong> En esta ocasi\u00f3n, se sumar\u00e1n a los carros departamentales, centros tradicionalistas, colectividades, reinas invitadas de diversos puntos del pa\u00eds, murgas y miembros representativos de nuestra provincia. El recorrido comenzar\u00e1 desde calle Boulogne Sur Mer y Emilio Civit, en los Portones del Parque Gral. San Mart\u00edn, desplaz\u00e1ndose hacia el este, hasta Sarmiento, para girar luego por calle Chile hasta Las Heras, por donde tomar\u00e1 rumbo a calle San Mart\u00edn. Desde la Avenida San Mart\u00edn, continuar\u00e1 hasta Col\u00f3n, luego Ar\u00edstides Villanueva, para desconcentrar en Boulogne Sur Mer.<\/p>\n\n\n\n<div style=\"height:20px\" aria-hidden=\"true\" class=\"wp-block-spacer\"><\/div>\n\n\n\n<p>Una vez finalizado el Carrusel, el mismo s\u00e1bado, desde las 22, se pondr\u00e1 en escena el espect\u00e1culo art\u00edstico en el Teatro Griego Frank Romero Day,&nbsp;<strong>\u00abMilagro del Vino Nuevo\u00bb<\/strong>, bajo la direcci\u00f3n general de <strong>Vilma R\u00fapolo<\/strong> y <strong>Federico Ortega<\/strong>. Habr\u00e1 750 artistas en escena entre m\u00fasicos, bailarines, bailarinas, actores, actrices y figurantes.<\/p>\n\n\n\n<div style=\"height:30px\" aria-hidden=\"true\" class=\"wp-block-spacer\"><\/div>\n","protected":false},"excerpt":{"rendered":"<p>El viernes 4 a la noche y el s\u00e1bado 5 de marzo a la ma\u00f1ana,&hellip;<\/p>\n","protected":false},"author":3,"featured_media":55468,"comment_status":"open","ping_status":"open","sticky":false,"template":"","format":"standard","meta":{"footnotes":""},"categories":[14],"tags":[],"class_list":["post-55461","post","type-post","status-publish","format-standard","has-post-thumbnail","hentry","category-news"],"_links":{"self":[{"href":"https:\/\/enolife.com.ar\/es\/wp-json\/wp\/v2\/posts\/55461","targetHints":{"allow":["GET"]}}],"collection":[{"href":"https:\/\/enolife.com.ar\/es\/wp-json\/wp\/v2\/posts"}],"about":[{"href":"https:\/\/enolife.com.ar\/es\/wp-json\/wp\/v2\/types\/post"}],"author":[{"embeddable":true,"href":"https:\/\/enolife.com.ar\/es\/wp-json\/wp\/v2\/users\/3"}],"replies":[{"embeddable":true,"href":"https:\/\/enolife.com.ar\/es\/wp-json\/wp\/v2\/comments?post=55461"}],"version-history":[{"count":0,"href":"https:\/\/enolife.com.ar\/es\/wp-json\/wp\/v2\/posts\/55461\/revisions"}],"wp:featuredmedia":[{"embeddable":true,"href":"https:\/\/enolife.com.ar\/es\/wp-json\/wp\/v2\/media\/55468"}],"wp:attachment":[{"href":"https:\/\/enolife.com.ar\/es\/wp-json\/wp\/v2\/media?parent=55461"}],"wp:term":[{"taxonomy":"category","embeddable":true,"href":"https:\/\/enolife.com.ar\/es\/wp-json\/wp\/v2\/categories?post=55461"},{"taxonomy":"post_tag","embeddable":true,"href":"https:\/\/enolife.com.ar\/es\/wp-json\/wp\/v2\/tags?post=55461"}],"curies":[{"name":"wp","href":"https:\/\/api.w.org\/{rel}","templated":true}]}}