{"id":55429,"date":"2022-03-01T22:01:03","date_gmt":"2022-03-01T22:01:03","guid":{"rendered":"http:\/\/enolife.com.ar\/es\/?p=55429"},"modified":"2022-03-04T02:55:16","modified_gmt":"2022-03-04T02:55:16","slug":"los-vinateros-de-57-anos-con-25-de-aportes-ya-pueden-pedir-turno-en-la-anses-para-jubilarse","status":"publish","type":"post","link":"https:\/\/enolife.com.ar\/es\/los-vinateros-de-57-anos-con-25-de-aportes-ya-pueden-pedir-turno-en-la-anses-para-jubilarse\/","title":{"rendered":"Los vi\u00f1ateros de 57 a\u00f1os con 25 de aportes ya pueden pedir turno en la Anses para jubilarse"},"content":{"rendered":"\n<h4 class=\"wp-block-heading\"><em><strong>El domingo 27\/2 entr\u00f3 en vigencia la ley 27.643, aprobada en el mes de octubre, seg\u00fan la cual se modifica el&nbsp;r\u00e9gimen jubilatorio para los trabajadores de vi\u00f1as y frutales, permiti\u00e9ndoles el retiro con todos los beneficios legales a los 57 a\u00f1os,&nbsp;siempre que tengan 25 a\u00f1os de servicio. Quienes cumplan con estos requisitos podr\u00e1n acudir al Sindicato de Contratistas de Vi\u00f1as y Frutales con sede en Mendoza, donde les indicar\u00e1n los pasos a seguir.<\/strong><\/em><\/h4>\n\n\n\n<div style=\"height:20px\" aria-hidden=\"true\" class=\"wp-block-spacer\"><\/div>\n\n\n<a href=\"https:\/\/www.facebook.com\/SindicatoContratitas\/\" aria-label=\"banner contratistas 1700&#215;500\"><img loading=\"lazy\" decoding=\"async\" src=\"https:\/\/enolife.com.ar\/es\/wp-content\/uploads\/2020\/08\/banner-contratistas-1700x500-1.jpg\" alt=\"\"  srcset=\"https:\/\/enolife.com.ar\/es\/wp-content\/uploads\/2020\/08\/banner-contratistas-1700x500-1.jpg 1700w, https:\/\/enolife.com.ar\/es\/wp-content\/uploads\/2020\/08\/banner-contratistas-1700x500-1-300x88.jpg 300w, https:\/\/enolife.com.ar\/es\/wp-content\/uploads\/2020\/08\/banner-contratistas-1700x500-1-1024x301.jpg 1024w, https:\/\/enolife.com.ar\/es\/wp-content\/uploads\/2020\/08\/banner-contratistas-1700x500-1-768x226.jpg 768w, https:\/\/enolife.com.ar\/es\/wp-content\/uploads\/2020\/08\/banner-contratistas-1700x500-1-1536x452.jpg 1536w, https:\/\/enolife.com.ar\/es\/wp-content\/uploads\/2020\/08\/banner-contratistas-1700x500-1-1170x344.jpg 1170w, https:\/\/enolife.com.ar\/es\/wp-content\/uploads\/2020\/08\/banner-contratistas-1700x500-1-585x172.jpg 585w\" sizes=\"auto, (max-width: 1700px) 100vw, 1700px\" width=\"1700\" height=\"500\"   \/><\/a>\n\n\n<div style=\"height:39px\" aria-hidden=\"true\" class=\"wp-block-spacer\"><\/div>\n\n\n\n<p>El proyecto sobre la reforma del r\u00e9gimen jubilatorio para los trabajadores de vi\u00f1as y frutales se aprob\u00f3 y se convirti\u00f3 en ley el 27 de noviembre de 2021 en la&nbsp;C\u00e1mara de Diputados de Argentina con 173 votos, los que fueron aportados por el Frente de Todos, los interbloques Federal y de Unidad para el Desarrollo, Acci\u00f3n Federal, la izquierda y Juntos por el Cambio (22 votos).<\/p>\n\n\n\n<p>Esta ley constituye un antiguo reclamo del&nbsp;Sindicato \u00danico de Trabajadores Contratistas de Vi\u00f1as y Frutales de Mendoza, el que fue recogido, formulado y presentado como ley en 2020 por los senadores mendocinos Anabel Fern\u00e1ndez Sagasti y Adolfo Bermejo (peronistas) y Julio Cobos (radical).<\/p>\n\n\n\n<p>De acuerdo a esta ley los trabajadores contratistas de vi\u00f1as y frutales pueden jubilarse con 57 a\u00f1os cuando tengan acreditados 25 a\u00f1os de servicios. <\/p>\n\n\n\n<div style=\"height:20px\" aria-hidden=\"true\" class=\"wp-block-spacer\"><\/div>\n\n\n\n<p class=\"has-background has-very-light-gray-background-color\"><strong>Quienes cumplan con los requisitos, deber\u00e1n pedir un turno on line en el Anses clickeando <a href=\"https:\/\/www.argentina.gob.ar\/solicitar-o-consultar-turnos-en-anses\">AQU\u00cd<\/a><\/strong><\/p>\n\n\n\n<div style=\"height:20px\" aria-hidden=\"true\" class=\"wp-block-spacer\"><\/div>\n\n\n\n<p>Desde el <strong>Sindicato de Contratistas de Vi\u00f1as y Frutales<\/strong>, su <strong>secretario general Edgardo Lera<\/strong> asegur\u00f3 que \u00abpara el caso de los trabajadores que no tengan  acceso a internet pueden acudir al <strong>Sindicato <\/strong>para ser asistidos en ese tr\u00e1mite, lo mismo para recibir asesoramiento respecto de la ley y sus aplicaciones. Deben llamar <strong>de lunes a viernes de 9 a 13 hs al tel\u00e9fono (fijo) 0261 423 9650.<\/strong>\u00ab<\/p>\n\n\n\n<div style=\"height:20px\" aria-hidden=\"true\" class=\"wp-block-spacer\"><\/div>\n\n\n\n<p class=\"has-medium-font-size\"><strong>De qu\u00e9 se trata la ley <\/strong><\/p>\n\n\n\n<p>Seg\u00fan lo publicado en el Bolet\u00edn Oficial, a partir de la puesta en marcha de la ley 27.643 de \u00abRegimen previsional especial para obreros\/as y empleados\/as de vi\u00f1as y para contratistas de vi\u00f1as\u00bb, los mismos<em> \u00abtendr\u00e1n derecho a acceder a la jubilaci\u00f3n ordinaria con un m\u00ednimo de cincuenta y siete (57) a\u00f1os de edad, sin distinci\u00f3n de sexo, siempre que acrediten veinticinco (25) a\u00f1os de servicios, con aportes.\u00bb<\/em><\/p>\n\n\n\n<p>En cu\u00e1nto a c\u00f3mo se calculan los a\u00f1os de servicio, la ley dice que <em>\u00bb Cuando se hubieren desempe\u00f1ado tareas de las indicadas en el art\u00edculo 1\u00ba y alternadamente otras de cualquier naturaleza, a los fines de determinar los requisitos para el otorgamiento de la jubilaci\u00f3n ordinaria, se efectuar\u00e1 un prorrateo en funci\u00f3n de los l\u00edmites de edad y de servicios requeridos para cada clase de tareas o actividades.\u00bb<\/em><\/p>\n\n\n\n<p>Al especificar la contribuci\u00f3n se especifica que<em> \u00abLa contribuci\u00f3n patronal respecto de las tareas a que se refiere la presente ley ser\u00e1 la que rija en el r\u00e9gimen com\u00fan \u2013Sistema Integrado Previsional Argentino- incrementada en dos puntos porcentuales (2%), a partir de la vigencia de la misma.\u00bb<\/em><\/p>\n\n\n\n<p><strong>Ver ley completa en Bolet\u00edn oficial <a href=\"https:\/\/www.boletinoficial.gob.ar\/detalleAviso\/primera\/252732\/20211112\">AQU\u00cd<\/a><\/strong><\/p>\n\n\n\n<div style=\"height:20px\" aria-hidden=\"true\" class=\"wp-block-spacer\"><\/div>\n\n\n\n<p class=\"has-small-font-size\"><em><strong>Foto principal: Guillermo Gim\u00e9nez, participante del Concurso Tiempo de Cosecha 2021, de Enolife y la Asociaci\u00f3n de Vi\u00f1ateros de Mendoza.<\/strong><\/em><\/p>\n\n\n\n<div style=\"height:57px\" aria-hidden=\"true\" class=\"wp-block-spacer\"><\/div>\n","protected":false},"excerpt":{"rendered":"<p>El domingo 27\/2 entr\u00f3 en vigencia la ley 27.643, aprobada en el mes de octubre,&hellip;<\/p>\n","protected":false},"author":3,"featured_media":55448,"comment_status":"open","ping_status":"open","sticky":false,"template":"","format":"standard","meta":{"footnotes":""},"categories":[14],"tags":[],"class_list":["post-55429","post","type-post","status-publish","format-standard","has-post-thumbnail","hentry","category-news"],"_links":{"self":[{"href":"https:\/\/enolife.com.ar\/es\/wp-json\/wp\/v2\/posts\/55429","targetHints":{"allow":["GET"]}}],"collection":[{"href":"https:\/\/enolife.com.ar\/es\/wp-json\/wp\/v2\/posts"}],"about":[{"href":"https:\/\/enolife.com.ar\/es\/wp-json\/wp\/v2\/types\/post"}],"author":[{"embeddable":true,"href":"https:\/\/enolife.com.ar\/es\/wp-json\/wp\/v2\/users\/3"}],"replies":[{"embeddable":true,"href":"https:\/\/enolife.com.ar\/es\/wp-json\/wp\/v2\/comments?post=55429"}],"version-history":[{"count":0,"href":"https:\/\/enolife.com.ar\/es\/wp-json\/wp\/v2\/posts\/55429\/revisions"}],"wp:featuredmedia":[{"embeddable":true,"href":"https:\/\/enolife.com.ar\/es\/wp-json\/wp\/v2\/media\/55448"}],"wp:attachment":[{"href":"https:\/\/enolife.com.ar\/es\/wp-json\/wp\/v2\/media?parent=55429"}],"wp:term":[{"taxonomy":"category","embeddable":true,"href":"https:\/\/enolife.com.ar\/es\/wp-json\/wp\/v2\/categories?post=55429"},{"taxonomy":"post_tag","embeddable":true,"href":"https:\/\/enolife.com.ar\/es\/wp-json\/wp\/v2\/tags?post=55429"}],"curies":[{"name":"wp","href":"https:\/\/api.w.org\/{rel}","templated":true}]}}