{"id":55426,"date":"2022-03-01T21:04:57","date_gmt":"2022-03-01T21:04:57","guid":{"rendered":"http:\/\/enolife.com.ar\/es\/?p=55426"},"modified":"2022-03-02T16:59:53","modified_gmt":"2022-03-02T16:59:53","slug":"cooperativas-vitivinicolas-del-mundo-debaten-desde-la-enoteca-de-mendoza-sobre-vino-y-salud","status":"publish","type":"post","link":"https:\/\/enolife.com.ar\/es\/cooperativas-vitivinicolas-del-mundo-debaten-desde-la-enoteca-de-mendoza-sobre-vino-y-salud\/","title":{"rendered":"Cooperativas vitivin\u00edcolas del mundo debaten desde la Enoteca de Mendoza sobre vino y salud"},"content":{"rendered":"\n<h4 class=\"wp-block-heading\"><em><strong>Tras la pol\u00e9mica causada por la propuesta de legisladores europeos de vincular el vino con el riesgo de c\u00e1ncer y de advertir sobre ello en las etiquetas -iniciativa que fue finalmente fue descartada por la UE-, la Federaci\u00f3n Mundial de Cooperativas organiz\u00f3 una conferencia sobre el tema \u00abVino, vida y salud\u00bb, la que se realizar\u00e1 ma\u00f1ana 2 de marzo de 2022 en formato presencial y virtual desde el Museo del Vino de la Capital de Mendoza, en Peltier 611 de esta ciudad. La entrada es libre pero hay que inscribirse antes por Eventbrite o en el link <a href=\"https:\/\/bit.ly\/34Wb90m\">https:\/\/bit.ly\/34Wb90m<\/a><\/strong><\/em><\/h4>\n\n\n\n<div style=\"height:30px\" aria-hidden=\"true\" class=\"wp-block-spacer\"><\/div>\n\n\n\n\n\n<div style=\"height:63px\" aria-hidden=\"true\" class=\"wp-block-spacer\"><\/div>\n\n\n\n<p>La <strong>Uni\u00f3n Europea (UE)<\/strong> descart\u00f3 en fecha reciente una propuesta de eurodiputados de que el etiquetado del vino informe sobre el riesgo de c\u00e1ncer. En cambio, el <strong>Parlamento de ese bloque de 27 naciones<\/strong> admiti\u00f3 una enmienda que marca que s\u00f3lo el consumo \u00abnocivo\u00bb de alcohol constituye riesgo de sufrir esa u otras enfermedades.<\/p>\n\n\n\n<div class=\"wp-block-image\"><figure class=\"alignleft is-resized\"><img loading=\"lazy\" decoding=\"async\" src=\"https:\/\/pbs.twimg.com\/media\/FMJFnd4WYAEsT8M.jpg\" alt=\"Foro Mundial de Cooperativas Vitivin\u00edcolas on Twitter: &amp;quot;Conoc\u00e9 a las Cooperativas  Vitivin\u00edcolas Europeas (Francia, Espa\u00f1a e Italia) y de Ocean\u00eda que apoyan  el evento &amp;quot;Vino &amp;amp; Salud: el vino y la alimentaci\u00f3n\" width=\"337\" height=\"337\"\/><\/figure><\/div>\n\n\n\n<p>En el marco de esa situaci\u00f3n planteada en la Uni\u00f3n Europea, desde la <strong>Federaci\u00f3n de Cooperativas Argentinas (Fecovita<\/strong>, encabezada por su presidente el mendocino <strong>Eduardo Sancho<\/strong>) y la <strong>Federaci\u00f3n Mundial de Cooperativas (que Fecovita integra)<\/strong>, invitaron al <strong>Encuentro Argentino-Europeo \u00abVino, vida &amp; salud\u00bb<\/strong>, conferencia que tendr\u00e1 modalidad presencial y virtual y contar\u00e1 con la participaci\u00f3n de Cooperativas Vitivin\u00edcolas Europeas y de expertos mendocinos, quienes expondr\u00e1n sobre las implicancias del vino en la alimentaci\u00f3n y la salud.<\/p>\n\n\n\n<p>El encuentro est\u00e1 organizado por el <strong>Foro Mundial de Cooperativas Vitivin\u00edcolas<\/strong>, y se realizar\u00e1 el <strong>mi\u00e9rcoles 2 de marzo, desde a las 8 horas<\/strong>, en la <strong>Enoteca de Mendoza<\/strong>, ubicada en Peltier 611 de la Capital de esta provincia.<\/p>\n\n\n\n<p><strong>Las inscripciones se realizan por Eventbrite, evento \u00abVino &amp; Salud\u00bb, o tambi\u00e9n ingresando al siguiente enlace: <a href=\"https:\/\/bit.ly\/34Wb90m\">https:\/\/bit.ly\/34Wb90m<\/a>.<\/strong><\/p>\n\n\n\n<p>Los interesados pueden recabar m\u00e1s informaci\u00f3n mediante env\u00edo de correo electr\u00f3nico a <a href=\"mailto:foromundialcoopvit@gmail.com\"><strong>foromundialcoopvit@gmail.com<\/strong><\/a> o llamando a los tel\u00e9fonos +54 261 5090532 (WSP) y +54 261 438 1970.<\/p>\n\n\n\n<div style=\"height:20px\" aria-hidden=\"true\" class=\"wp-block-spacer\"><\/div>\n\n\n\n<p class=\"has-background has-medium-font-size has-very-light-gray-background-color\"><strong>Cooperaci\u00f3n en el mundo del vino<\/strong><\/p>\n\n\n\n<p class=\"has-background has-very-light-gray-background-color\">La Federaci\u00f3n Mundial de Cooperativas est\u00e1 integrada por:<br>&#8211; De Argentina: Fecovita y La Riojana<br>&#8211; De Uruguay: Aurora<br>&#8211; De Chile: Cooperativa Capel y Aurora<br>&#8211; De Brasil: Garibaldi, S\u00e3o Jo\u00e3o, Nova Alian\u00e7a, Pradense y Ch\u00edvense.<br>&#8211; De Francia: Vinadeis<br>&#8211; De Espa\u00f1a: Baco, Cuatro Rayas, Manjavacas, Mart\u00edn Codax y Cevipe<br>&#8211; De Italia: Caviro<br>&#8211; De Portugal: Adega Vila Real<br>&#8211; De Australia: CCWCoop<\/p>\n\n\n\n<div style=\"height:20px\" aria-hidden=\"true\" class=\"wp-block-spacer\"><\/div>\n\n\n\n<p class=\"has-medium-font-size\"><strong>La Agenda del encuentro<\/strong><\/p>\n\n\n\n<div class=\"wp-block-image\"><figure class=\"aligncenter size-large is-resized\"><img loading=\"lazy\" decoding=\"async\" src=\"https:\/\/enolife.com.ar\/es\/wp-content\/uploads\/2022\/03\/Imagen1.jpg\" alt=\"\" class=\"wp-image-55456\" width=\"564\" height=\"544\" srcset=\"https:\/\/enolife.com.ar\/es\/wp-content\/uploads\/2022\/03\/Imagen1.jpg 429w, https:\/\/enolife.com.ar\/es\/wp-content\/uploads\/2022\/03\/Imagen1-300x290.jpg 300w\" sizes=\"auto, (max-width: 564px) 100vw, 564px\" \/><\/figure><\/div>\n\n\n\n<div style=\"height:34px\" aria-hidden=\"true\" class=\"wp-block-spacer\"><\/div>\n","protected":false},"excerpt":{"rendered":"<p>Tras la pol\u00e9mica causada por la propuesta de legisladores europeos de vincular el vino con&hellip;<\/p>\n","protected":false},"author":3,"featured_media":55455,"comment_status":"open","ping_status":"open","sticky":false,"template":"","format":"standard","meta":{"footnotes":""},"categories":[47],"tags":[],"class_list":["post-55426","post","type-post","status-publish","format-standard","has-post-thumbnail","hentry","category-agenda"],"_links":{"self":[{"href":"https:\/\/enolife.com.ar\/es\/wp-json\/wp\/v2\/posts\/55426","targetHints":{"allow":["GET"]}}],"collection":[{"href":"https:\/\/enolife.com.ar\/es\/wp-json\/wp\/v2\/posts"}],"about":[{"href":"https:\/\/enolife.com.ar\/es\/wp-json\/wp\/v2\/types\/post"}],"author":[{"embeddable":true,"href":"https:\/\/enolife.com.ar\/es\/wp-json\/wp\/v2\/users\/3"}],"replies":[{"embeddable":true,"href":"https:\/\/enolife.com.ar\/es\/wp-json\/wp\/v2\/comments?post=55426"}],"version-history":[{"count":0,"href":"https:\/\/enolife.com.ar\/es\/wp-json\/wp\/v2\/posts\/55426\/revisions"}],"wp:featuredmedia":[{"embeddable":true,"href":"https:\/\/enolife.com.ar\/es\/wp-json\/wp\/v2\/media\/55455"}],"wp:attachment":[{"href":"https:\/\/enolife.com.ar\/es\/wp-json\/wp\/v2\/media?parent=55426"}],"wp:term":[{"taxonomy":"category","embeddable":true,"href":"https:\/\/enolife.com.ar\/es\/wp-json\/wp\/v2\/categories?post=55426"},{"taxonomy":"post_tag","embeddable":true,"href":"https:\/\/enolife.com.ar\/es\/wp-json\/wp\/v2\/tags?post=55426"}],"curies":[{"name":"wp","href":"https:\/\/api.w.org\/{rel}","templated":true}]}}