{"id":55299,"date":"2022-02-27T18:04:54","date_gmt":"2022-02-27T18:04:54","guid":{"rendered":"http:\/\/enolife.com.ar\/es\/?p=55299"},"modified":"2022-02-28T23:19:12","modified_gmt":"2022-02-28T23:19:12","slug":"tras-una-orden-judicial-guaymallen-envia-por-3ra-vez-a-la-misma-reina-a-la-fiesta-de-la-vendimia","status":"publish","type":"post","link":"https:\/\/enolife.com.ar\/es\/tras-una-orden-judicial-guaymallen-envia-por-3ra-vez-a-la-misma-reina-a-la-fiesta-de-la-vendimia\/","title":{"rendered":"Tras una orden judicial, Guaymall\u00e9n env\u00eda por 3ra. vez a la misma reina a la Fiesta de la Vendimia"},"content":{"rendered":"\n<h4 class=\"wp-block-heading\"><em><strong>El ins\u00f3lito conflicto que se gener\u00f3 en Mendoza tras la decisi\u00f3n de la comuna de Guaymall\u00e9n de no elegir reina representante a la Fiesta Nacional de la Vendimia 2022 parece haberse resuelto, al menos en lo legal, tras el dictamen de la Suprema Corte de Justicia de la provincia obligando a ese municipio a nombrar y enviar una soberana a la elecci\u00f3n final el s\u00e1bado 5 de marzo en el Anfiteatro Frank Romero Day. <\/strong><\/em><\/h4>\n\n\n\n<hr class=\"wp-block-separator\"\/>\n\n\n\n<h4 class=\"wp-block-heading\"><em><strong>As\u00ed, por resoluci\u00f3n del intendente Marcelino Iglesias, se design\u00f3 a Sof\u00eda Grangetto (foto principal), quien ya luci\u00f3 su banda mon\u00e1rquica en la Fiesta de 2020 y luego en la Vendimia virtual 2021. Lo que no aclara la Resoluci\u00f3n ni comunicado alguno del Ministerio de Cultura y Turismo es si la reina Sof\u00eda es elegible para Reina Nacional, siendo que ya particip\u00f3 sin suerte en la elecci\u00f3n de la temporada 2020.<\/strong><\/em> <em><strong>\u00bfTendr\u00e1 otra chance?<\/strong><\/em><\/h4>\n\n\n\n<div style=\"height:20px\" aria-hidden=\"true\" class=\"wp-block-spacer\"><\/div>\n\n\n<a href=\"https:\/\/enolife.com.ar\/es\/category\/vino\/\" aria-label=\"banner-el-vino-las-une\"><img loading=\"lazy\" decoding=\"async\" src=\"https:\/\/enolife.com.ar\/es\/wp-content\/uploads\/2021\/12\/banner-el-vino-las-une.gif\" alt=\"\"  width=\"1700\" height=\"500\"   \/><\/a>\n\n\n<div style=\"height:63px\" aria-hidden=\"true\" class=\"wp-block-spacer\"><\/div>\n\n\n\n<p><strong>Por Pedro Straniero<br>(<a href=\"mailto:pstraniero@enolife.com.ar\">pstraniero@enolife.com.ar<\/a>)<\/strong><\/p>\n\n\n\n<div style=\"height:20px\" aria-hidden=\"true\" class=\"wp-block-spacer\"><\/div>\n\n\n\n<p>El tema levant\u00f3 polvareda y ocup\u00f3 los t\u00edtulos de todos los medios de Mendoza y varios nacionales. Estuvo instalado durante todo el \u00faltimo a\u00f1o pero adquiri\u00f3 car\u00e1cter de cuesti\u00f3n de Estado en las \u00faltimas semanas. <\/p>\n\n\n\n<p>Todo empez\u00f3 el<strong> 23 de marzo de 2021<\/strong> cuando la idea del intendente <strong>Marcelino Iglesias<\/strong> de no impulsar ni bancar desde su municipio de Guaymall\u00e9n la elecci\u00f3n de ninguna reina vendimial, por considerar a ese proceso un <strong>\u00abconcurso de belleza\u00bb<\/strong>, tuvo la aprobaci\u00f3n del Concejo Deliberante y se convirti\u00f3 en la <strong>ordenanza N\u00b0 9196\/21.<\/strong>  <\/p>\n\n\n\n<p>A partir de entonces, fue creciendo el descontento de la <strong>Comisi\u00f3n de Reinas Nacionales de la Vendimia (Corenave)<\/strong>, naturalmente en contra de la medida, que si bien tuvo apoyo entre agrupaciones feministas y en el ambiente \u00abintelectual\u00bb, result\u00f3 impopular. Es que la mayor\u00eda de la gente de Mendoza es conservadora y prefiere que las costumbres se mantengan tal cual desde que se instalaron. En este caso, que la elecci\u00f3n de las reinas y la Fiesta sigan siendo m\u00e1s o menos iguales a las primeras en la d\u00e9cada de 1930. En este terreno, parece, no hay mucho espacio para la innovaci\u00f3n, salvo los consabidos retoques \u00abmodernos\u00bb en el gui\u00f3n del <strong>Acto Central en el Anfiteatro Frank Romero Day.<\/strong> C\u00f3mo ser\u00e1, que muchos a\u00fan siguen a\u00f1orando los estruendosos fuegos artificiales, desterrados hace varios a\u00f1os argument\u00e1ndose que contaminan sonoramente, que pueden causar incendios y accidentes y que afectan el sistema auditivo de humanos y animales.<\/p>\n\n\n\n<div style=\"height:20px\" aria-hidden=\"true\" class=\"wp-block-spacer\"><\/div>\n\n\n\n<h4 class=\"has-vivid-red-color has-text-color wp-block-heading\">El 4\/12\/21, en territorio maipucino, un jurado \u00abrebelde\u00bb eligi\u00f3 como reina de Guaymall\u00e9n \u00abrebelde\u00bb a Julieta Lonigro, quien bien podr\u00eda lucir una banda con el t\u00edtulo \u00abReina de Maipull\u00e9n\u00bb<\/h4>\n\n\n\n<div style=\"height:20px\" aria-hidden=\"true\" class=\"wp-block-spacer\"><\/div>\n\n\n\n<p>El hervidero en la olla a presi\u00f3n de la Corenave se transform\u00f3 en vapor rebelde, a tal punto que desde esa entidad se promovi\u00f3<strong> la elecci\u00f3n de una reina de Guaymall\u00e9n en el exilio<\/strong>. As\u00ed, bajo el amparo del intendente peronista de Maip\u00fa, <strong>Mat\u00edas Stevanato<\/strong>, el 4\/12\/21 en el <strong>Museo Nacional del Vino y la Vendimia de Maip\u00fa<\/strong>, un jurado tambi\u00e9n rebelde eligi\u00f3 a <strong>Julieta Lonigro<\/strong> como reina de Guaymall\u00e9n, soberana que, a nuestro criterio, merecer\u00eda llevar el t\u00edtulo de <strong>\u00abReina de Maipull\u00e9n\u00bb. <\/strong><\/p>\n\n\n\n<div style=\"height:20px\" aria-hidden=\"true\" class=\"wp-block-spacer\"><\/div>\n\n\n\n<div class=\"wp-block-image\"><figure class=\"aligncenter size-large\"><img loading=\"lazy\" decoding=\"async\" width=\"888\" height=\"500\" src=\"https:\/\/enolife.com.ar\/es\/wp-content\/uploads\/2022\/02\/julieta-lonigro-reina-blue.jpg\" alt=\"\" class=\"wp-image-55325\" srcset=\"https:\/\/enolife.com.ar\/es\/wp-content\/uploads\/2022\/02\/julieta-lonigro-reina-blue.jpg 888w, https:\/\/enolife.com.ar\/es\/wp-content\/uploads\/2022\/02\/julieta-lonigro-reina-blue-300x169.jpg 300w, https:\/\/enolife.com.ar\/es\/wp-content\/uploads\/2022\/02\/julieta-lonigro-reina-blue-768x432.jpg 768w, https:\/\/enolife.com.ar\/es\/wp-content\/uploads\/2022\/02\/julieta-lonigro-reina-blue-585x329.jpg 585w\" sizes=\"auto, (max-width: 888px) 100vw, 888px\" \/><figcaption><strong><em>Julieta Lonigro \u00abReina blue\u00bb cuando la coronaron en Maip\u00fa<\/em><\/strong><\/figcaption><\/figure><\/div>\n\n\n\n<div style=\"height:20px\" aria-hidden=\"true\" class=\"wp-block-spacer\"><\/div>\n\n\n\n<p>Tras esta ins\u00f3lita elecci\u00f3n, Julieta Lonigro y sus representantes legales, ante la certeza de que no la dejar\u00edan participar en la elecci\u00f3n final, llevaron el caso a la Justicia.<\/p>\n\n\n\n<p>Tras pasar por la <strong>Fiscal\u00eda de Estado<\/strong>, el expediente lleg\u00f3 a la <strong>Suprema Corte provincial<\/strong>, cuyos miembros, con alguna disidencia interna, resolvieron que Guaymall\u00e9n s\u00ed o s\u00ed debe presentar en la Fiesta del Anfiteatro una reina \u00ablegal\u00bb. <\/p>\n\n\n\n<p>Ante la novedad, comenz\u00f3 un tira y afloja para ver qui\u00e9n lucir\u00eda el 5 de marzo la banda mon\u00e1rquica del departamento m\u00e1s poblado de Mendoza. Como era de esperar, Guaymall\u00e9n no aprueba a Lonigro, calificada ir\u00f3nicamente por algunos medios como <strong>\u00abReina Blue\u00bb<\/strong>. As\u00ed que <strong>Marcelino Iglesias<\/strong> opt\u00f3 por aceptar la \u00absugerencia\u00bb del <strong>gobernador Rodolfo \u00abRody\u00bb Su\u00e1rez<\/strong>, de su mismo color pol\u00edtico, de designar a <strong>Sof\u00eda Grangetto<\/strong>, qui\u00e9n viene reinando por <strong>739 d\u00edas<\/strong>, precisamente desde el s\u00e1bado 18 de enero de 2020, cuando fue electa en su fiesta departamental.<\/p>\n\n\n\n<div style=\"height:20px\" aria-hidden=\"true\" class=\"wp-block-spacer\"><\/div>\n\n\n\n<p class=\"has-medium-font-size\"><strong>Soberanas dudas leg\u00edtimas<\/strong><\/p>\n\n\n\n<p>Quedan flotando en el aire varias preguntas que a\u00fan no podemos responder, ya que no hubo aclaraciones oficiales:<\/p>\n\n\n\n<ul class=\"wp-block-list\"><li>\u00bfSof\u00eda Grangetto es elegible como Reina Nacional de la Vendimia, con los mismos derechos que sus competidoras, siendo que ya tuvo su chance en 2020 y no gan\u00f3 la corona?<br><\/li><li>\u00bfJulieta Lonigro ser\u00e1 ignorada para la posteridad o figurar\u00e1 en alg\u00fan anuario de Diario Los Andes como la reina sin corona?<br><\/li><li>\u00bfSe presentar\u00e1 Julieta de cualquier manera pese a las trabas judiciales, por ejemplo a bordo de un carro \u00abpirata\u00bb en el Carrusel y la V\u00eda Blanca?<br> <\/li><li>\u00bfEn este \u00faltimo caso, la polic\u00eda le impedir\u00eda el paso?<br> <\/li><li>\u00bfTendr\u00e1 hinchada y \u00abtrapos\u00bb con su nombre en las gradas del Anfiteatro? \u00bfSi le impiden ir al Anfiteatro, ver\u00e1 la fiesta por televisi\u00f3n?<\/li><\/ul>\n\n\n\n<div style=\"height:20px\" aria-hidden=\"true\" class=\"wp-block-spacer\"><\/div>\n\n\n\n<p>Vertidas nuestras apreciaciones y dudas, s\u00f3lo nos queda completar el panorama publicando textualmente la resoluci\u00f3n de Guaymall\u00e9n que designa a Sof\u00eda Grangetto. Y tambi\u00e9n adjuntando la carta de la propia Sof\u00eda, \u00abuna piba con ilusiones\u00bb, como ella misma se caracteriza, en la que acepta su re-reelecci\u00f3n como representante guaymallina.<\/p>\n\n\n\n<div style=\"height:20px\" aria-hidden=\"true\" class=\"wp-block-spacer\"><\/div>\n\n\n\n<p class=\"has-medium-font-size\"><strong>La Resoluci\u00f3n que suspende la Ordenanza <\/strong><\/p>\n\n\n\n<p>\u00ab<em>La Municipalidad de Guaymall\u00e9n adjunta Resoluci\u00f3n 105-2022 emitida en el d\u00eda de la fecha, oficializando la representante para los eventos de la Fiesta Nacional de la Vendimia 2022 de acuerdo a la medida cautelar dictada por la Suprema Corte de Justicia de la Provincia de Mendoza, y el comunicado de Sof\u00eda Grangetto.<\/em><\/p>\n\n\n\n<p class=\"has-medium-font-size\"><em>\u00abResoluci\u00f3n N\u00ba: RESO-105-202<\/em>2<\/p>\n\n\n\n<p>\u00ab<em>VISTO:<br>La NE N\u00ba 2661-2022 caratulado \u201cSolicitud acto administrativo &#8211; designaci\u00f3n representante vendimia\u00bb; y<\/em><\/p>\n\n\n\n<p>\u00ab<em>CONSIDERANDO:<br>QUE el Municipio de Guaymall\u00e9n, el 23 de marzo del 2021 promulg\u00f3 la Ordenanza N\u00b0 9196\/21 (aprobada el 18\/03\/2021 y publicada en el Bolet\u00edn Oficial del 29\/03\/2021) que proh\u00edbe la organizaci\u00f3n, patrocinio y\/o auspicio por parte del Municipio, de manera directa, de elecciones de reinas, embajadoras y princesas u otras denominaciones similares y concursos de belleza de personas, cualquiera sea su edad, en las distintas celebraciones locales o eventos p\u00fablicos.<\/em><\/p>\n\n\n\n<p><em>\u00abQUE se interpuso una medida cautelar solicitada por Andrea Soledad Reina en su car\u00e1cter de presidenta de la Comisi\u00f3n Nacional de Reinas de la Vendimia, Mar\u00eda Paula Garc\u00eda como representante de la Comisi\u00f3n de Reinas de Guaymall\u00e9n y Julieta Bel\u00e9n Lonigro por su derecho<\/em>.<\/p>\n\n\n\n<p><em>\u00abQUE el d\u00eda 25 de febrero de 2022 la SUPREMA CORTE DE JUSTICIA &#8211; SALA SEGUNDA, de la Provincia de Mendoza, dispuso hacer lugar en forma parcial a la medida cautelar solicitada y disponer en consecuencia<\/em>: <\/p>\n\n\n\n<p>\u00ab<em>\u20264.1\u00b0) Suspender la ejecuci\u00f3n de la Ordenanza n\u00b0 9196 de la Municipalidad del Departamento de Guaymall\u00e9n en su relaci\u00f3n con la Fiesta Nacional de la Vendimia 2022; <\/em><\/p>\n\n\n\n<p><em>4.2\u00b0) Solicitar al Ministerio de Cultura y Turismo del Gobierno de la Provincia de Mendoza, en su car\u00e1cter de autoridad de aplicaci\u00f3n de la Ley 8740, que para el caso de que la Municipalidad del Departamento de Guaymall\u00e9n no oficialice representante departamental para la Fiesta de la Vendimia 2022, \u2026.\u201d<\/em><\/p>\n\n\n\n<p><em>\u00abQUE a fin de acatar lo dispuesto por el Tribunal Cimero de la Provincia y teniendo en cuenta la proximidad del inicio de los eventos de la Fiesta Nacional de la Vendimia para el pr\u00f3ximo domingo 27 de febrero con la ceremonia de la Bendici\u00f3n de los Frutos, se hace imposible aplicar el procedimiento vigente con anterioridad a la sanci\u00f3n de la ordenanza n \u00b0 9196\/21 para la elecci\u00f3n de la candidata para que represente al Municipio de Guaymall\u00e9n, en consecuencia el Ejecutivo Municipal ha decidido oficializar dicha representaci\u00f3n, mediante la Srta. SOF\u00cdA MARINA GRANGETTO, quien fuera elegida siguiendo todos los procedimientos normativos vigentes en dicha oportunidad, y fundamentalmente elegida en el Departamento de Guaymall\u00e9n, en el a\u00f1o 2020.<\/em><\/p>\n\n\n\n<p><em>\u00abPOR ELLO y en uso de sus facultades, conforme lo establece la Ley 1079<\/em>;<\/p>\n\n\n\n<p><em>\u00abEL INTENDENTE MUNICIPAL RESUELVE<\/em><\/p>\n\n\n\n<p><em>\u00abARTICULO 1\u00ba: OFICIALIZAR como representante del Departamento de Guaymall\u00e9n, para los eventos de la Fiesta Nacional de la Vendimia 2022, a la Srta. SOF\u00cdA MARINA GRANGETTO, D.N.I. 42.478.078.<\/em><\/p>\n\n\n\n<p><em>\u00abARTICULO 2\u00ba: NOTIFIQUESE la oficializaci\u00f3n de la Srta. SOF\u00cdA MARINA GRANGETTO, al MINISTERIO DE CULTURA Y TURISMO DE LA PROVINCIA DE MENDOZA<\/em>.<\/p>\n\n\n\n<p><em>\u00abARTICULO 3\u00ba: Reg\u00edstrese. C\u00famplase. Notif\u00edquese. D\u00e9se al Digesto Municipal.- DAL\/BRO<\/em>\u00ab.<\/p>\n\n\n\n<p class=\"has-background has-very-light-gray-background-color\"><strong>Descargar Resoluci\u00f3n N\u00ba: RESO-105-2022: <a href=\"https:\/\/www.guaymallen.gob.ar\/wp-content\/uploads\/2022\/02\/Resolucion-105-2022.pdf\">AQU\u00cd<\/a><\/strong><\/p>\n\n\n\n<div style=\"height:20px\" aria-hidden=\"true\" class=\"wp-block-spacer\"><\/div>\n\n\n\n<p class=\"has-medium-font-size\"><strong>El comunicado con la postura de la reina Sof\u00eda <\/strong><\/p>\n\n\n\n<p>\u00ab<em>Mi nombre es Sof\u00eda Grangetto y represent\u00e9 a Guaymall\u00e9n durante el 2020 y 2021. Actualmente trabajo en el Municipio. Estoy muy contenta con el rol laboral que desempe\u00f1o y sin presiones, no como han intentado instalar. Luego de la resoluci\u00f3n vertida por la Suprema Corte de Justicia, la Municipalidad de Guaymall\u00e9n me convoc\u00f3 y oficializ\u00f3 como su representante, y me siento con el compromiso de asumir este nuevo desaf\u00edo. Por este motivo, durante las \u00faltimas horas me sent\u00ed presionada, agredida y amenazada con el objetivo de no representar al departamento en el que nac\u00ed, me cri\u00e9, vivo y trabajo.<\/em><\/p>\n\n\n\n<p>\u00ab<em>Mi experiencia Yo tambi\u00e9n fui una piba con ilusiones, otras perspectivas y sin saber a lo que me enfrentaba. Sin embargo, cuando sal\u00ed electa Reina departamental 2020, muchas personas me agredieron, cosificaron y juzgaron; sin conocerme y sin importar la repercusi\u00f3n que esto pudiera tener en mi persona. Hoy tengo la oportunidad de vivirlo y mostrarlo desde otro lugar, de otra manera; ocupando un rol distinto.<\/em><\/p>\n\n\n\n<p>\u00ab<em>Para finalizar, quiero dejar en claro que el Municipio me convoc\u00f3 y oficializ\u00f3 como representante de Guaymall\u00e9n. Yo asumo este compromiso, siendo consciente que soy protagonista de una nueva forma de vivir vendimia, con el objetivo de representar este cambio cultural, sin reina. Y, adem\u00e1s, con la responsabilidad de mostrar y expresar lo que viv\u00ed, para que muchas otras chicas, con las mismas ilusiones y sue\u00f1os, no pasen por la misma experiencia.<\/em><\/p>\n\n\n\n<p><em>Hoy, esta es mi postura, y mi Municipio me acompa\u00f1a.<\/em>\u00ab<\/p>\n\n\n\n<p class=\"has-background has-very-light-gray-background-color\"><strong>Descargar Carta Sof\u00eda Grangetto:<\/strong> <a href=\"https:\/\/www.guaymallen.gob.ar\/wp-content\/uploads\/2022\/02\/Comunicado-de-Sofia-Grangetto.pdf\"><strong>AQU\u00cd<\/strong><\/a><\/p>\n","protected":false},"excerpt":{"rendered":"<p>El ins\u00f3lito conflicto que se gener\u00f3 en Mendoza tras la decisi\u00f3n de la comuna de&hellip;<\/p>\n","protected":false},"author":3,"featured_media":55324,"comment_status":"open","ping_status":"open","sticky":false,"template":"","format":"standard","meta":{"footnotes":""},"categories":[14],"tags":[],"class_list":["post-55299","post","type-post","status-publish","format-standard","has-post-thumbnail","hentry","category-news"],"_links":{"self":[{"href":"https:\/\/enolife.com.ar\/es\/wp-json\/wp\/v2\/posts\/55299","targetHints":{"allow":["GET"]}}],"collection":[{"href":"https:\/\/enolife.com.ar\/es\/wp-json\/wp\/v2\/posts"}],"about":[{"href":"https:\/\/enolife.com.ar\/es\/wp-json\/wp\/v2\/types\/post"}],"author":[{"embeddable":true,"href":"https:\/\/enolife.com.ar\/es\/wp-json\/wp\/v2\/users\/3"}],"replies":[{"embeddable":true,"href":"https:\/\/enolife.com.ar\/es\/wp-json\/wp\/v2\/comments?post=55299"}],"version-history":[{"count":0,"href":"https:\/\/enolife.com.ar\/es\/wp-json\/wp\/v2\/posts\/55299\/revisions"}],"wp:featuredmedia":[{"embeddable":true,"href":"https:\/\/enolife.com.ar\/es\/wp-json\/wp\/v2\/media\/55324"}],"wp:attachment":[{"href":"https:\/\/enolife.com.ar\/es\/wp-json\/wp\/v2\/media?parent=55299"}],"wp:term":[{"taxonomy":"category","embeddable":true,"href":"https:\/\/enolife.com.ar\/es\/wp-json\/wp\/v2\/categories?post=55299"},{"taxonomy":"post_tag","embeddable":true,"href":"https:\/\/enolife.com.ar\/es\/wp-json\/wp\/v2\/tags?post=55299"}],"curies":[{"name":"wp","href":"https:\/\/api.w.org\/{rel}","templated":true}]}}