{"id":5514,"date":"2019-12-03T16:30:19","date_gmt":"2019-12-03T16:30:19","guid":{"rendered":"http:\/\/enolife.com.ar\/es\/?p=5514"},"modified":"2020-03-04T19:38:06","modified_gmt":"2020-03-04T19:38:06","slug":"calendario-exposiciones-primer-trimestre-2020-promendoza","status":"publish","type":"post","link":"https:\/\/enolife.com.ar\/es\/calendario-exposiciones-primer-trimestre-2020-promendoza\/","title":{"rendered":"Calendario de exposiciones primer trimestre 2020 &#8211; ProMendoza. Prowine Suspendida"},"content":{"rendered":"\n<p><\/p>\n\n\n\n<div style=\"height:20px\" aria-hidden=\"true\" class=\"wp-block-spacer\"><\/div>\n\n\n\n<div class=\"wp-block-image\"><figure class=\"alignleft\"><img loading=\"lazy\" decoding=\"async\" width=\"100\" height=\"100\" src=\"https:\/\/enolife.com.ar\/es\/wp-content\/uploads\/2019\/12\/fruit-logistica-e1554808259351-3.png\" alt=\"\" class=\"wp-image-5534\"\/><\/figure><\/div>\n\n\n\n<p class=\"has-medium-font-size\"><strong>Fruit Log\u00edstica<\/strong> <strong>Berl\u00edn<\/strong><\/p>\n\n\n\n<p><strong>Sectores de inter\u00e9s:<\/strong> Frutas y Hortalizas frescas<br><strong>Fecha<\/strong>:&nbsp;Del <abbr title=\"2020-02-05\">5 <\/abbr>al <abbr title=\"2020-02-07\">7 de febrero de 2020<\/abbr><br><a href=\"https:\/\/www.fruitlogistica.es\/\">https:\/\/www.fruitlogistica.es\/<\/a><\/p>\n\n\n\n<div style=\"height:20px\" aria-hidden=\"true\" class=\"wp-block-spacer\"><\/div>\n\n\n\n<p><strong>Para mayor informaci\u00f3n comunicarse con:<br><\/strong>Gerardo Arribas <br><a href=\"mailto:garribas@promendoza.com\">garribas@promendoza.com<\/a><br>(0261) 4054700<\/p>\n\n\n\n<div style=\"height:51px\" aria-hidden=\"true\" class=\"wp-block-spacer\"><\/div>\n\n\n\n<hr class=\"wp-block-separator\"\/>\n\n\n\n<div class=\"wp-block-image\"><figure class=\"alignleft is-resized\"><img loading=\"lazy\" decoding=\"async\" src=\"https:\/\/enolife.com.ar\/es\/wp-content\/uploads\/2019\/12\/vinexpo-logo.jpg\" alt=\"\" class=\"wp-image-5537\" width=\"193\" height=\"100\"\/><\/figure><\/div>\n\n\n\n<p class=\"has-medium-font-size\"><strong>Vinexpo New York<\/strong><\/p>\n\n\n\n<p><strong>Sector de inter\u00e9s:<\/strong> Vinos<br><strong>Fecha<\/strong>:&nbsp;<abbr title=\"2020-03-02\">2 al 3 de marzo 2020<\/abbr><br><a href=\"https:\/\/www.vinexponewyork.com\/\">https:\/\/www.vinexponewyork.com\/<\/a> <\/p>\n\n\n\n<div style=\"height:20px\" aria-hidden=\"true\" class=\"wp-block-spacer\"><\/div>\n\n\n\n<p><strong>Para mayor informaci\u00f3n comunicarse con:<\/strong><br>Florencia Rebudero<br><a href=\"mailto:frebudero@promendoza.com\">frebudero@promendoza.com<\/a><br>(0261) 4054700<\/p>\n\n\n\n<div style=\"height:60px\" aria-hidden=\"true\" class=\"wp-block-spacer\"><\/div>\n\n\n\n<hr class=\"wp-block-separator\"\/>\n\n\n\n<div class=\"wp-block-image\"><figure class=\"alignleft is-resized\"><img loading=\"lazy\" decoding=\"async\" src=\"https:\/\/enolife.com.ar\/es\/wp-content\/uploads\/2019\/12\/ProWein-con-fondo.png\" alt=\"\" class=\"wp-image-5540\" width=\"142\" height=\"142\" srcset=\"https:\/\/enolife.com.ar\/es\/wp-content\/uploads\/2019\/12\/ProWein-con-fondo.png 899w, https:\/\/enolife.com.ar\/es\/wp-content\/uploads\/2019\/12\/ProWein-con-fondo-150x150.png 150w, https:\/\/enolife.com.ar\/es\/wp-content\/uploads\/2019\/12\/ProWein-con-fondo-300x300.png 300w, https:\/\/enolife.com.ar\/es\/wp-content\/uploads\/2019\/12\/ProWein-con-fondo-768x769.png 768w, https:\/\/enolife.com.ar\/es\/wp-content\/uploads\/2019\/12\/ProWein-con-fondo-585x586.png 585w\" sizes=\"auto, (max-width: 142px) 100vw, 142px\" \/><\/figure><\/div>\n\n\n\n<p class=\"has-background has-medium-font-size has-luminous-vivid-amber-background-color\"><strong>ProWein<\/strong> <strong>Dusseldorf<\/strong>: <strong>SUSPENDIDA POR CORONAVIRUS<\/strong><\/p>\n\n\n\n<p class=\"has-background has-luminous-vivid-amber-background-color\"><strong>Sector de inter\u00e9s:<\/strong> Vinos<br><strong>Fecha<\/strong>: del 15 al 17 de marzo 2020<br><a href=\"https:\/\/www.prowein.es\/\">https:\/\/www.prowein.es\/<\/a><\/p>\n\n\n\n<div style=\"height:20px\" aria-hidden=\"true\" class=\"wp-block-spacer\"><\/div>\n\n\n\n<p><strong>Para mayor informaci\u00f3n comunicarse con:<\/strong><br>Florencia Rebudero<br><a href=\"mailto:frebudero@promendoza.com\">frebudero@promendoza.com<\/a><br>(0261) 4054700<\/p>\n\n\n\n<hr class=\"wp-block-separator\"\/>\n\n\n\n<p><\/p>\n","protected":false},"excerpt":{"rendered":"<p>Fruit Log\u00edstica Berl\u00edn Sectores de inter\u00e9s: Frutas y Hortalizas frescasFecha:&nbsp;Del 5 al 7 de febrero&hellip;<\/p>\n","protected":false},"author":3,"featured_media":5544,"comment_status":"open","ping_status":"open","sticky":false,"template":"","format":"standard","meta":{"footnotes":""},"categories":[10],"tags":[],"class_list":["post-5514","post","type-post","status-publish","format-standard","has-post-thumbnail","hentry","category-ferias"],"_links":{"self":[{"href":"https:\/\/enolife.com.ar\/es\/wp-json\/wp\/v2\/posts\/5514","targetHints":{"allow":["GET"]}}],"collection":[{"href":"https:\/\/enolife.com.ar\/es\/wp-json\/wp\/v2\/posts"}],"about":[{"href":"https:\/\/enolife.com.ar\/es\/wp-json\/wp\/v2\/types\/post"}],"author":[{"embeddable":true,"href":"https:\/\/enolife.com.ar\/es\/wp-json\/wp\/v2\/users\/3"}],"replies":[{"embeddable":true,"href":"https:\/\/enolife.com.ar\/es\/wp-json\/wp\/v2\/comments?post=5514"}],"version-history":[{"count":0,"href":"https:\/\/enolife.com.ar\/es\/wp-json\/wp\/v2\/posts\/5514\/revisions"}],"wp:featuredmedia":[{"embeddable":true,"href":"https:\/\/enolife.com.ar\/es\/wp-json\/wp\/v2\/media\/5544"}],"wp:attachment":[{"href":"https:\/\/enolife.com.ar\/es\/wp-json\/wp\/v2\/media?parent=5514"}],"wp:term":[{"taxonomy":"category","embeddable":true,"href":"https:\/\/enolife.com.ar\/es\/wp-json\/wp\/v2\/categories?post=5514"},{"taxonomy":"post_tag","embeddable":true,"href":"https:\/\/enolife.com.ar\/es\/wp-json\/wp\/v2\/tags?post=5514"}],"curies":[{"name":"wp","href":"https:\/\/api.w.org\/{rel}","templated":true}]}}