{"id":55069,"date":"2022-02-24T19:56:15","date_gmt":"2022-02-24T19:56:15","guid":{"rendered":"http:\/\/enolife.com.ar\/es\/?p=55069"},"modified":"2022-02-26T13:48:18","modified_gmt":"2022-02-26T13:48:18","slug":"bajo-el-amparo-de-la-patrona-de-los-vinedos-vuelve-al-parque-san-martin-la-bendicion-de-los-frutos","status":"publish","type":"post","link":"https:\/\/enolife.com.ar\/es\/bajo-el-amparo-de-la-patrona-de-los-vinedos-vuelve-al-parque-san-martin-la-bendicion-de-los-frutos\/","title":{"rendered":"Bajo el amparo de la Patrona de los Vi\u00f1edos, vuelve al Parque San Mart\u00edn la Bendici\u00f3n de los Frutos"},"content":{"rendered":"\n<h4 class=\"wp-block-heading\"><em><strong>El pr\u00f3ximo domingo 27\/2 a las 21 hs, el Prado Gaucho del Parque General San Mart\u00edn volver\u00e1 a ser escenario de la tradicional ceremonia lit\u00fargica que rinde homenaje a los productores, cosechadores, hombres y mujeres protagonistas del trabajo vitivin\u00edcola. \u00abCosecha en tiempo nuevo\u00bb es el nombre del espect\u00e1culo que abrir\u00e1 el calendario oficial de la Vendimia 2022, con la direcci\u00f3n de Alejandro Scarpetta y gui\u00f3n de Gloria Bratschi. La entrada es libre y gratuita.<\/strong><\/em><\/h4>\n\n\n\n<div style=\"height:20px\" aria-hidden=\"true\" class=\"wp-block-spacer\"><\/div>\n\n\n<a href=\"https:\/\/www.irrigacion.gov.ar\/web\/\" aria-label=\"irrigaci\u00f3n-1700X500\"><img loading=\"lazy\" decoding=\"async\" src=\"https:\/\/enolife.com.ar\/es\/wp-content\/uploads\/2021\/02\/irrigacion-1700X500.gif\" alt=\"\"  width=\"1700\" height=\"500\"   \/><\/a>\n\n\n<div style=\"height:40px\" aria-hidden=\"true\" class=\"wp-block-spacer\"><\/div>\n\n\n\n<p>La Bendici\u00f3n de los Frutos, el acto lit\u00fargico que abre paso al calendario vendimial, tiene como sentido venerar y poner a los hombres y mujeres de la vitivinicultura bajo la protecci\u00f3n de la Virgen de la Carrodilla, Patrona de los Vi\u00f1edos. En esta ceremonia se agradecen las cosechas del a\u00f1o y se pide protecci\u00f3n contra el granizo, las heladas y las plagas que afectan a los cultivos.<\/p>\n\n\n\n<p>El gobernador Rodolfo Su\u00e1rez participar\u00e1 con el infaltable golpe de reja, mientras que el arzobispo de Mendoza ofrecer\u00e1 la Bendici\u00f3n de los Frutos, junto a la imagen de la Virgen.<\/p>\n\n\n\n<p>En el espect\u00e1culo, el amor, el reencuentro, el brindis y la cosecha gu\u00edan los cuadros art\u00edsticos, que tambi\u00e9n hablan de unidad, agradecimiento, or\u00edgenes, ritmos y cantos. Se anuncia un nuevo a\u00f1o de Vendimia y eso es motivo de celebraci\u00f3n. Y es una invitaci\u00f3n a viajar por los senderos de la m\u00fasica y para compartir los frutos de un tiempo que comienza con la identidad de un pueblo.<\/p>\n\n\n\n<p>Unos 150 coreutas y cerca de 30 m\u00fasicos en vivo acompa\u00f1an esta noche m\u00e1gica junto a actores, bailarines folkl\u00f3ricos y contempor\u00e1neos que le dan vida a esta ceremonia que regresa al Parque General San Mart\u00edn, m\u00e1s precisamente al Prado Gaucho, en su 125\u00b0 aniversario.<\/p>\n\n\n\n<div style=\"height:20px\" aria-hidden=\"true\" class=\"wp-block-spacer\"><\/div>\n\n\n\n<div class=\"wp-block-image\"><figure class=\"aligncenter size-large\"><img loading=\"lazy\" decoding=\"async\" width=\"837\" height=\"513\" src=\"https:\/\/enolife.com.ar\/es\/wp-content\/uploads\/2022\/02\/Imagen2-3.jpg\" alt=\"\" class=\"wp-image-55080\" srcset=\"https:\/\/enolife.com.ar\/es\/wp-content\/uploads\/2022\/02\/Imagen2-3.jpg 837w, https:\/\/enolife.com.ar\/es\/wp-content\/uploads\/2022\/02\/Imagen2-3-300x184.jpg 300w, https:\/\/enolife.com.ar\/es\/wp-content\/uploads\/2022\/02\/Imagen2-3-768x471.jpg 768w, https:\/\/enolife.com.ar\/es\/wp-content\/uploads\/2022\/02\/Imagen2-3-585x359.jpg 585w\" sizes=\"auto, (max-width: 837px) 100vw, 837px\" \/><figcaption><em><strong>Ubicaci\u00f3n del Prado Gaucho en el Parque General San Mart\u00edn (Mendoza)<\/strong><\/em><\/figcaption><\/figure><\/div>\n\n\n\n<div style=\"height:20px\" aria-hidden=\"true\" class=\"wp-block-spacer\"><\/div>\n\n\n\n<p>La primera Bendici\u00f3n de los Frutos se realiz\u00f3 el 2 de abril de 1938, en la Rotonda de los Caballitos de Marly, oficiada por monse\u00f1or Jos\u00e9 Verdaguer y, tal como sucede en esta oportunidad, el escenario elegido fue el Parque General San Mart\u00edn.<\/p>\n\n\n\n<p>El golpe de reja se instituy\u00f3 al a\u00f1o siguiente (1939), cuando el entonces gobernador Rodolfo Corominas Segura inaugur\u00f3 la costumbre de los tres golpes al arado. Reci\u00e9n en 1946, la Bendici\u00f3n de los Frutos comenz\u00f3 a desarrollarse en el Prado Gaucho del Parque General San Mart\u00edn.<\/p>\n\n\n\n<div style=\"height:20px\" aria-hidden=\"true\" class=\"wp-block-spacer\"><\/div>\n\n\n\n<p class=\"has-medium-font-size\"><strong>Equipo art\u00edstico<\/strong><\/p>\n\n\n\n<p>Alejandro Scarpetta. Director Art\u00edstico General, idea y realizaci\u00f3n.<br>Gloria Bratschi. Guion.<br>M\u00f3nica Pacheco. Direcci\u00f3n Musical General.<br>Carlos M\u00e9ndez. Direcci\u00f3n Ensamble, arreglos, composici\u00f3n, producci\u00f3n. Ejecuci\u00f3n en guitarra, guitarr\u00f3n charango y cuatro venezolano.<br>Nicol\u00e1s Diez. Co Direcci\u00f3n Ensamble, arreglos orquestales, producci\u00f3n. Ejecuci\u00f3n en Piano, Teclado 2 y secuencias.<br>Joaqu\u00edn Mart\u00ednez D\u00e1vila. Arreglos Corales<br>Gustavo Aguilera. Asistencia de Direcci\u00f3n General.<br>Sim\u00f3n Abecasis. Asistente de direcci\u00f3n musical y jefe de cuerda. Copista y revisor de Partituras Adaptaciones orquestales.<br>Elizabeth Guerra. Asistente de direcci\u00f3n musical y jefe de cuerda.<br>Lisandro Bert\u00edn. Solista<br>M\u00f3nica Abraham. Solista<br>Mariano Colombo. Pianista acompa\u00f1ante<br>Maciel Heredia. Guitarra<br>Ram\u00f3n \u00c1lvarez. Guitarra. Revisi\u00f3n y guitarra de back up<br>Lucas Mat\u00edas Aguirre. Guitarra<br>Maximiliano Scarpetta. Guitarra<br>Fabio Garro. Teclado y percusi\u00f3n<br>Ariel Far\u00edas. Bajo y teclado<br>\u00c9rica Golvas. Bater\u00eda y percusi\u00f3n<br>Eugenia Moreno. Aer\u00f3fonos andinos y accesorios<br>Anal\u00eda L\u00f3pez. Preparadora vocal<br>Joaqu\u00edn De Luc\u00eda e Ignacia Alc\u00e1ntara. Voces en off<\/p>\n","protected":false},"excerpt":{"rendered":"<p>El pr\u00f3ximo domingo 27\/2 a las 21 hs, el Prado Gaucho del Parque General San&hellip;<\/p>\n","protected":false},"author":3,"featured_media":55076,"comment_status":"open","ping_status":"open","sticky":false,"template":"","format":"standard","meta":{"footnotes":""},"categories":[47],"tags":[],"class_list":["post-55069","post","type-post","status-publish","format-standard","has-post-thumbnail","hentry","category-agenda"],"_links":{"self":[{"href":"https:\/\/enolife.com.ar\/es\/wp-json\/wp\/v2\/posts\/55069","targetHints":{"allow":["GET"]}}],"collection":[{"href":"https:\/\/enolife.com.ar\/es\/wp-json\/wp\/v2\/posts"}],"about":[{"href":"https:\/\/enolife.com.ar\/es\/wp-json\/wp\/v2\/types\/post"}],"author":[{"embeddable":true,"href":"https:\/\/enolife.com.ar\/es\/wp-json\/wp\/v2\/users\/3"}],"replies":[{"embeddable":true,"href":"https:\/\/enolife.com.ar\/es\/wp-json\/wp\/v2\/comments?post=55069"}],"version-history":[{"count":0,"href":"https:\/\/enolife.com.ar\/es\/wp-json\/wp\/v2\/posts\/55069\/revisions"}],"wp:featuredmedia":[{"embeddable":true,"href":"https:\/\/enolife.com.ar\/es\/wp-json\/wp\/v2\/media\/55076"}],"wp:attachment":[{"href":"https:\/\/enolife.com.ar\/es\/wp-json\/wp\/v2\/media?parent=55069"}],"wp:term":[{"taxonomy":"category","embeddable":true,"href":"https:\/\/enolife.com.ar\/es\/wp-json\/wp\/v2\/categories?post=55069"},{"taxonomy":"post_tag","embeddable":true,"href":"https:\/\/enolife.com.ar\/es\/wp-json\/wp\/v2\/tags?post=55069"}],"curies":[{"name":"wp","href":"https:\/\/api.w.org\/{rel}","templated":true}]}}