{"id":54985,"date":"2022-02-23T18:53:49","date_gmt":"2022-02-23T18:53:49","guid":{"rendered":"http:\/\/enolife.com.ar\/es\/?p=54985"},"modified":"2022-02-24T18:49:03","modified_gmt":"2022-02-24T18:49:03","slug":"atractivo-de-vendimia-4-dias-de-feria-de-arte-y-diseno-inclusivos-en-la-peatonal-de-mendoza","status":"publish","type":"post","link":"https:\/\/enolife.com.ar\/es\/atractivo-de-vendimia-4-dias-de-feria-de-arte-y-diseno-inclusivos-en-la-peatonal-de-mendoza\/","title":{"rendered":"Atractivo de Vendimia: 4 d\u00edas de feria de arte y dise\u00f1o inclusivos en la Peatonal de Mendoza"},"content":{"rendered":"\n<h4 class=\"wp-block-heading\"><em><strong>Los pr\u00f3ximos d\u00edas 26 y 27 de febrero, y luego el 11 y 12 de marzo, de 12 a 21 hs en Peatonal Sarmiento y Patricias Mendocinas de la Ciudad de Mendoza, se desarrollar\u00e1 el ciclo \u00abArte Accesible\u00bb, organizado por Encuentro INDI y Misi\u00f3n Verde Soluciones Sustentables. Esta exposici\u00f3n y venta de objetos de arte est\u00e1 especialmente destinada a personas con discapacidad, con especialistas que describir\u00e1n e interpretar\u00e1n las obras y acceso libre y gratuito.<\/strong><\/em><\/h4>\n\n\n\n<div style=\"height:20px\" aria-hidden=\"true\" class=\"wp-block-spacer\"><\/div>\n\n\n<a href=\"https:\/\/instagram.com\/labelsolutions?igshid=YmMyMTA2M2Y=\" aria-label=\"Banner Palero 1700&#215;500\"><img loading=\"lazy\" decoding=\"async\" src=\"https:\/\/enolife.com.ar\/es\/wp-content\/uploads\/2021\/09\/Banner-Palero-1700x500-1.gif\" alt=\"\"  width=\"1700\" height=\"500\"   \/><\/a>\n\n\n<div style=\"height:61px\" aria-hidden=\"true\" class=\"wp-block-spacer\"><\/div>\n\n\n\n<p><strong>\u00abArte Accesible\u00bb<\/strong> es un ciclo en el que el arte visual y el dise\u00f1o creados en Mendoza se exhiben en la calle y al alcance de todos. B\u00e1sicamente, como lo describen sus organizadores, una \u00abexperiencia perceptiva\u00bb.<\/p>\n\n\n\n<p>En la muestra se ofrece como opci\u00f3n la descripci\u00f3n en lengua de se\u00f1as de las obras de arte visual y literarias que ser\u00e1n exhibidas, a cargo de la int\u00e9rprete Ver\u00f3nica Moreno.<\/p>\n\n\n\n<p>Por su parte, las destacadas artistas pl\u00e1sticas mendocinas <strong>Silvina Scalzi<\/strong> y <strong>Susana Zarandon<\/strong> tuvieron a su cargo el montaje de las obras de arte visual. Mientras que la selecci\u00f3n de dise\u00f1adores fue realizada por <strong>Felicitas Fabre Acebedo<\/strong>. <\/p>\n\n\n\n<div style=\"height:20px\" aria-hidden=\"true\" class=\"wp-block-spacer\"><\/div>\n\n\n\n<div class=\"wp-block-image\"><figure class=\"aligncenter size-large is-resized\"><img loading=\"lazy\" decoding=\"async\" src=\"https:\/\/enolife.com.ar\/es\/wp-content\/uploads\/2022\/02\/arte-folleto.jpg\" alt=\"\" class=\"wp-image-54993\" width=\"357\" height=\"357\" srcset=\"https:\/\/enolife.com.ar\/es\/wp-content\/uploads\/2022\/02\/arte-folleto.jpg 720w, https:\/\/enolife.com.ar\/es\/wp-content\/uploads\/2022\/02\/arte-folleto-300x300.jpg 300w, https:\/\/enolife.com.ar\/es\/wp-content\/uploads\/2022\/02\/arte-folleto-150x150.jpg 150w, https:\/\/enolife.com.ar\/es\/wp-content\/uploads\/2022\/02\/arte-folleto-585x585.jpg 585w\" sizes=\"auto, (max-width: 357px) 100vw, 357px\" \/><\/figure><\/div>\n\n\n\n<div style=\"height:20px\" aria-hidden=\"true\" class=\"wp-block-spacer\"><\/div>\n\n\n\n<p>Esta muestra ha sido declarada de <strong>Inter\u00e9s P\u00fablico por la C\u00e1mara de Diputados de Mendoza<\/strong> (Resoluci\u00f3n 863\/2022) y es acompa\u00f1ada por el Municipio Ciudad de Mendoza.<\/p>\n\n\n\n<div style=\"height:20px\" aria-hidden=\"true\" class=\"wp-block-spacer\"><\/div>\n\n\n\n<figure class=\"wp-block-gallery columns-2 is-cropped wp-block-gallery-1 is-layout-flex wp-block-gallery-is-layout-flex\"><ul class=\"blocks-gallery-grid\"><li class=\"blocks-gallery-item\"><figure><img loading=\"lazy\" decoding=\"async\" width=\"696\" height=\"720\" src=\"https:\/\/enolife.com.ar\/es\/wp-content\/uploads\/2022\/02\/arte-1.jpg\" alt=\"\" data-id=\"54988\" class=\"wp-image-54988\" srcset=\"https:\/\/enolife.com.ar\/es\/wp-content\/uploads\/2022\/02\/arte-1.jpg 696w, https:\/\/enolife.com.ar\/es\/wp-content\/uploads\/2022\/02\/arte-1-290x300.jpg 290w, https:\/\/enolife.com.ar\/es\/wp-content\/uploads\/2022\/02\/arte-1-585x605.jpg 585w\" sizes=\"auto, (max-width: 696px) 100vw, 696px\" \/><\/figure><\/li><li class=\"blocks-gallery-item\"><figure><img loading=\"lazy\" decoding=\"async\" width=\"960\" height=\"720\" src=\"https:\/\/enolife.com.ar\/es\/wp-content\/uploads\/2022\/02\/arte.jpg\" alt=\"\" data-id=\"54991\" class=\"wp-image-54991\" srcset=\"https:\/\/enolife.com.ar\/es\/wp-content\/uploads\/2022\/02\/arte.jpg 960w, https:\/\/enolife.com.ar\/es\/wp-content\/uploads\/2022\/02\/arte-300x225.jpg 300w, https:\/\/enolife.com.ar\/es\/wp-content\/uploads\/2022\/02\/arte-768x576.jpg 768w, https:\/\/enolife.com.ar\/es\/wp-content\/uploads\/2022\/02\/arte-585x439.jpg 585w\" sizes=\"auto, (max-width: 960px) 100vw, 960px\" \/><\/figure><\/li><\/ul><\/figure>\n\n\n\n<div style=\"height:20px\" aria-hidden=\"true\" class=\"wp-block-spacer\"><\/div>\n\n\n\n<p>Con acceso libre y gratuito, esta actividad se integra al calendario de espect\u00e1culos y ferias de Vendimia de la Capital mendocina, y resulta un atractivo m\u00e1s para el p\u00fablico local y los turistas, con la posibilidad de adquirir obras de arte y objetos de dise\u00f1o a precios razonables, a la vez que de vincularse con los artistas y dise\u00f1adores que las han creado.<\/p>\n\n\n\n<div style=\"height:20px\" aria-hidden=\"true\" class=\"wp-block-spacer\"><\/div>\n\n\n\n<figure class=\"wp-block-gallery columns-2 is-cropped wp-block-gallery-2 is-layout-flex wp-block-gallery-is-layout-flex\"><ul class=\"blocks-gallery-grid\"><li class=\"blocks-gallery-item\"><figure><img loading=\"lazy\" decoding=\"async\" width=\"576\" height=\"720\" src=\"https:\/\/enolife.com.ar\/es\/wp-content\/uploads\/2022\/02\/arte-3.jpg\" alt=\"\" data-id=\"54990\" class=\"wp-image-54990\" srcset=\"https:\/\/enolife.com.ar\/es\/wp-content\/uploads\/2022\/02\/arte-3.jpg 576w, https:\/\/enolife.com.ar\/es\/wp-content\/uploads\/2022\/02\/arte-3-240x300.jpg 240w\" sizes=\"auto, (max-width: 576px) 100vw, 576px\" \/><\/figure><\/li><li class=\"blocks-gallery-item\"><figure><img loading=\"lazy\" decoding=\"async\" width=\"540\" height=\"720\" src=\"https:\/\/enolife.com.ar\/es\/wp-content\/uploads\/2022\/02\/arte-2.jpg\" alt=\"\" data-id=\"54989\" class=\"wp-image-54989\" srcset=\"https:\/\/enolife.com.ar\/es\/wp-content\/uploads\/2022\/02\/arte-2.jpg 540w, https:\/\/enolife.com.ar\/es\/wp-content\/uploads\/2022\/02\/arte-2-225x300.jpg 225w\" sizes=\"auto, (max-width: 540px) 100vw, 540px\" \/><\/figure><\/li><\/ul><\/figure>\n\n\n\n<div style=\"height:20px\" aria-hidden=\"true\" class=\"wp-block-spacer\"><\/div>\n\n\n\n<p>En s\u00edntesis, la feria <strong>\u00abArte Accesible\u00bb<\/strong> tendr\u00e1 sus dos primeras jornadas estos pr\u00f3ximos d\u00edas s\u00e1bado 26\/2 y domingo 27\/2 en la vereda de la Legislatura, ubicada en la intersecci\u00f3n de calles Patricias Mendocinas y Peatonal Sarmiento de la Ciudad de Mendoza. El horario en que estar\u00e1n montados los puestos de arte es entre las 12 y las 21 horas. En marzo, las fechas de la exposici\u00f3n ser\u00e1n los d\u00edas 11 y 12 de ese mes, en el mismo horario.<\/p>\n\n\n\n<div style=\"height:54px\" aria-hidden=\"true\" class=\"wp-block-spacer\"><\/div>\n\n\n\n<div style=\"height:20px\" aria-hidden=\"true\" class=\"wp-block-spacer\"><\/div>\n","protected":false},"excerpt":{"rendered":"<p>Los pr\u00f3ximos d\u00edas 26 y 27 de febrero, y luego el 11 y 12 de&hellip;<\/p>\n","protected":false},"author":3,"featured_media":55014,"comment_status":"open","ping_status":"open","sticky":false,"template":"","format":"standard","meta":{"footnotes":""},"categories":[47],"tags":[],"class_list":["post-54985","post","type-post","status-publish","format-standard","has-post-thumbnail","hentry","category-agenda"],"_links":{"self":[{"href":"https:\/\/enolife.com.ar\/es\/wp-json\/wp\/v2\/posts\/54985","targetHints":{"allow":["GET"]}}],"collection":[{"href":"https:\/\/enolife.com.ar\/es\/wp-json\/wp\/v2\/posts"}],"about":[{"href":"https:\/\/enolife.com.ar\/es\/wp-json\/wp\/v2\/types\/post"}],"author":[{"embeddable":true,"href":"https:\/\/enolife.com.ar\/es\/wp-json\/wp\/v2\/users\/3"}],"replies":[{"embeddable":true,"href":"https:\/\/enolife.com.ar\/es\/wp-json\/wp\/v2\/comments?post=54985"}],"version-history":[{"count":0,"href":"https:\/\/enolife.com.ar\/es\/wp-json\/wp\/v2\/posts\/54985\/revisions"}],"wp:featuredmedia":[{"embeddable":true,"href":"https:\/\/enolife.com.ar\/es\/wp-json\/wp\/v2\/media\/55014"}],"wp:attachment":[{"href":"https:\/\/enolife.com.ar\/es\/wp-json\/wp\/v2\/media?parent=54985"}],"wp:term":[{"taxonomy":"category","embeddable":true,"href":"https:\/\/enolife.com.ar\/es\/wp-json\/wp\/v2\/categories?post=54985"},{"taxonomy":"post_tag","embeddable":true,"href":"https:\/\/enolife.com.ar\/es\/wp-json\/wp\/v2\/tags?post=54985"}],"curies":[{"name":"wp","href":"https:\/\/api.w.org\/{rel}","templated":true}]}}