{"id":54983,"date":"2022-02-24T02:38:10","date_gmt":"2022-02-24T02:38:10","guid":{"rendered":"http:\/\/enolife.com.ar\/es\/?p=54983"},"modified":"2022-02-26T13:47:42","modified_gmt":"2022-02-26T13:47:42","slug":"la-vendimia-aterriza-en-el-distrito-del-vino-de-buenos-aires-con-shows-y-descuentos-del-4-al-7-3","status":"publish","type":"post","link":"https:\/\/enolife.com.ar\/es\/la-vendimia-aterriza-en-el-distrito-del-vino-de-buenos-aires-con-shows-y-descuentos-del-4-al-7-3\/","title":{"rendered":"La Vendimia aterriza en el Distrito del Vino de Buenos Aires con shows y descuentos del 4 al 7\/3"},"content":{"rendered":"\n<h4 class=\"wp-block-heading\"><em><strong>Mendoza present\u00f3 el 22\/2 la Fiesta Nacional de la Vendimia en el Distrito del Vino de la Ciudad de Buenos Aires (CABA), ubicado en los barrios de Villa Devoto, La Paternal y Villa del Parque. En restaurantes, teatros, plazas y viner\u00edas de ese novedoso circuito la Fiesta m\u00e1xima de la provincia tomar\u00e1 el nombre de \u00abVendimia BA\u00bb, del 4 al 7 de marzo. De este modo la fiesta m\u00e1xima de los mendocinos sienta base en territorio porte\u00f1o, con descuentos en gastronom\u00eda y shows en vivo de artistas mendocinos.<\/strong><\/em><\/h4>\n\n\n\n<div style=\"height:25px\" aria-hidden=\"true\" class=\"wp-block-spacer\"><\/div>\n\n\n\n\n\n<div style=\"height:59px\" aria-hidden=\"true\" class=\"wp-block-spacer\"><\/div>\n\n\n\n<p>El Distrito del Vino est\u00e1 ubicado entre los barrios de Villa Devoto, La Paternal y Villa del Parque y tiene como objetivo que diferentes referentes del mundo vitivin\u00edcola del pa\u00eds se instalen en la Ciudad capital de la Argentina a trav\u00e9s de la apertura de vinotecas, cavas y centros de cata, escuelas del vino, showrooms de venta, capacitaciones y diferentes experiencias gastron\u00f3micas.<\/p>\n\n\n\n<p>Las empresas que forman parte de esta movida son acompa\u00f1adas por el Gobierno de la Ciudad mediante el pago a cuenta sobre Ingresos Brutos de la inversi\u00f3n inicial, con entre un 50 a 70% del monto invertido.<\/p>\n\n\n\n<p>Este proyecto es una apuesta p\u00fablico-privada que para la Ciudad de Buenos Aires representa una oportunidad de integrarse con las regiones productoras de vino, pasando a ser sede y promotora de uno de los productos emblem\u00e1ticos y federales del pa\u00eds, como lo es el vino argentino como marca nacional.<\/p>\n\n\n\n<div style=\"height:20px\" aria-hidden=\"true\" class=\"wp-block-spacer\"><\/div>\n\n\n\n<figure class=\"wp-block-gallery columns-2 is-cropped wp-block-gallery-1 is-layout-flex wp-block-gallery-is-layout-flex\"><ul class=\"blocks-gallery-grid\"><li class=\"blocks-gallery-item\"><figure><img loading=\"lazy\" decoding=\"async\" width=\"960\" height=\"720\" src=\"https:\/\/enolife.com.ar\/es\/wp-content\/uploads\/2022\/02\/Imagen3-3.jpg\" alt=\"\" data-id=\"55045\" class=\"wp-image-55045\" srcset=\"https:\/\/enolife.com.ar\/es\/wp-content\/uploads\/2022\/02\/Imagen3-3.jpg 960w, https:\/\/enolife.com.ar\/es\/wp-content\/uploads\/2022\/02\/Imagen3-3-300x225.jpg 300w, https:\/\/enolife.com.ar\/es\/wp-content\/uploads\/2022\/02\/Imagen3-3-768x576.jpg 768w, https:\/\/enolife.com.ar\/es\/wp-content\/uploads\/2022\/02\/Imagen3-3-585x439.jpg 585w\" sizes=\"auto, (max-width: 960px) 100vw, 960px\" \/><\/figure><\/li><li class=\"blocks-gallery-item\"><figure><img loading=\"lazy\" decoding=\"async\" width=\"960\" height=\"720\" src=\"https:\/\/enolife.com.ar\/es\/wp-content\/uploads\/2022\/02\/Imagen7-1.jpg\" alt=\"\" data-id=\"55050\" class=\"wp-image-55050\" srcset=\"https:\/\/enolife.com.ar\/es\/wp-content\/uploads\/2022\/02\/Imagen7-1.jpg 960w, https:\/\/enolife.com.ar\/es\/wp-content\/uploads\/2022\/02\/Imagen7-1-300x225.jpg 300w, https:\/\/enolife.com.ar\/es\/wp-content\/uploads\/2022\/02\/Imagen7-1-768x576.jpg 768w, https:\/\/enolife.com.ar\/es\/wp-content\/uploads\/2022\/02\/Imagen7-1-585x439.jpg 585w\" sizes=\"auto, (max-width: 960px) 100vw, 960px\" \/><\/figure><\/li><\/ul><\/figure>\n\n\n\n<figure class=\"wp-block-gallery columns-2 is-cropped wp-block-gallery-2 is-layout-flex wp-block-gallery-is-layout-flex\"><ul class=\"blocks-gallery-grid\"><li class=\"blocks-gallery-item\"><figure><img loading=\"lazy\" decoding=\"async\" width=\"540\" height=\"720\" src=\"https:\/\/enolife.com.ar\/es\/wp-content\/uploads\/2022\/02\/Imagen5-2.jpg\" alt=\"\" data-id=\"55047\" class=\"wp-image-55047\" srcset=\"https:\/\/enolife.com.ar\/es\/wp-content\/uploads\/2022\/02\/Imagen5-2.jpg 540w, https:\/\/enolife.com.ar\/es\/wp-content\/uploads\/2022\/02\/Imagen5-2-225x300.jpg 225w\" sizes=\"auto, (max-width: 540px) 100vw, 540px\" \/><\/figure><\/li><li class=\"blocks-gallery-item\"><figure><img loading=\"lazy\" decoding=\"async\" width=\"960\" height=\"720\" src=\"https:\/\/enolife.com.ar\/es\/wp-content\/uploads\/2022\/02\/Imagen6-1.jpg\" alt=\"\" data-id=\"55048\" class=\"wp-image-55048\" srcset=\"https:\/\/enolife.com.ar\/es\/wp-content\/uploads\/2022\/02\/Imagen6-1.jpg 960w, https:\/\/enolife.com.ar\/es\/wp-content\/uploads\/2022\/02\/Imagen6-1-300x225.jpg 300w, https:\/\/enolife.com.ar\/es\/wp-content\/uploads\/2022\/02\/Imagen6-1-768x576.jpg 768w, https:\/\/enolife.com.ar\/es\/wp-content\/uploads\/2022\/02\/Imagen6-1-585x439.jpg 585w\" sizes=\"auto, (max-width: 960px) 100vw, 960px\" \/><\/figure><\/li><\/ul><\/figure>\n\n\n\n<div style=\"height:20px\" aria-hidden=\"true\" class=\"wp-block-spacer\"><\/div>\n\n\n\n<p>Durante la presentaci\u00f3n, la <strong>ministra de Turismo y Cultura de Mendoza, Nora Vicario<\/strong>, sostuvo: <em>\u00abEstamos contentos y agradecidos de haber trabajado con la Ciudad\u00bb<\/em>. Tambi\u00e9n asegur\u00f3 que <em>\u00abesta es una mirada estrat\u00e9gica\u00bb<\/em>, que une a Mendoza con Buenos Aires, y agreg\u00f3: <em>\u00abestos eventos son posibles por la decisi\u00f3n del gobernador Rodolfo Su\u00e1rez de volver a tener una Vendimia presencial, sosteniendo el plan de m\u00e1xima propuesto, lo que nos permite celebrar, una vez m\u00e1s, nuestra fiesta mayor y mostarla al mundo\u201d.<\/em><\/p>\n\n\n\n<p>Sobre la celebraci\u00f3n de Vendimia BA en CABA, la ministra destac\u00f3: <em>\u00abEsta iniciativa es un orgullo para Mendoza, porque consideramos que los vecinos del Distrito del Vino son los verdaderos anfitriones. Vendimia es vino, alegr\u00eda, cultura y pasi\u00f3n\u201d.<\/em><\/p>\n\n\n\n<p>Asimismo, <strong>el jefe de Gobierno porte\u00f1o, Horacio Rodr\u00edguez Larreta<\/strong>, indic\u00f3: <em>\u00abQueremos generar sinergias para potenciar el desarrollo productivo federal y promover el desarrollo de las econom\u00edas regionales m\u00e1s competitivas de la Argentina, como la vitivin\u00edcola, para generar trabajo. Este nuevo Distrito, que inicia con Vendimia BA, ser\u00e1 una excelente vidriera nacional e internacional, para bodegas de todo el pa\u00eds, a la vez que potenciar\u00e1 el turismo y la oferta gastron\u00f3mica en el barrio\u00bb<\/em>.<\/p>\n\n\n\n<p>En este contexto, los vecinos disfrutar\u00e1n de promociones especiales en locales gastron\u00f3micos en toda la Ciudad de Buenos Aires y podr\u00e1n participar de shows musicales en el nuevo Distrito del Vino, ubicado en la Comuna 11. En el marco de esta iniciativa, el viernes 4 de marzo se realizar\u00e1 un show de m\u00fasica en vivo, en la Plaza Arenales de Villa Devoto, con los artistas mendocinos DJ Coco, Juan Julian y Eve Calleti.<\/p>\n\n\n\n<div style=\"height:20px\" aria-hidden=\"true\" class=\"wp-block-spacer\"><\/div>\n\n\n\n<div class=\"wp-block-image\"><figure class=\"aligncenter\"><img decoding=\"async\" src=\"https:\/\/media.minutouno.com\/p\/9a4fbe182ca9ae2a59544c978469dc22\/adjuntos\/150\/imagenes\/039\/353\/0039353331\/730x0\/smart\/distrito-del-vino-cabajpg.jpg\" alt=\"Qu\u00e9 hacer en el Distrito del Vino de la Ciudad de Buenos Aires\"\/><figcaption><strong><em>Ubicaci\u00f3n del Distrito del Vino en CABA<\/em><\/strong><\/figcaption><\/figure><\/div>\n\n\n\n<div style=\"height:20px\" aria-hidden=\"true\" class=\"wp-block-spacer\"><\/div>\n\n\n\n<p>Del lanzamiento participaron el jefe de Gabinete porte\u00f1o, Felipe Miguel; el ministro de Gobierno y Asuntos Interjurisdiccionales, Jorge Macri; el ministro de Desarrollo Econ\u00f3mico y Producci\u00f3n, Jos\u00e9 Luis Giusti y el ministro de Cultura, Enrique Avogadro.<\/p>\n\n\n\n<div style=\"height:20px\" aria-hidden=\"true\" class=\"wp-block-spacer\"><\/div>\n\n\n\n<blockquote class=\"wp-block-quote is-layout-flow wp-block-quote-is-layout-flow\"><p>Esta iniciativa es un orgullo para Mendoza, porque consideramos que los vecinos del Distrito del Vino son los verdaderos anfitriones. Vendimia es vino, alegr\u00eda, cultura y pasi\u00f3n.<\/p><cite><strong>Nora Vicario, ministra de Turismo y Cultura de Mendoza<\/strong><\/cite><\/blockquote>\n\n\n\n<div style=\"height:20px\" aria-hidden=\"true\" class=\"wp-block-spacer\"><\/div>\n\n\n\n<p><strong>Miguel <\/strong>dijo que el objetivo de esta iniciativa es <em>\u00abcompartir con la provincia de Mendoza la Vendimia, que significa tanto para todos los mendocinos\u00bb <\/em>y afirm\u00f3:<em> \u00abLos acompa\u00f1amos en ese esp\u00edritu festivo con el vino, uno de los orgullos nacionales y de los productos m\u00e1s importantes de la Argentina<\/em>\u00ab.<\/p>\n\n\n\n<p>Asimismo, explic\u00f3 que <em>\u00abel Distrito del Vino est\u00e1 teniendo mucho \u00e9xito<\/em>\u00bb y destac\u00f3: <em>\u00abNos entusiasma much\u00edsimo que muchas bodegas y cavas promuevan el vino\u00bb.<\/em><\/p>\n\n\n\n<p>En tanto, <strong>Jorge Macri <\/strong>apunt\u00f3: <em>\u00abNos encanta disfrutar de cada rinc\u00f3n de la Argentina y que la gente pueda viajar. La Fiesta de la Vendimia va a recibir much\u00edsima gente en Mendoza y nosotros queremos que los que no puedan ir all\u00e1 la disfruten ac\u00e1, particularmente en el Distrito del Vino\u00bb<\/em>. En esta l\u00ednea, el ministro porte\u00f1o remarc\u00f3 que<em> \u00abser\u00e1n d\u00edas muy lindos con shows y espect\u00e1culos\u00bb.<\/em><\/p>\n\n\n\n<div style=\"height:20px\" aria-hidden=\"true\" class=\"wp-block-spacer\"><\/div>\n\n\n\n<blockquote class=\"wp-block-quote is-layout-flow wp-block-quote-is-layout-flow\"><p>Queremos generar sinergias para potenciar el desarrollo productivo federal y promover el desarrollo de las econom\u00edas regionales m\u00e1s competitivas de la Argentina, como la vitivin\u00edcola, para generar trabajo.<\/p><cite><strong>Horacio Rodr\u00edguez Larreta, jefe de Gobierno de la Ciudad de Buenos Aires<\/strong><\/cite><\/blockquote>\n\n\n\n<div style=\"height:20px\" aria-hidden=\"true\" class=\"wp-block-spacer\"><\/div>\n\n\n\n<p><strong>Giusti<\/strong>, por su parte, afirm\u00f3 que <em>\u00abpor primera vez la Fiesta de la Vendimia tambi\u00e9n se celebrar\u00e1 en Buenos Aires<\/em>\u00ab, y detall\u00f3: <em>\u00abVa a haber descuentos en gastronom\u00eda y en viner\u00eda para que la gente se empiece a acostumbrar a ver a los barrios de Devoto, Paternal y Villa del Parque como el Distrito del Vino\u00bb.<\/em><\/p>\n\n\n\n<p>Por \u00faltimo, <strong>Avogadro <\/strong>manifest\u00f3 que <em>\u00abes una buena oportunidad para conectarse con la cultura y la gastronom\u00eda de Mendoza, pero tambi\u00e9n para celebrar este puente con aquella provincia que tanto queremos\u00bb<\/em>.<\/p>\n\n\n\n<p>Del lanzamiento tambi\u00e9n participaron la ministra de Espacio P\u00fablico e Higiene Urbana de la Ciudad de Buenos Aires, Clara Muzzio; y el subsecretario de Pol\u00edticas Gastron\u00f3micas, H\u00e9ctor Gatto.<\/p>\n\n\n\n<div style=\"height:35px\" aria-hidden=\"true\" class=\"wp-block-spacer\"><\/div>\n","protected":false},"excerpt":{"rendered":"<p>Mendoza present\u00f3 el 22\/2 la Fiesta Nacional de la Vendimia en el Distrito del Vino&hellip;<\/p>\n","protected":false},"author":3,"featured_media":55052,"comment_status":"open","ping_status":"open","sticky":false,"template":"","format":"standard","meta":{"footnotes":""},"categories":[14],"tags":[],"class_list":["post-54983","post","type-post","status-publish","format-standard","has-post-thumbnail","hentry","category-news"],"_links":{"self":[{"href":"https:\/\/enolife.com.ar\/es\/wp-json\/wp\/v2\/posts\/54983","targetHints":{"allow":["GET"]}}],"collection":[{"href":"https:\/\/enolife.com.ar\/es\/wp-json\/wp\/v2\/posts"}],"about":[{"href":"https:\/\/enolife.com.ar\/es\/wp-json\/wp\/v2\/types\/post"}],"author":[{"embeddable":true,"href":"https:\/\/enolife.com.ar\/es\/wp-json\/wp\/v2\/users\/3"}],"replies":[{"embeddable":true,"href":"https:\/\/enolife.com.ar\/es\/wp-json\/wp\/v2\/comments?post=54983"}],"version-history":[{"count":0,"href":"https:\/\/enolife.com.ar\/es\/wp-json\/wp\/v2\/posts\/54983\/revisions"}],"wp:featuredmedia":[{"embeddable":true,"href":"https:\/\/enolife.com.ar\/es\/wp-json\/wp\/v2\/media\/55052"}],"wp:attachment":[{"href":"https:\/\/enolife.com.ar\/es\/wp-json\/wp\/v2\/media?parent=54983"}],"wp:term":[{"taxonomy":"category","embeddable":true,"href":"https:\/\/enolife.com.ar\/es\/wp-json\/wp\/v2\/categories?post=54983"},{"taxonomy":"post_tag","embeddable":true,"href":"https:\/\/enolife.com.ar\/es\/wp-json\/wp\/v2\/tags?post=54983"}],"curies":[{"name":"wp","href":"https:\/\/api.w.org\/{rel}","templated":true}]}}