{"id":54851,"date":"2022-03-27T14:02:29","date_gmt":"2022-03-27T14:02:29","guid":{"rendered":"http:\/\/enolife.com.ar\/es\/?p=54851"},"modified":"2022-03-31T19:34:38","modified_gmt":"2022-03-31T19:34:38","slug":"hasta-el-23-4-hay-tiempo-para-presentar-trabajos-cientificos-sobre-vino-al-congreso-mundial-de-la-oiv","status":"publish","type":"post","link":"https:\/\/enolife.com.ar\/es\/hasta-el-23-4-hay-tiempo-para-presentar-trabajos-cientificos-sobre-vino-al-congreso-mundial-de-la-oiv\/","title":{"rendered":"Hasta el 23\/4 hay tiempo para presentar trabajos cient\u00edficos sobre vino al Congreso Mundial de la OIV"},"content":{"rendered":"\n<h4 class=\"wp-block-heading\"><em><strong>Este a\u00f1o 2022 se celebrar\u00e1 el 43avo. Congreso de la Vi\u00f1a y el Vino y la 20ava. Asamblea General de la Organizaci\u00f3n Internacional de la Vi\u00f1a y el Vino (OIV). Ambas reuniones cumbre tendr\u00e1n lugar&nbsp;del 31 de octubre al 4 de noviembre pr\u00f3ximos en Ensenada, Baja California (M\u00e9xico) en el Baja California Center. Quienes quieran participar con sus informes cient\u00edfico-enol\u00f3gicos deben enviar un resumen de los mismos a la&nbsp;<a href=\"https:\/\/www.oiv.int\/congres\/OIV2022MEX\/first-page\" target=\"_blank\" rel=\"noreferrer noopener\">plataforma de res\u00famenes de la OIV<\/a> antes del 23 de abril, y si la presentaci\u00f3n es aprobada, la versi\u00f3n definitiva de los trabajos se recibir\u00e1 hasta el 9 de setiembre pr\u00f3ximo.<\/strong><\/em><\/h4>\n\n\n\n<div style=\"height:62px\" aria-hidden=\"true\" class=\"wp-block-spacer\"><\/div>\n\n\n\n\n\n<div style=\"height:52px\" aria-hidden=\"true\" class=\"wp-block-spacer\"><\/div>\n\n\n\n<p>Luego de 2 a\u00f1os, se vuelve a celebrar 43avo. Congreso de la Vi\u00f1a y el Vino y la 20ava. Asamblea General de la OIV, del 31\/10 hasta el 4\/11\/22. Esta vez ser\u00e1 en M\u00e9xico y reunir\u00e1 a los&nbsp;principales especialistas en viticultura y enolog\u00eda, as\u00ed como en&nbsp;salud,&nbsp;seguridad,&nbsp;ley&nbsp;y&nbsp;econom\u00eda&nbsp;en relaci\u00f3n a la&nbsp;viticultura. <strong>La tem\u00e1tica elegida es&nbsp;\u201cRetos actuales: sostenibilidad, covid y cambio clim\u00e1tico\u201d.<\/strong><\/p>\n\n\n\n<div style=\"height:20px\" aria-hidden=\"true\" class=\"wp-block-spacer\"><\/div>\n\n\n\n<p class=\"has-background has-very-light-gray-background-color\"><strong>Para saber m\u00e1s sobre el Congreso y registrarse, los interesados pueden consultar&nbsp;<a href=\"https:\/\/oiv2022.mx\/es\/inicio\/\" target=\"_blank\" rel=\"noreferrer noopener\">el sitio web del Congreso<\/a>.<\/strong><\/p>\n\n\n\n<div style=\"height:20px\" aria-hidden=\"true\" class=\"wp-block-spacer\"><\/div>\n\n\n\n<p class=\"has-medium-font-size\"><strong>Fechas importantes del Congreso<\/strong><\/p>\n\n\n\n<p>\u2022 Plazo para el env\u00edo de los res\u00famenes:&nbsp;<strong>23 de abril de 2022<\/strong><br>\u2022 Informaci\u00f3n sobre la decisi\u00f3n:&nbsp;<strong>26 de mayo de 2022<\/strong><br>\u2022 Plazo para el env\u00edo de la versi\u00f3n definitiva de los trabajos:&nbsp;<strong>9 de septiembre de 2022<\/strong><\/p>\n\n\n\n<p class=\"has-background has-very-light-gray-background-color\"><a href=\"http:\/\/www.oiv.int\/public\/medias\/8700\/oiv2022mx-call-for-paper-en.pdf\"><strong>Leer la Convocatoria para el env\u00edo de trabajos<\/strong><\/a><\/p>\n\n\n\n<div style=\"height:29px\" aria-hidden=\"true\" class=\"wp-block-spacer\"><\/div>\n\n\n\n<figure class=\"wp-block-embed-youtube aligncenter wp-block-embed is-type-video is-provider-youtube wp-embed-aspect-16-9 wp-has-aspect-ratio\"><div class=\"wp-block-embed__wrapper\">\n<iframe loading=\"lazy\" title=\"Presentation OIV Congress in Mexico 2021\" width=\"1170\" height=\"658\" src=\"https:\/\/www.youtube.com\/embed\/7kWK7cipUX4?feature=oembed\" frameborder=\"0\" allow=\"accelerometer; autoplay; clipboard-write; encrypted-media; gyroscope; picture-in-picture\" allowfullscreen><\/iframe>\n<\/div><\/figure>\n\n\n\n<div style=\"height:33px\" aria-hidden=\"true\" class=\"wp-block-spacer\"><\/div>\n\n\n\n<p class=\"has-medium-font-size\"><strong>Baja California <\/strong><\/p>\n\n\n\n<div class=\"wp-block-image\"><figure class=\"alignleft is-resized\"><img loading=\"lazy\" decoding=\"async\" src=\"https:\/\/www.tecnovino.com\/wp-content\/uploads\/2022\/02\/Tecnovino-Baja-California-Mexico.jpg\" alt=\"Tecnovino Baja California M\u00e9xico\" width=\"265\" height=\"332\"\/><\/figure><\/div>\n\n\n\n<p>Es uno de los 14 estados productores vitivin\u00edcolas de <strong>M\u00e9xico<\/strong>. <\/p>\n\n\n\n<p>Actualmente contribuye al 75 % de la producci\u00f3n nacional.<\/p>\n\n\n\n<p>Su geograf\u00eda colinda con el <strong>oc\u00e9ano Pac\u00edfico<\/strong>, lo que le aporta su clima mediterr\u00e1neo, ideal para la producci\u00f3n de vino. <\/p>\n\n\n\n<p>Sus valles agr\u00edcolas se sit\u00faan entre 20 y 550 metros sobre el nivel del mar. <\/p>\n\n\n\n<p>Baja California actualmente alberga 260 productores de vid y 170 proyectos vin\u00edcolas, lo que representa el 70 % de todo el pa\u00eds. <\/p>\n\n\n\n<p>Es el estado con la mayor diversidad de uvas utilizadas para la elaboraci\u00f3n de vino, tanto con fines productivos como experimentales. Su famoso <strong>Valle de Guadalupe<\/strong> es una plataforma tur\u00edstica para en\u00f3filos, pero tambi\u00e9n para las personas que quieren iniciarse en la industria del vino.<\/p>\n\n\n\n<div style=\"height:69px\" aria-hidden=\"true\" class=\"wp-block-spacer\"><\/div>\n","protected":false},"excerpt":{"rendered":"<p>Este a\u00f1o 2022 se celebrar\u00e1 el 43avo. Congreso de la Vi\u00f1a y el Vino y&hellip;<\/p>\n","protected":false},"author":3,"featured_media":57679,"comment_status":"open","ping_status":"open","sticky":false,"template":"","format":"standard","meta":{"footnotes":""},"categories":[47],"tags":[],"class_list":["post-54851","post","type-post","status-publish","format-standard","has-post-thumbnail","hentry","category-agenda"],"_links":{"self":[{"href":"https:\/\/enolife.com.ar\/es\/wp-json\/wp\/v2\/posts\/54851","targetHints":{"allow":["GET"]}}],"collection":[{"href":"https:\/\/enolife.com.ar\/es\/wp-json\/wp\/v2\/posts"}],"about":[{"href":"https:\/\/enolife.com.ar\/es\/wp-json\/wp\/v2\/types\/post"}],"author":[{"embeddable":true,"href":"https:\/\/enolife.com.ar\/es\/wp-json\/wp\/v2\/users\/3"}],"replies":[{"embeddable":true,"href":"https:\/\/enolife.com.ar\/es\/wp-json\/wp\/v2\/comments?post=54851"}],"version-history":[{"count":0,"href":"https:\/\/enolife.com.ar\/es\/wp-json\/wp\/v2\/posts\/54851\/revisions"}],"wp:featuredmedia":[{"embeddable":true,"href":"https:\/\/enolife.com.ar\/es\/wp-json\/wp\/v2\/media\/57679"}],"wp:attachment":[{"href":"https:\/\/enolife.com.ar\/es\/wp-json\/wp\/v2\/media?parent=54851"}],"wp:term":[{"taxonomy":"category","embeddable":true,"href":"https:\/\/enolife.com.ar\/es\/wp-json\/wp\/v2\/categories?post=54851"},{"taxonomy":"post_tag","embeddable":true,"href":"https:\/\/enolife.com.ar\/es\/wp-json\/wp\/v2\/tags?post=54851"}],"curies":[{"name":"wp","href":"https:\/\/api.w.org\/{rel}","templated":true}]}}