{"id":54681,"date":"2022-02-17T00:35:11","date_gmt":"2022-02-17T00:35:11","guid":{"rendered":"http:\/\/enolife.com.ar\/es\/?p=54681"},"modified":"2025-01-05T13:18:04","modified_gmt":"2025-01-05T13:18:04","slug":"europa-sentencio-que-el-vino-no-es-cancerigeno-y-no-exigira-advertencia-en-etiquetas","status":"publish","type":"post","link":"https:\/\/enolife.com.ar\/es\/europa-sentencio-que-el-vino-no-es-cancerigeno-y-no-exigira-advertencia-en-etiquetas\/","title":{"rendered":"Europa sentenci\u00f3 que el vino no es cancer\u00edgeno y no exigir\u00e1 advertencia en etiquetas"},"content":{"rendered":"\n<h4 class=\"wp-block-heading\"><em><strong>El Parlamento Europeo aprob\u00f3 hoy 16 de febrero una serie de enmiendas a su informe sobre la lucha contra el c\u00e1ncer para corroborar la evidencia cient\u00edfica: que el vino tomado con moderaci\u00f3n no es perjudicial para la salud. As\u00ed, se disipa el temor de la industria vitivin\u00edcola europea y  mundial de que en el futuro se obligue a los productores a colocar advertencias en las etiquetas, del tipo de las que aparecen en los paquetes de cigarrillos.<\/strong><\/em><\/h4>\n\n\n\n<div style=\"height:20px\" aria-hidden=\"true\" class=\"wp-block-spacer\"><\/div>\n\n\n\n\n\n<div style=\"height:52px\" aria-hidden=\"true\" class=\"wp-block-spacer\"><\/div>\n\n\n\n<p>En concreto, seg\u00fan la nueva resoluci\u00f3n de la <strong>Uni\u00f3n Europea<\/strong>, el consumo \u00abnocivo\u00bb de alcohol es el que constituye un riesgo de desarrollar esta enfermedad, y no cualquier consumo, como indicaba inicialmente de manera err\u00f3nea el informe.<\/p>\n\n\n\n<p>Por una gran mayor\u00eda con <strong>392 votos a favor<\/strong>, la parte del texto que indicaba que el consumo de alcohol constituye un factor de riesgo para muchos tipos de c\u00e1ncer pasa ahora a referirse a un consumo \u00abnocivo\u00bb de alcohol para evitar equiparar un consumo excesivo a uno moderado.<\/p>\n\n\n\n<div style=\"height:26px\" aria-hidden=\"true\" class=\"wp-block-spacer\"><\/div>\n\n\n<div class=\"wp-block-image\">\n<figure class=\"aligncenter size-large\"><img loading=\"lazy\" decoding=\"async\" width=\"769\" height=\"420\" src=\"https:\/\/enolife.com.ar\/es\/wp-content\/uploads\/2022\/02\/bodega-vino-vinas-dreams.jpg\" alt=\"\" class=\"wp-image-54689\" srcset=\"https:\/\/enolife.com.ar\/es\/wp-content\/uploads\/2022\/02\/bodega-vino-vinas-dreams.jpg 769w, https:\/\/enolife.com.ar\/es\/wp-content\/uploads\/2022\/02\/bodega-vino-vinas-dreams-300x164.jpg 300w, https:\/\/enolife.com.ar\/es\/wp-content\/uploads\/2022\/02\/bodega-vino-vinas-dreams-585x320.jpg 585w\" sizes=\"auto, (max-width: 769px) 100vw, 769px\" \/><figcaption class=\"wp-element-caption\"><strong><em>El vino, consumido en su justa medida, no es nocivo, y mucho menos cancer\u00edgeno. Los eurodiputados debieron admitirlo y la industria vitivin\u00edcola mundial se qued\u00f3 tranquila.<\/em><\/strong><\/figcaption><\/figure><\/div>\n\n\n<div style=\"height:30px\" aria-hidden=\"true\" class=\"wp-block-spacer\"><\/div>\n\n\n\n<p>La mayor\u00eda de los eurodiputados de los pa\u00edses productores de vino votaron a favor de las enmiendas a la declaraci\u00f3n de la UE sobre el alcohol y el c\u00e1ncer. Por ejemplo, la mayor\u00eda de los representantes espa\u00f1oles&nbsp;pidieron introducir la menci\u00f3n al consumo \u00abnocivo\u00bb de alcohol en lugar de advertir sobre cualquier consumo como factor del desarrollo de c\u00e1ncer.<\/p>\n\n\n\n<p>Adem\u00e1s, una gran mayor\u00eda de los eurodiputados franceses e italianos defendieron el consumo moderado de vino, que no ser\u00e1 injustamente equiparado a bebidas destiladas fuertes como whisky, vodka o licores.<\/p>\n\n\n\n<div style=\"height:20px\" aria-hidden=\"true\" class=\"wp-block-spacer\"><\/div>\n\n\n\n<p class=\"has-cyan-bluish-gray-background-color has-background\">El director general de la <strong>Organizaci\u00f3n Internacional de la Vid y el Vino, Pau Roca, le dijo a Enolife en una entrevista exclusiva el 17\/7\/21<\/strong>: \u00ab<em>Lamentablemente, el vino sigue siendo un producto reh\u00e9n de las negociaciones comerciales, y eso no es bueno<\/em>\u00ab. En este caso no parece haber intereses comerciales, pero la figura del vino como reh\u00e9n viene a la mente cuando lo \u00abtratan mal\u00bb, achac\u00e1ndole \u00abculpas\u00bb y efectos \u00abnocivos\u00bb.<\/p>\n\n\n\n<div style=\"height:20px\" aria-hidden=\"true\" class=\"wp-block-spacer\"><\/div>\n\n\n\n<p>Por otro lado, tambi\u00e9n se quit\u00f3 el apoyo a una propuesta para mejorar el etiquetado de las bebidas alcoh\u00f3licas incluyendo advertencias sanitarias catastr\u00f3ficas, y se opt\u00f3 por pedir que se incluya \u00abinformaci\u00f3n sobre el consumo moderado y responsable\u00bb, algo que actualmente ya se encuentra en muchas botellas espa\u00f1olas y del resto de Europa.<\/p>\n\n\n\n<p>De este modo, a partir de ahora no ser\u00e1 el vino un factor de riesgo, sino \u00ab<em>el consumo de tabaco y el consumo nocivo de alcohol, la mala alimentaci\u00f3n, un \u00edndice de masa corporal elevado, un estilo de vida sedentario y la contaminaci\u00f3n ambiental son factores de riesgo comunes a otras enfermedades cr\u00f3nicas;&nbsp;considera, por tanto, que la prevenci\u00f3n del c\u00e1ncer y las medidas de reducci\u00f3n de riesgos deben aplicarse en el contexto de un programa integrado de prevenci\u00f3n de enfermedades cr\u00f3nicas<\/em>\u00ab, tal y como afirma el texto final.<\/p>\n\n\n\n<div style=\"height:20px\" aria-hidden=\"true\" class=\"wp-block-spacer\"><\/div>\n\n\n\n<p class=\"has-small-font-size\"><em><strong>Fuentes: EFE, Vinetur y propias<\/strong><\/em><\/p>\n\n\n\n<div style=\"height:32px\" aria-hidden=\"true\" class=\"wp-block-spacer\"><\/div>\n\n\n\n<p><\/p>\n","protected":false},"excerpt":{"rendered":"<p>El Parlamento Europeo aprob\u00f3 hoy 16 de febrero una serie de enmiendas a su informe&hellip;<\/p>\n","protected":false},"author":3,"featured_media":54691,"comment_status":"open","ping_status":"open","sticky":false,"template":"","format":"standard","meta":{"footnotes":""},"categories":[14],"tags":[],"class_list":["post-54681","post","type-post","status-publish","format-standard","has-post-thumbnail","hentry","category-news"],"_links":{"self":[{"href":"https:\/\/enolife.com.ar\/es\/wp-json\/wp\/v2\/posts\/54681","targetHints":{"allow":["GET"]}}],"collection":[{"href":"https:\/\/enolife.com.ar\/es\/wp-json\/wp\/v2\/posts"}],"about":[{"href":"https:\/\/enolife.com.ar\/es\/wp-json\/wp\/v2\/types\/post"}],"author":[{"embeddable":true,"href":"https:\/\/enolife.com.ar\/es\/wp-json\/wp\/v2\/users\/3"}],"replies":[{"embeddable":true,"href":"https:\/\/enolife.com.ar\/es\/wp-json\/wp\/v2\/comments?post=54681"}],"version-history":[{"count":0,"href":"https:\/\/enolife.com.ar\/es\/wp-json\/wp\/v2\/posts\/54681\/revisions"}],"wp:featuredmedia":[{"embeddable":true,"href":"https:\/\/enolife.com.ar\/es\/wp-json\/wp\/v2\/media\/54691"}],"wp:attachment":[{"href":"https:\/\/enolife.com.ar\/es\/wp-json\/wp\/v2\/media?parent=54681"}],"wp:term":[{"taxonomy":"category","embeddable":true,"href":"https:\/\/enolife.com.ar\/es\/wp-json\/wp\/v2\/categories?post=54681"},{"taxonomy":"post_tag","embeddable":true,"href":"https:\/\/enolife.com.ar\/es\/wp-json\/wp\/v2\/tags?post=54681"}],"curies":[{"name":"wp","href":"https:\/\/api.w.org\/{rel}","templated":true}]}}