{"id":54675,"date":"2022-02-17T00:48:04","date_gmt":"2022-02-17T00:48:04","guid":{"rendered":"http:\/\/enolife.com.ar\/es\/?p=54675"},"modified":"2022-02-17T16:47:35","modified_gmt":"2022-02-17T16:47:35","slug":"el-mitico-rockero-david-lebon-tocara-junto-a-la-filarmonica-en-la-fiesta-de-la-cosecha-el-2-3","status":"publish","type":"post","link":"https:\/\/enolife.com.ar\/es\/el-mitico-rockero-david-lebon-tocara-junto-a-la-filarmonica-en-la-fiesta-de-la-cosecha-el-2-3\/","title":{"rendered":"El m\u00edtico rockero David Leb\u00f3n tocar\u00e1 junto a la Filarm\u00f3nica en la Fiesta de la Cosecha el 2\/3"},"content":{"rendered":"\n<h4 class=\"wp-block-heading\"><em><strong>La ya cl\u00e1sica y cada vez m\u00e1s popular Fiesta que cada a\u00f1o se realiza en el Aeropuerto de Mendoza, ser\u00e1 el escenario para que Leb\u00f3n -quien vivi\u00f3 varios a\u00f1os en esta provincia y toc\u00f3 con bandas locales- se reencuentre con el p\u00fablico mendocino. Ahora, ofrecer\u00e1 un concierto de dise\u00f1o sinf\u00f3nico del que participar\u00e1n tambi\u00e9n Lisandro Aristimu\u00f1o y Mateo Sujatovich junto a destacados artistas locales. El repertorio cuyano estar\u00e1 a cargo de la cantautora mendocina Anal\u00eda Garcetti.<\/strong><\/em><\/h4>\n\n\n\n<div style=\"height:22px\" aria-hidden=\"true\" class=\"wp-block-spacer\"><\/div>\n\n\n<a href=\"https:\/\/enolife.com.ar\/es\/category\/vino\/\" aria-label=\"banner-el-vino-las-une\"><img loading=\"lazy\" decoding=\"async\" src=\"https:\/\/enolife.com.ar\/es\/wp-content\/uploads\/2021\/12\/banner-el-vino-las-une.gif\" alt=\"\"  width=\"1700\" height=\"500\"   \/><\/a>\n\n\n<div style=\"height:42px\" aria-hidden=\"true\" class=\"wp-block-spacer\"><\/div>\n\n\n\n<p>El pr\u00f3ximo 2 de marzo, el predio junto al vi\u00f1edo del Aeropuerto de Mendoza volver\u00e1 a ser escenario de la Fiesta de la Cosecha. La celebraci\u00f3n es organizada por el Fondo Vitivin\u00edcola junto a la Municipalidad de Las Heras y el Gobierno de Mendoza. Acompa\u00f1an, la bodega Estancia Mendoza, encargada del cuidado del vi\u00f1edo, y Aeropuertos Argentina 2000, el anfitri\u00f3n.<\/p>\n\n\n\n<div style=\"height:20px\" aria-hidden=\"true\" class=\"wp-block-spacer\"><\/div>\n\n\n\n<p class=\"has-medium-font-size\"><strong>Un pr\u00f3cer del rock nacional<\/strong><\/p>\n\n\n\n<p>El invitado en esta edici\u00f3n ser\u00e1&nbsp;<strong>David Leb\u00f3n<\/strong>, figura central en el rock nacional, quien compartir\u00e1 versiones sinf\u00f3nicas de sus temas m\u00e1s populares con arreglos compuestos especialmente para esta ocasi\u00f3n por los mendocinos&nbsp;<strong>Joaqu\u00edn Guevara y Juan Emilio Cucchiarelli<\/strong>. <\/p>\n\n\n\n<p>La&nbsp;<strong>Orquesta Filarm\u00f3nica<\/strong>&nbsp;de la provincia actuar\u00e1 bajo la direcci\u00f3n del&nbsp;<strong>Maestro Luis Gorelik<\/strong>&nbsp;y, adem\u00e1s de acompa\u00f1ar a los solistas, abrir\u00e1 la Fiesta con un repertorio cl\u00e1sico que entusiasmar\u00e1 a los amantes de la m\u00fasica sinf\u00f3nica.<\/p>\n\n\n\n<div style=\"height:20px\" aria-hidden=\"true\" class=\"wp-block-spacer\"><\/div>\n\n\n\n<div class=\"wp-block-image\"><figure class=\"aligncenter\"><img decoding=\"async\" src=\"https:\/\/mcusercontent.com\/893404577f149ca331e36a99b\/images\/bd34726d-c6c1-1039-9929-8c0830e041ad.jpg\" alt=\"\"\/><\/figure><\/div>\n\n\n\n<div style=\"height:20px\" aria-hidden=\"true\" class=\"wp-block-spacer\"><\/div>\n\n\n\n<p>Junto a Leb\u00f3n participar\u00e1n tambi\u00e9n&nbsp;<strong>Lisandro Aristimu\u00f1o<\/strong>, quien ya estuvo en este escenario en 2019, y&nbsp;<strong>Mateo Sujatovich<\/strong>, l\u00edder de la banda <strong>Conociendo Rusia <\/strong>y uno de los referentes del nuevo rock nacional. Los mendocinos&nbsp;<strong>Mat\u00edas Gorordo<\/strong>, en percusi\u00f3n, y&nbsp;<strong>Dany \u00c1vila<\/strong>, en bater\u00eda, tambi\u00e9n se subir\u00e1n al escenario para acompa\u00f1ar a Leb\u00f3n.<\/p>\n\n\n\n<p>Para el momento de la cosecha, la cantautora mendocina&nbsp;<strong>Anal\u00eda Garcetti<\/strong>&nbsp;ser\u00e1 la solista del repertorio cuyano, tambi\u00e9n con encuentros y fusi\u00f3n con la orquesta gracias a los arreglos del&nbsp;<strong>Polo Mart\u00ed<\/strong>. Las voces de&nbsp;<strong>Cynthia Lozada<\/strong>&nbsp;y&nbsp;<strong>Celeste Fredes<\/strong>&nbsp;se sumar\u00e1n con gatos y cuecas junto a las cuerdas de<strong>&nbsp;Sebasti\u00e1n Narv\u00e1ez<\/strong>,&nbsp;<strong>Luca Pinto<\/strong>&nbsp;y&nbsp;<strong>Javier Guajardo<\/strong>&nbsp;y la percusi\u00f3n de&nbsp;<strong>Quique \u00d6esch<\/strong>. <\/p>\n\n\n\n<p>En ese momento de la Fiesta, y mientras las reinas vendimiales cosechan las uvas de ese vi\u00f1edo tan singular, los aires cuyanos&nbsp;tomar\u00e1n el escenario de esta celebraci\u00f3n que es la \u00fanica en el calendario donde efectivamente los racimos son cosechados, reeditando la tradici\u00f3n que da origen a la Fiesta de la Vendimia.&nbsp;<\/p>\n\n\n\n<div style=\"height:20px\" aria-hidden=\"true\" class=\"wp-block-spacer\"><\/div>\n\n\n\n<p class=\"has-medium-font-size\"><strong>C\u00f3mo conseguir las entradas<\/strong><\/p>\n\n\n\n<p><strong>Desde el 16 al 20 de febrero se podr\u00e1n reservar las entradas a la Fiesta de la Cosecha de manera virtual, ingresando al sitio del evento:&nbsp;<\/strong><a href=\"https:\/\/elvinonosune.us15.list-manage.com\/track\/click?u=893404577f149ca331e36a99b&amp;id=913b5833f6&amp;e=c8feb6be5f\" target=\"_blank\" rel=\"noreferrer noopener\"><strong>www.fiestadelacosecha.com.ar<\/strong><\/a>. <\/p>\n\n\n\n<p>Hasta el domingo 20 de febrero se podr\u00e1n reservar hasta dos entradas por persona, completando los datos solicitados. La entrada es libre y gratuita y se canjea por donaciones que se destinar\u00e1n a comedores y merenderos de Las Heras. Vale recordar que la \u00faltima edici\u00f3n de la Fiesta de la Cosecha en el Aeropuerto, en 2020, se recaudaron m\u00e1s de 9.200 kilos de alimentos.<br><br><strong>Una vez hecha la reserva virtual de entradas<\/strong>, a partir del martes 22 los inscriptos en la plataforma online podr\u00e1n acercarse a un punto de canje para obtener las entradas f\u00edsicas que le permitir\u00e1n ingresar al evento a cambio de estas opciones para las donaciones:<\/p>\n\n\n\n<ul class=\"wp-block-list\"><li><strong>Bolsa 1 ALIMENTOS<\/strong>: deber\u00e1 contener como m\u00ednimo 1 kilo de harina, 1 kilo de az\u00facar, 1 caja de leche en polvo de 800g;<\/li><li><strong>Bolsa 2 &nbsp;LIMPIEZA E HIGIENE<\/strong>: m\u00ednimo 1 L de lavandina, 1 alcohol en gel de 400cc, 1 paquete de papel higi\u00e9nico x 4 unidades;<\/li><li><strong>Bolsa 3 &nbsp;ESCOLAR<\/strong>: deber\u00e1 contener como m\u00ednimo 1 cuaderno x 100 hojas A4, 1 l\u00e1piz, 1 goma, 1 lapicera.&nbsp;<\/li><\/ul>\n\n\n\n<p><strong>Los Puntos de canje:&nbsp;<\/strong><\/p>\n\n\n\n<ul class=\"wp-block-list\"><li><strong>La Enoteca<\/strong>: Peltier 611, Ciudad de Mendoza. Lunes a domingo (feriados inclusive) de 10 a 16.<\/li><li><strong>Polideportivo Polimeni<\/strong>: Roca 401, Las Heras. Lunes a viernes de 10 a 17.<\/li><li><strong>Informador Tur\u00edstico Las Heras<\/strong>: Av. Champagnat 5539, Las Heras. Lunes a domingo de 9 a 16 (feriados inclusive).<\/li><li><strong>Informador Tur\u00edstico Maip\u00fa<\/strong>: Centro de Informes N\u00ba1 Pescara 190, Maip\u00fa. Lunes a viernes de 9 a 16 (feriados inclusive).<\/li><li><strong>Mediateca Godoy Cruz<\/strong>: Tomba 54, Godoy Cruz. Lunes a viernes de 9 a 17.<\/li><\/ul>\n\n\n\n<p>Cada bolsa-donaci\u00f3n equivale a una entrada y quienes al momento del canje f\u00edsico acrediten su esquema de vacunaci\u00f3n anti Covid-19 completo participar\u00e1n de un sorteo especial, con vinos y vouchers para los eventos en La Enoteca como premios.<\/p>\n\n\n\n<div style=\"height:20px\" aria-hidden=\"true\" class=\"wp-block-spacer\"><\/div>\n\n\n\n<p class=\"has-medium-font-size\"><strong>Patio Malbec para disfrutar la previa<\/strong><\/p>\n\n\n\n<p>La Fiesta de la Cosecha comenzar\u00e1 a las 18 con la habilitaci\u00f3n del Patio Malbec, donde los asistentes podr\u00e1n disfrutar de m\u00fasica en vivo, danzas y las propuestas gastron\u00f3micas de los foodtrucks de <strong>Amegam <\/strong>y los stands de bodegas invitadas. Para disfrutar del atardecer, el DJ&nbsp;<strong>Sim\u00f3n P\u00e9ndola&nbsp;<\/strong>le sumar\u00e1 ritmo a la tarde en el Patio Malbec.<\/p>\n\n\n\n<p>El grupo&nbsp;<strong>Nolocepa<\/strong>&nbsp;pondr\u00e1 la m\u00fasica cuyana en alto para que locales y turistas conozcan m\u00e1s de la m\u00fasica tradicional de nuestra regi\u00f3n y acompa\u00f1en con palmas. Y no faltar\u00e1 el despliegue de los bailarines de los&nbsp;<strong>Elencos Oficiales de Actos de Vendimia<\/strong>, quienes aportar\u00e1n gracia y picard\u00eda a la hora de bailar gatos y cuecas.<\/p>\n\n\n\n<div style=\"height:33px\" aria-hidden=\"true\" class=\"wp-block-spacer\"><\/div>\n\n\n\n<p class=\"has-medium-font-size\"><strong>La Fiesta de la Cosecha 2022 en detalle<\/strong><\/p>\n\n\n\n<ul class=\"wp-block-list\"><li><strong>Cu\u00e1ndo:<\/strong>&nbsp;Mi\u00e9rcoles 2 de marzo.<\/li><li><strong>Patio Malbec<\/strong>: Desde las 18 con Nolocepa, m\u00fasica cuyana, DJ Sim\u00f3n P\u00e9ndola, bailarines de&nbsp; &nbsp;los Elencos Oficiales de Actos de Vendimia, patio de comidas y bodegas.<\/li><li><strong>D\u00f3nde:<\/strong>&nbsp;Vi\u00f1edo del Aeropuerto de Mendoza.<\/li><li><strong>Artistas:&nbsp;<\/strong>David Leb\u00f3n, Lisandro Aristimu\u00f1o, Mateo Sujatovich, Orquesta Filarm\u00f3nica de Mendoza dirigida por el maestro Luis Gorelilk, Anal\u00eda Garcetti, Cynthia Lozada, Celeste Fredes, Sebasti\u00e1n Narv\u00e1ez, Javier Guajardo, Luca Pinto, Mat\u00edas Gorordo, Quique \u00d6esch, Dany \u00c1vila, Joaqu\u00edn Guevara, Juan Emilio Cucchiarelli y Polo Mart\u00ed.<\/li><li><strong>Entradas:<\/strong>&nbsp;en&nbsp;<a href=\"https:\/\/elvinonosune.us15.list-manage.com\/track\/click?u=893404577f149ca331e36a99b&amp;id=f7c6355d54&amp;e=c8feb6be5f\" target=\"_blank\" rel=\"noreferrer noopener\">www.fiestadelacosecha.com.ar<\/a>&nbsp;se realiza la reserva y luego, el canje f\u00edsico en los puntos habilitados.<\/li><li><strong>Donaciones:<\/strong>&nbsp;Alimentos no perecederos, \u00fatiles escolares y elementos de higiene que se destinar\u00e1n a comedores escolares.<\/li><\/ul>\n\n\n\n<p class=\"has-background has-very-light-gray-background-color\"><strong>M\u00e1s informaci\u00f3n: <a href=\"http:\/\/www.fiestadelacosecha.com.ar\">www.fiestadelacosecha.com.ar<\/a><\/strong><\/p>\n\n\n\n<div style=\"height:35px\" aria-hidden=\"true\" class=\"wp-block-spacer\"><\/div>\n","protected":false},"excerpt":{"rendered":"<p>La ya cl\u00e1sica y cada vez m\u00e1s popular Fiesta que cada a\u00f1o se realiza en&hellip;<\/p>\n","protected":false},"author":3,"featured_media":54696,"comment_status":"open","ping_status":"open","sticky":false,"template":"","format":"standard","meta":{"footnotes":""},"categories":[14],"tags":[],"class_list":["post-54675","post","type-post","status-publish","format-standard","has-post-thumbnail","hentry","category-news"],"_links":{"self":[{"href":"https:\/\/enolife.com.ar\/es\/wp-json\/wp\/v2\/posts\/54675","targetHints":{"allow":["GET"]}}],"collection":[{"href":"https:\/\/enolife.com.ar\/es\/wp-json\/wp\/v2\/posts"}],"about":[{"href":"https:\/\/enolife.com.ar\/es\/wp-json\/wp\/v2\/types\/post"}],"author":[{"embeddable":true,"href":"https:\/\/enolife.com.ar\/es\/wp-json\/wp\/v2\/users\/3"}],"replies":[{"embeddable":true,"href":"https:\/\/enolife.com.ar\/es\/wp-json\/wp\/v2\/comments?post=54675"}],"version-history":[{"count":0,"href":"https:\/\/enolife.com.ar\/es\/wp-json\/wp\/v2\/posts\/54675\/revisions"}],"wp:featuredmedia":[{"embeddable":true,"href":"https:\/\/enolife.com.ar\/es\/wp-json\/wp\/v2\/media\/54696"}],"wp:attachment":[{"href":"https:\/\/enolife.com.ar\/es\/wp-json\/wp\/v2\/media?parent=54675"}],"wp:term":[{"taxonomy":"category","embeddable":true,"href":"https:\/\/enolife.com.ar\/es\/wp-json\/wp\/v2\/categories?post=54675"},{"taxonomy":"post_tag","embeddable":true,"href":"https:\/\/enolife.com.ar\/es\/wp-json\/wp\/v2\/tags?post=54675"}],"curies":[{"name":"wp","href":"https:\/\/api.w.org\/{rel}","templated":true}]}}