{"id":54644,"date":"2022-02-16T00:21:42","date_gmt":"2022-02-16T00:21:42","guid":{"rendered":"http:\/\/enolife.com.ar\/es\/?p=54644"},"modified":"2022-02-18T15:08:44","modified_gmt":"2022-02-18T15:08:44","slug":"el-inv-entidades-cientificas-y-productores-estimaron-que-la-cosecha-2022-sera-13-menor-a-la-2021","status":"publish","type":"post","link":"https:\/\/enolife.com.ar\/es\/el-inv-entidades-cientificas-y-productores-estimaron-que-la-cosecha-2022-sera-13-menor-a-la-2021\/","title":{"rendered":"El INV, entidades cient\u00edficas y productores estimaron que la cosecha 2022 ser\u00e1 13% menor a la 2021"},"content":{"rendered":"\n<h4 class=\"wp-block-heading\"><em><strong>Seg\u00fan los t\u00e9cnicos del Instituto Nacional de Vitivinicultura (INV) y de los organismos p\u00fablicos y privados que aportaron sus datos, la producci\u00f3n total 2022 se prev\u00e9 en 19.449.000 quintales, lo que implica una disminuci\u00f3n del 13% respecto de la cosecha 2021, que fue de 22.229.011 quintales. Cabe se\u00f1alar que dicha estimaci\u00f3n tiene una incertidumbre de medici\u00f3n (o \u00abmargen de error\u00bb) de +\/- 5%. El presidente del INV, Mart\u00edn Hinojosa, explic\u00f3 que la disminuci\u00f3n podr\u00eda deberse a las heladas tard\u00edas a comienzos de octubre de 2021 y las granizadas entre diciembre y febrero de 2022.<\/strong><\/em><\/h4>\n\n\n\n<div style=\"height:40px\" aria-hidden=\"true\" class=\"wp-block-spacer\"><\/div>\n\n\n<a href=\"https:\/\/www.linkedin.com\/company\/agrinet-sa\/?originalSubdomain=ar\" aria-label=\"1700X500\"><img loading=\"lazy\" decoding=\"async\" src=\"https:\/\/enolife.com.ar\/es\/wp-content\/uploads\/2021\/11\/1700X500.gif\" alt=\"\"  width=\"1700\" height=\"500\"   \/><\/a>\n\n\n<div style=\"height:41px\" aria-hidden=\"true\" class=\"wp-block-spacer\"><\/div>\n\n\n\n<p>Por segundo a\u00f1o consecutivo, el <strong>Instituto Nacional de Vitivinicultura (INV)<\/strong> present\u00f3 la ahora denominada \u00ab<strong>Estimaci\u00f3n de Producci\u00f3n\u00bb 2022<\/strong> (antes, de manera imprecisa, llamada \u00ab<em>pron\u00f3stico de cosecha<\/em>\u00ab) con una nueva metodolog\u00eda de trabajo conjunto, para prever la producci\u00f3n de uva en Argentina para esta vendimia.<\/p>\n\n\n\n<p>El presidente del Instituto Nacional de Vitivinicultura, <strong>Mart\u00edn Hinojosa<\/strong>, mencion\u00f3 que esta nueva modalidad incorpora en las mediciones datos aportados por organismos p\u00fablicos y entidades privadas de todas las regiones vitivin\u00edcolas del pa\u00eds, como el I<strong>NTA<\/strong>, organismos del sector privado como <strong>Acovi<\/strong>, la <strong>Asociaci\u00f3n de Vi\u00f1ateros de Mendoza<\/strong>, <strong>Aproem<\/strong>, el <strong>Consejo Profesional de Graduados en Enolog\u00eda de Mendoza<\/strong>, <strong>Cambio Rural<\/strong>, los grupos <strong>CREA<\/strong>, el <strong>Centro de En\u00f3logos de San Juan<\/strong>, la <strong>Federaci\u00f3n de Vi\u00f1ateros de San Juan<\/strong>, la <strong>C\u00e1mara Vit\u00edcola de San Juan<\/strong> y la <strong>Cooperativa La Riojana<\/strong>, entre otras.<\/p>\n\n\n\n<p>Asimismo, Hinojosa record\u00f3 que el INV presenta dos informes de estimaci\u00f3n de producci\u00f3n. El primero de ellos, publicado el 1 de febrero, para las provincias de San Juan, La Rioja, Catamarca y Salta, es decir la zona norte. El segundo, corresponde a la zona centro y sur del pa\u00eds, comprende a Mendoza, Neuqu\u00e9n, R\u00edo Negro, La Pampa y Chubut. <\/p>\n\n\n\n<p>\u00ab<em>Esto se debe a que tomamos en consideraci\u00f3n la localizaci\u00f3n de las principales regiones productivas de Argentina<\/em> -aclar\u00f3 Hinojosa-, <em>las cuales determinan distintos momentos de madurez de la uva, por ello se presentan dos informes. Los datos se informan luego del trabajo a campo realizado hasta el 11 de febrero inclusive<\/em>\u00ab.<\/p>\n\n\n\n<div style=\"height:20px\" aria-hidden=\"true\" class=\"wp-block-spacer\"><\/div>\n\n\n\n<p class=\"has-medium-font-size\"><strong>Estimaci\u00f3n de producci\u00f3n para las principales zonas vitivin\u00edcolas del pa\u00eds<\/strong><\/p>\n\n\n\n<p>La producci\u00f3n total 2022 se prev\u00e9 en 19.449.000 quintales, lo que implica una disminuci\u00f3n del 13% respecto de la cosecha 2021, que fuera de 22.229.011 qq. Cabe destacar que dicha estimaci\u00f3n tiene una incertidumbre de medici\u00f3n de +\/- 5%.<\/p>\n\n\n\n<div style=\"height:20px\" aria-hidden=\"true\" class=\"wp-block-spacer\"><\/div>\n\n\n\n<div class=\"wp-block-image\"><figure class=\"aligncenter\"><img decoding=\"async\" src=\"https:\/\/www.argentina.gob.ar\/sites\/default\/files\/estimacion-inv1.png\" alt=\"\"\/><\/figure><\/div>\n\n\n\n<div style=\"height:20px\" aria-hidden=\"true\" class=\"wp-block-spacer\"><\/div>\n\n\n\n<p>El promedio hist\u00f3rico, que abarca desde el a\u00f1o 2012 a 2021, es de 23.262.116 qq. Se puede apreciar un desv\u00edo porcentual sobre el mencionado promedio de -16,4% para la presente temporada.<\/p>\n\n\n\n<div style=\"height:20px\" aria-hidden=\"true\" class=\"wp-block-spacer\"><\/div>\n\n\n\n<div class=\"wp-block-image\"><figure class=\"aligncenter\"><img decoding=\"async\" src=\"https:\/\/www.argentina.gob.ar\/sites\/default\/files\/estimacion-inv2.png\" alt=\"\"\/><\/figure><\/div>\n\n\n\n<div style=\"height:20px\" aria-hidden=\"true\" class=\"wp-block-spacer\"><\/div>\n\n\n\n<p>Asimismo, en el caso de <strong>Mendoza<\/strong> se estima una disminuci\u00f3n del <strong>14% con relaci\u00f3n a la producci\u00f3n 2021<\/strong>. Esta disminuci\u00f3n podr\u00eda haberse dado por las heladas tard\u00edas durante la primera semana de octubre de 2021 y por las distintas tormentas graniceras producidas entre diciembre y febrero de 2022.<\/p>\n\n\n\n<p>Finalmente, Mart\u00edn Hinojosa destac\u00f3 \u00ab<em>la importante y valiosa colaboraci\u00f3n de las entidades participantes, que permiti\u00f3 incrementar considerablemente el dato total de las parcelas evaluadas por los t\u00e9cnicos del INV<\/em>\u00ab.<\/p>\n\n\n\n<div style=\"height:45px\" aria-hidden=\"true\" class=\"wp-block-spacer\"><\/div>\n","protected":false},"excerpt":{"rendered":"<p>Seg\u00fan los t\u00e9cnicos del Instituto Nacional de Vitivinicultura (INV) y de los organismos p\u00fablicos y&hellip;<\/p>\n","protected":false},"author":3,"featured_media":54656,"comment_status":"open","ping_status":"open","sticky":false,"template":"","format":"standard","meta":{"footnotes":""},"categories":[14],"tags":[],"class_list":["post-54644","post","type-post","status-publish","format-standard","has-post-thumbnail","hentry","category-news"],"_links":{"self":[{"href":"https:\/\/enolife.com.ar\/es\/wp-json\/wp\/v2\/posts\/54644","targetHints":{"allow":["GET"]}}],"collection":[{"href":"https:\/\/enolife.com.ar\/es\/wp-json\/wp\/v2\/posts"}],"about":[{"href":"https:\/\/enolife.com.ar\/es\/wp-json\/wp\/v2\/types\/post"}],"author":[{"embeddable":true,"href":"https:\/\/enolife.com.ar\/es\/wp-json\/wp\/v2\/users\/3"}],"replies":[{"embeddable":true,"href":"https:\/\/enolife.com.ar\/es\/wp-json\/wp\/v2\/comments?post=54644"}],"version-history":[{"count":0,"href":"https:\/\/enolife.com.ar\/es\/wp-json\/wp\/v2\/posts\/54644\/revisions"}],"wp:featuredmedia":[{"embeddable":true,"href":"https:\/\/enolife.com.ar\/es\/wp-json\/wp\/v2\/media\/54656"}],"wp:attachment":[{"href":"https:\/\/enolife.com.ar\/es\/wp-json\/wp\/v2\/media?parent=54644"}],"wp:term":[{"taxonomy":"category","embeddable":true,"href":"https:\/\/enolife.com.ar\/es\/wp-json\/wp\/v2\/categories?post=54644"},{"taxonomy":"post_tag","embeddable":true,"href":"https:\/\/enolife.com.ar\/es\/wp-json\/wp\/v2\/tags?post=54644"}],"curies":[{"name":"wp","href":"https:\/\/api.w.org\/{rel}","templated":true}]}}